{"id":65309,"date":"2023-04-19T13:12:00","date_gmt":"2023-04-19T16:12:00","guid":{"rendered":"https:\/\/bluestudio.estadao.com.br\/agencia-de-comunicacao\/prnewswire\/prnewsinternacional\/65309\/alarmtek-lanca-primeiro-sistema-de-abertura-de-cofres-por-reconhecimento-facial-para-bancos\/"},"modified":"2023-04-19T13:12:00","modified_gmt":"2023-04-19T16:12:00","slug":"alarmtek-lanca-primeiro-sistema-de-abertura-de-cofres-por-reconhecimento-facial-para-bancos","status":"publish","type":"post","link":"https:\/\/bluestudio.estadao.com.br\/agencia-de-comunicacao\/prnewswire\/prnewsinternacional\/alarmtek-lanca-primeiro-sistema-de-abertura-de-cofres-por-reconhecimento-facial-para-bancos\/","title":{"rendered":"Alarmtek lan\u00e7a primeiro sistema de abertura de cofres por reconhecimento facial para bancos"},"content":{"rendered":"<p><b>PR NEWSWIRE<\/b><\/p>\n<div class=\"xn-content\">\n<p class=\"prntac\"><i><span>A solu\u00e7\u00e3o integra software, sistema de abertura biom\u00e9trico e destrui\u00e7\u00e3o de c\u00e9dulas<\/span><\/i><\/p>\n<p><span class=\"legendSpanClass\">S\u00c3O PAULO<\/span>, <span class=\"legendSpanClass\">19 de abril de 2023<\/span> <span>\/PRNewswire\/ &#8212; A Alarmtek, especialista no desenvolvimento de sistemas de seguran\u00e7a com videomonitoramento, alarme, gases e geradores de neblina, acaba de lan\u00e7ar o primeiro controle de cofres inteligentes com dispositivo de destrui\u00e7\u00e3o de c\u00e9dula para a autodefesa de valores. A solu\u00e7\u00e3o est\u00e1 integrada aos equipamentos da GAVEA, l\u00edder nacional de fabrica\u00e7\u00e3o de cofres com esta tecnologia. <\/span><\/p>\n<div class=\"PRN_ImbeddedAssetReference\" id=\"DivAssetPlaceHolder3828\">\n<a href=\"https:\/\/mma.prnewswire.com\/media\/2058161\/Prancheta_4.html\" target=\"_blank\" rel=\"nofollow noopener\"><img decoding=\"async\" src=\"https:\/\/mma.prnewswire.com\/media\/2058161\/Prancheta_4.jpg\" title=\"\" alt=\"\" \/><\/a><\/p>\n<\/div>\n<p><span>&#8220;A jun\u00e7\u00e3o da robustez dos cofres da GAVEA com mecanismos \u00fanicos de entintamento e destrui\u00e7\u00e3o de c\u00e9dulas aliados aos controles autom\u00e1ticos, software e sistema de abertura por reconhecimento facial resultou em produto inquestionavelmente sem concorrentes e no mais alto patamar de seguran\u00e7a e autodefesa de valores do mercado&#8221;, comemora o CEO da Alarmtek, Rog\u00e9rio Camargo. <\/span><\/p>\n<p><span>A fechadura eletr\u00f4nica inteligente com biometria facial e senha rand\u00f4mica, Smart Safe ainda conta com tr\u00eas modos de opera\u00e7\u00e3o: rand\u00f4mico, est\u00e1tico ou ambos, al\u00e9m do modo coa\u00e7\u00e3o e p\u00e2nico. Com monitoramento em tempo real dos eventos gerados do cofre, ainda permite a auditoria completa com a identifica\u00e7\u00e3o do usu\u00e1rio com data e hora. O lan\u00e7amento da Alarmtek chega ao mercado com o Gerador de Neblina modelo ATK3000 integrado. <\/span><\/p>\n<p><span>A Smart Safe vai al\u00e9m do uso em cofres, ela ainda poder\u00e1 ser utilizada em ambientes que necessitam de controle de acesso, como galp\u00f5es log\u00edsticos, joalherias, transportadoras de valores.<\/span><\/p>\n<p><b><span>Sobre a<\/span><\/b>\u00a0<span><b><i><span>Alarmtek<\/span><\/i><\/b><\/span>\u00a0<\/p>\n<p><span>H\u00e1 mais de 20 anos a empresa atua em tecnologia de seguran\u00e7a e automa\u00e7\u00e3o. \u00c9 especializada em sistemas aut\u00f4nomos de autodefesa e integra\u00e7\u00f5es de sistemas em plataformas de alta performance com milhares de conex\u00f5es em m\u00faltiplos sites. Mais informa\u00e7\u00f5es:\u00a0<\/span><span><a href=\"http:\/\/alarmtek.com.br\/\" target=\"_blank\" rel=\"nofollow noopener\"><span>http:\/\/alarmtek.com.br\/<\/span><\/a><\/span><\/p>\n<p><span>Foto &#8211; <a href=\"https:\/\/mma.prnewswire.com\/media\/2058161\/Prancheta_4.jpg\" target=\"_blank\" rel=\"nofollow noopener\">https:\/\/mma.prnewswire.com\/media\/2058161\/Prancheta_4.jpg<\/a><\/span><\/p>\n<div class=\"PRN_ImbeddedAssetReference\" id=\"DivAssetPlaceHolder0\"><\/div>\n<p>FONTE  Alarmtek<\/p>\n<\/div>\n<p><img decoding=\"async\" alt=\"\" src=\"https:\/\/rt.prnewswire.com\/rt.gif?NewsItemId=PT75082&amp;Transmission_Id=202304191200PR_NEWS_LATAM____PT75082&amp;DateId=20230419\" style=\"border:0px;width:1px;height:1px\" \/><\/p>\n<p>A <b>OESP<\/b> n\u00e3o \u00e9(s\u00e3o) respons\u00e1vel(is) por erros, incorre\u00e7\u00f5es, atrasos ou quaisquer decis\u00f5es tomadas por seus clientes com base nos Conte\u00fados ora disponibilizados, bem como tais Conte\u00fados n\u00e3o representam a opini\u00e3o da <b>OESP<\/b> e s\u00e3o de inteira responsabilidade da <b>PR Newswire Ltda<\/b><\/p>\n","protected":false},"excerpt":{"rendered":"PR NEWSWIRE A solu\u00e7\u00e3o integra software, sistema de abertura biom\u00e9trico e destrui\u00e7\u00e3o de c\u00e9dulas S\u00c3O PAULO, 19 de abril de 2023 \/PRNewswire\/ &#8212; A Alarmtek, especialista no desenvolvimento de","protected":false},"author":1,"featured_media":65310,"comment_status":"open","ping_status":"closed","sticky":false,"template":"","format":"standard","meta":{"_acf_changed":false,"inline_featured_image":false,"_monsterinsights_skip_tracking":false,"_monsterinsights_sitenote_active":false,"_monsterinsights_sitenote_note":"","_monsterinsights_sitenote_category":0,"footnotes":""},"categories":[31],"tags":[],"class_list":["post-65309","post","type-post","status-publish","format-standard","has-post-thumbnail","hentry","category-prnewsinternacional"],"acf":[],"_links":{"self":[{"href":"https:\/\/bluestudio.estadao.com.br\/agencia-de-comunicacao\/wp-json\/wp\/v2\/posts\/65309","targetHints":{"allow":["GET"]}}],"collection":[{"href":"https:\/\/bluestudio.estadao.com.br\/agencia-de-comunicacao\/wp-json\/wp\/v2\/posts"}],"about":[{"href":"https:\/\/bluestudio.estadao.com.br\/agencia-de-comunicacao\/wp-json\/wp\/v2\/types\/post"}],"author":[{"embeddable":true,"href":"https:\/\/bluestudio.estadao.com.br\/agencia-de-comunicacao\/wp-json\/wp\/v2\/users\/1"}],"replies":[{"embeddable":true,"href":"https:\/\/bluestudio.estadao.com.br\/agencia-de-comunicacao\/wp-json\/wp\/v2\/comments?post=65309"}],"version-history":[{"count":0,"href":"https:\/\/bluestudio.estadao.com.br\/agencia-de-comunicacao\/wp-json\/wp\/v2\/posts\/65309\/revisions"}],"wp:featuredmedia":[{"embeddable":true,"href":"https:\/\/bluestudio.estadao.com.br\/agencia-de-comunicacao\/wp-json\/wp\/v2\/media\/65310"}],"wp:attachment":[{"href":"https:\/\/bluestudio.estadao.com.br\/agencia-de-comunicacao\/wp-json\/wp\/v2\/media?parent=65309"}],"wp:term":[{"taxonomy":"category","embeddable":true,"href":"https:\/\/bluestudio.estadao.com.br\/agencia-de-comunicacao\/wp-json\/wp\/v2\/categories?post=65309"},{"taxonomy":"post_tag","embeddable":true,"href":"https:\/\/bluestudio.estadao.com.br\/agencia-de-comunicacao\/wp-json\/wp\/v2\/tags?post=65309"}],"curies":[{"name":"wp","href":"https:\/\/api.w.org\/{rel}","templated":true}]}}