{"id":65049,"date":"2023-04-13T06:12:00","date_gmt":"2023-04-13T09:12:00","guid":{"rendered":"https:\/\/bluestudio.estadao.com.br\/agencia-de-comunicacao\/prnewswire\/prnewsinternacional\/65049\/popular-mixed-k-pop-group-conhece-kard-o-mundialmente-famoso-dj-alok-e-lanca-o-remix-without-you-no-dia-13\/"},"modified":"2023-04-13T06:12:00","modified_gmt":"2023-04-13T09:12:00","slug":"popular-mixed-k-pop-group-conhece-kard-o-mundialmente-famoso-dj-alok-e-lanca-o-remix-without-you-no-dia-13","status":"publish","type":"post","link":"https:\/\/bluestudio.estadao.com.br\/agencia-de-comunicacao\/prnewswire\/prnewsinternacional\/popular-mixed-k-pop-group-conhece-kard-o-mundialmente-famoso-dj-alok-e-lanca-o-remix-without-you-no-dia-13\/","title":{"rendered":"&#8220;Popular Mixed K-Pop Group&#8221; conhece KARD o mundialmente famoso DJ Alok e lan\u00e7a o remix &#8220;Without You&#8221; no dia 13."},"content":{"rendered":"<p><b>PR NEWSWIRE<\/b><\/p>\n<div class=\"xn-content\">\n<span class=\"legendSpanClass\">SEUL, Coreia do Sul<\/span>, <span class=\"legendSpanClass\">13 de abril de 2023<\/span> <span> \/PRNewswire\/ &#8212; KARD (BM, J.Seph, Somin e Jiwoo) lan\u00e7ar\u00e1 uma vers\u00e3o remix de seu single digital &#8220;Without You&#8221; com DJ Alok em v\u00e1rios sites de m\u00fasica \u00e0s 18h. Hor\u00e1rio da Coreia, em 13 de abril.<\/span><\/p>\n<div class=\"PRN_ImbeddedAssetReference\" id=\"DivAssetPlaceHolder5810\">\n<a href=\"https:\/\/mma.prnewswire.com\/media\/2051721\/1.html\" target=\"_blank\" rel=\"nofollow noopener\"><img decoding=\"async\" src=\"https:\/\/mma.prnewswire.com\/media\/2051721\/1.jpg\" title=\"Alok, foto de Hudson Rennan.\" alt=\"Alok, foto de Hudson Rennan.\" \/><\/a><\/p>\n<\/div>\n<p><span>Alok \u00e9 um DJ reconhecido globalmente que trabalhou com m\u00fasicos famosos, incluindo John Legend, <span class=\"xn-person\">Ed Sheeran<\/span>, <span class=\"xn-person\">Dua Lipa<\/span> e <span class=\"xn-person\">Steve Aoki<\/span>. Ele tamb\u00e9m ficou em quarto lugar entre os 100 melhores DJs da DJ Magazine, a principal revista mundial de m\u00fasica eletr\u00f4nica, por dois anos consecutivos em 2020 e 2021. <\/span><\/p>\n<p><span>De fato, este projeto reuniu artistas de alto n\u00edvel na Am\u00e9rica do Sul atraindo aten\u00e7\u00e3o global. Em outubro passado, KARD participou do Cervantino Festival, o maior festival da Am\u00e9rica do Sul, como representante de bandas de K-Pop e esgotou todos os shows realizados no Brasil, estabelecendo sua popularidade na Am\u00e9rica do Sul. Al\u00e9m disso, uma m\u00fasica de um famoso cantor e compositor brasileiro regravada pelo KARD atraiu a aten\u00e7\u00e3o da comunidade local e internacional nas redes sociais, levando o grupo a aparecer na TV. As expectativas s\u00e3o altas por sua colabora\u00e7\u00e3o com Alok, um DJ brasileiro reconhecido internacionalmente e m\u00fasico que se apresenta em todo o mundo. <\/span><\/p>\n<p><span>Enquanto isso, KARD participou recentemente do programa de sobreviv\u00eancia do DJ &#8220;WET!&#8221; (World EDM Trends!), al\u00e9m de lan\u00e7ar uma nova vers\u00e3o dos grandes sucessos &#8220;Oh NaNa&#8221; e &#8220;Ring The Alarm&#8221; reinterpretados no estilo de DJ ASTER e JERIDE (uma dupla de produtores de EDM ativa internacionalmente). Colaborando com DJs de topo para apresentar os encantos \u00fanicos dos remixes, KARD tamb\u00e9m est\u00e1 chamando a aten\u00e7\u00e3o para sua nova m\u00fasica com Alok. Uma vers\u00e3o remix de &#8220;Without You&#8221; ser\u00e1 lan\u00e7ada em v\u00e1rios sites de m\u00fasica \u00e0s 6h. (hor\u00e1rio da Coreia) de 13 de abril.<\/span><\/p>\n<div class=\"PRN_ImbeddedAssetReference\" id=\"DivAssetPlaceHolder3734\">\n<a href=\"https:\/\/mma.prnewswire.com\/media\/2051722\/2.html\" target=\"_blank\" rel=\"nofollow noopener\"><img decoding=\"async\" src=\"https:\/\/mma.prnewswire.com\/media\/2051722\/2.jpg\" title=\"Alok, foto de @rudgrcom na Tomorrowland, B\u00e9lgica\" alt=\"Alok, foto de @rudgrcom na Tomorrowland, B\u00e9lgica\" \/><\/a><\/p>\n<\/div>\n<p><span>\u00a0<\/span><\/p>\n<div class=\"PRN_ImbeddedAssetReference\" id=\"DivAssetPlaceHolder9352\">\n<a href=\"https:\/\/mma.prnewswire.com\/media\/2051723\/3.html\" target=\"_blank\" rel=\"nofollow noopener\"><img decoding=\"async\" src=\"https:\/\/mma.prnewswire.com\/media\/2051723\/3.jpg\" title=\"KARD, foto da DSP Media\" alt=\"KARD, foto da DSP Media\" \/><\/a><\/p>\n<\/div>\n<p><span>Foto &#8211;\u00a0<\/span><a href=\"https:\/\/mma.prnewswire.com\/media\/2051721\/1.jpg\" target=\"_blank\" rel=\"nofollow noopener\">https:\/\/mma.prnewswire.com\/media\/2051721\/1.jpg<\/a><br \/><span>Foto &#8211; <\/span><a href=\"https:\/\/mma.prnewswire.com\/media\/2051722\/2.jpg\" target=\"_blank\" rel=\"nofollow noopener\">https:\/\/mma.prnewswire.com\/media\/2051722\/2.jpg<\/a><br \/><span>Foto &#8211; <\/span><a href=\"https:\/\/mma.prnewswire.com\/media\/2051723\/3.jpg\" target=\"_blank\" rel=\"nofollow noopener\">https:\/\/mma.prnewswire.com\/media\/2051723\/3.jpg<\/a><\/p>\n<p>\u00a0<\/p>\n<div class=\"PRN_ImbeddedAssetReference\" id=\"DivAssetPlaceHolder0\"><\/div>\n<p>FONTE  DSP Media<\/p>\n<\/div>\n<p><img decoding=\"async\" alt=\"\" src=\"https:\/\/rt.prnewswire.com\/rt.gif?NewsItemId=PT66835&amp;Transmission_Id=202304130500PR_NEWS_LATAM____PT66835&amp;DateId=20230413\" style=\"border:0px;width:1px;height:1px\" \/><\/p>\n<p>A <b>OESP<\/b> n\u00e3o \u00e9(s\u00e3o) respons\u00e1vel(is) por erros, incorre\u00e7\u00f5es, atrasos ou quaisquer decis\u00f5es tomadas por seus clientes com base nos Conte\u00fados ora disponibilizados, bem como tais Conte\u00fados n\u00e3o representam a opini\u00e3o da <b>OESP<\/b> e s\u00e3o de inteira responsabilidade da <b>PR Newswire Ltda<\/b><\/p>\n","protected":false},"excerpt":{"rendered":"PR NEWSWIRE SEUL, Coreia do Sul, 13 de abril de 2023 \/PRNewswire\/ &#8212; KARD (BM, J.Seph, Somin e Jiwoo) lan\u00e7ar\u00e1 uma vers\u00e3o remix de seu single digital &#8220;Without You&#8221; com DJ Alok em","protected":false},"author":1,"featured_media":65050,"comment_status":"open","ping_status":"closed","sticky":false,"template":"","format":"standard","meta":{"_acf_changed":false,"inline_featured_image":false,"_monsterinsights_skip_tracking":false,"_monsterinsights_sitenote_active":false,"_monsterinsights_sitenote_note":"","_monsterinsights_sitenote_category":0,"footnotes":""},"categories":[31],"tags":[],"class_list":["post-65049","post","type-post","status-publish","format-standard","has-post-thumbnail","hentry","category-prnewsinternacional"],"acf":[],"_links":{"self":[{"href":"https:\/\/bluestudio.estadao.com.br\/agencia-de-comunicacao\/wp-json\/wp\/v2\/posts\/65049","targetHints":{"allow":["GET"]}}],"collection":[{"href":"https:\/\/bluestudio.estadao.com.br\/agencia-de-comunicacao\/wp-json\/wp\/v2\/posts"}],"about":[{"href":"https:\/\/bluestudio.estadao.com.br\/agencia-de-comunicacao\/wp-json\/wp\/v2\/types\/post"}],"author":[{"embeddable":true,"href":"https:\/\/bluestudio.estadao.com.br\/agencia-de-comunicacao\/wp-json\/wp\/v2\/users\/1"}],"replies":[{"embeddable":true,"href":"https:\/\/bluestudio.estadao.com.br\/agencia-de-comunicacao\/wp-json\/wp\/v2\/comments?post=65049"}],"version-history":[{"count":0,"href":"https:\/\/bluestudio.estadao.com.br\/agencia-de-comunicacao\/wp-json\/wp\/v2\/posts\/65049\/revisions"}],"wp:featuredmedia":[{"embeddable":true,"href":"https:\/\/bluestudio.estadao.com.br\/agencia-de-comunicacao\/wp-json\/wp\/v2\/media\/65050"}],"wp:attachment":[{"href":"https:\/\/bluestudio.estadao.com.br\/agencia-de-comunicacao\/wp-json\/wp\/v2\/media?parent=65049"}],"wp:term":[{"taxonomy":"category","embeddable":true,"href":"https:\/\/bluestudio.estadao.com.br\/agencia-de-comunicacao\/wp-json\/wp\/v2\/categories?post=65049"},{"taxonomy":"post_tag","embeddable":true,"href":"https:\/\/bluestudio.estadao.com.br\/agencia-de-comunicacao\/wp-json\/wp\/v2\/tags?post=65049"}],"curies":[{"name":"wp","href":"https:\/\/api.w.org\/{rel}","templated":true}]}}