{"id":64818,"date":"2023-04-03T19:43:00","date_gmt":"2023-04-03T22:43:00","guid":{"rendered":"https:\/\/bluestudio.estadao.com.br\/agencia-de-comunicacao\/prnewswire\/prnewsinternacional\/64818\/fabio-teruel-e-apontado-como-o-segundo-deputado-federal-mais-influente-nas-midias-sociais-do-brasil\/"},"modified":"2023-04-03T19:43:00","modified_gmt":"2023-04-03T22:43:00","slug":"fabio-teruel-e-apontado-como-o-segundo-deputado-federal-mais-influente-nas-midias-sociais-do-brasil","status":"publish","type":"post","link":"https:\/\/bluestudio.estadao.com.br\/agencia-de-comunicacao\/prnewswire\/prnewsinternacional\/fabio-teruel-e-apontado-como-o-segundo-deputado-federal-mais-influente-nas-midias-sociais-do-brasil\/","title":{"rendered":"F\u00e1bio Teruel \u00e9 apontado como o segundo deputado federal mais influente nas m\u00eddias sociais do Brasil"},"content":{"rendered":"<p><b>PR NEWSWIRE<\/b><\/p>\n<div class=\"xn-content\">\n<span class=\"legendSpanClass\">S\u00c3O PAULO\u00a0<\/span>, <span class=\"legendSpanClass\">3 de abril de 2023<\/span> \/PRNewswire\/ &#8212; Pesquisa feita pela consultoria Genial\/ Quaest apontou a lista dos atuais parlamentares mais influentes nas m\u00eddias sociais. A pesquisa analisou as redes dos deputados e senadores e apontou o ranking dos dez mais influentes de cada casa ? C\u00e2mara dos Deputados e Senado Federal.<\/p>\n<div class=\"PRN_ImbeddedAssetReference\" id=\"DivAssetPlaceHolder1\">\n<a href=\"https:\/\/mma.prnewswire.com\/media\/2046934\/Picture1.html\" target=\"_blank\" rel=\"nofollow noopener\">  <img decoding=\"async\" src=\"https:\/\/mma.prnewswire.com\/media\/2046934\/Picture1.jpg\" title=\"Deputado federal F\u00e1bio Teruel, o segundo mais influente nas redes\" alt=\"Deputado federal F\u00e1bio Teruel, o segundo mais influente nas redes\" \/><\/a>\n <\/p>\n<\/p><\/div>\n<p>Na lista publicada pela consultoria, F\u00e1bio Teruel, que est\u00e1 em seu primeiro mandato, foi apontado como o segundo deputado federal mais influente nas m\u00eddias sociais do Brasil.<\/p>\n<p>O estudo avaliou o desempenho dos parlamentares nas principais plataformas, como Facebook, Instagram, Twitter e Youtube, Google e Wikip\u00e9dia, analisando a presen\u00e7a, atividade e engajamento online. A pesquisa analisou o \u00cdndice de Popularidade Digital (IPD), que mede a relev\u00e2ncia virtual dos parlamentares, que \u00e9 constitu\u00eddo a partir de 152 vari\u00e1veis, como seguidores, curtidas, coment\u00e1rios, compartilhamentos e buscas, coletados nas plataformas digitais. No indicador, que vai de 0 a 100, o deputado F\u00e1bio Teruel teve \u00edndice de 47 (quarenta e sete), apenas seis a menos do que o primeiro colocado.<\/p>\n<p>O parlamentar mostrou-se muito satisfeito com o resultado da pesquisa e refor\u00e7ou seu compromisso: &#8220;Fico muito honrado em ser reconhecido como um dos parlamentares mais influentes nas redes sociais. Isso s\u00f3 refor\u00e7a a minha determina\u00e7\u00e3o em seguir trabalhando com \u00e9tica, transpar\u00eancia e comprometimento para atender as demandas da popula\u00e7\u00e3o e lutar pelos interesses do pa\u00eds&#8221;, afirmou F\u00e1bio Teruel.<\/p>\n<p>Foto &#8211;\u00a0<a href=\"https:\/\/mma.prnewswire.com\/media\/2046934\/Picture1.jpg\" target=\"_blank\" rel=\"nofollow noopener\">https:\/\/mma.prnewswire.com\/media\/2046934\/Picture1.jpg<\/a><\/p>\n<div class=\"PRN_ImbeddedAssetReference\" id=\"DivAssetPlaceHolder2\"><\/div>\n<p>FONTE  Deputado F\u00e1bio Teruel<\/p>\n<\/div>\n<p><img decoding=\"async\" alt=\"\" src=\"https:\/\/rt.prnewswire.com\/rt.gif?NewsItemId=PT60811&amp;Transmission_Id=202304031830PR_NEWS_LATAM____PT60811&amp;DateId=20230403\" style=\"border:0px;width:1px;height:1px\" \/><\/p>\n<p>A <b>OESP<\/b> nao e(sao) responsavel(is) por erros, incorrecoes, atrasos ou quaisquer decisoes tomadas por seus clientes com base nos Conteudos ora disponibilizados, bem como tais Conteudos nao representam a opiniao da <b>OESP<\/b> e sao de inteira responsabilidade da <b>PR Newswire Ltda<\/b><\/p>\n","protected":false},"excerpt":{"rendered":"PR NEWSWIRE S\u00c3O PAULO\u00a0, 3 de abril de 2023 \/PRNewswire\/ &#8212; Pesquisa feita pela consultoria Genial\/ Quaest apontou a lista dos atuais parlamentares mais influentes nas m\u00eddias sociais. A","protected":false},"author":1,"featured_media":64819,"comment_status":"open","ping_status":"closed","sticky":false,"template":"","format":"standard","meta":{"_acf_changed":false,"inline_featured_image":false,"_monsterinsights_skip_tracking":false,"_monsterinsights_sitenote_active":false,"_monsterinsights_sitenote_note":"","_monsterinsights_sitenote_category":0,"footnotes":""},"categories":[31],"tags":[],"class_list":["post-64818","post","type-post","status-publish","format-standard","has-post-thumbnail","hentry","category-prnewsinternacional"],"acf":[],"_links":{"self":[{"href":"https:\/\/bluestudio.estadao.com.br\/agencia-de-comunicacao\/wp-json\/wp\/v2\/posts\/64818","targetHints":{"allow":["GET"]}}],"collection":[{"href":"https:\/\/bluestudio.estadao.com.br\/agencia-de-comunicacao\/wp-json\/wp\/v2\/posts"}],"about":[{"href":"https:\/\/bluestudio.estadao.com.br\/agencia-de-comunicacao\/wp-json\/wp\/v2\/types\/post"}],"author":[{"embeddable":true,"href":"https:\/\/bluestudio.estadao.com.br\/agencia-de-comunicacao\/wp-json\/wp\/v2\/users\/1"}],"replies":[{"embeddable":true,"href":"https:\/\/bluestudio.estadao.com.br\/agencia-de-comunicacao\/wp-json\/wp\/v2\/comments?post=64818"}],"version-history":[{"count":0,"href":"https:\/\/bluestudio.estadao.com.br\/agencia-de-comunicacao\/wp-json\/wp\/v2\/posts\/64818\/revisions"}],"wp:featuredmedia":[{"embeddable":true,"href":"https:\/\/bluestudio.estadao.com.br\/agencia-de-comunicacao\/wp-json\/wp\/v2\/media\/64819"}],"wp:attachment":[{"href":"https:\/\/bluestudio.estadao.com.br\/agencia-de-comunicacao\/wp-json\/wp\/v2\/media?parent=64818"}],"wp:term":[{"taxonomy":"category","embeddable":true,"href":"https:\/\/bluestudio.estadao.com.br\/agencia-de-comunicacao\/wp-json\/wp\/v2\/categories?post=64818"},{"taxonomy":"post_tag","embeddable":true,"href":"https:\/\/bluestudio.estadao.com.br\/agencia-de-comunicacao\/wp-json\/wp\/v2\/tags?post=64818"}],"curies":[{"name":"wp","href":"https:\/\/api.w.org\/{rel}","templated":true}]}}