{"id":64764,"date":"2023-03-31T14:27:00","date_gmt":"2023-03-31T17:27:00","guid":{"rendered":"https:\/\/bluestudio.estadao.com.br\/agencia-de-comunicacao\/prnewswire\/prnewsinternacional\/64764\/poeta-marcelo-girard-lanca-nao-vou-ao-meu-enterro-seu-quinto-livro\/"},"modified":"2023-03-31T14:27:00","modified_gmt":"2023-03-31T17:27:00","slug":"poeta-marcelo-girard-lanca-nao-vou-ao-meu-enterro-seu-quinto-livro","status":"publish","type":"post","link":"https:\/\/bluestudio.estadao.com.br\/agencia-de-comunicacao\/prnewswire\/prnewsinternacional\/poeta-marcelo-girard-lanca-nao-vou-ao-meu-enterro-seu-quinto-livro\/","title":{"rendered":"POETA MARCELO GIRARD LAN\u00c7A &#8220;N\u00c3O VOU AO MEU ENTERRO&#8221;, SEU QUINTO LIVRO"},"content":{"rendered":"<p><b>PR NEWSWIRE<\/b><\/p>\n<div class=\"xn-content\">\n<span class=\"legendSpanClass\"><span class=\"xn-location\">RIO DE JANEIRO<\/span> \u00a0<\/span>, <span class=\"legendSpanClass\">31 de mar\u00e7o de 2023<\/span> <span>\/PRNewswire\/ &#8212; O livro \u00e9 uma compila\u00e7\u00e3o de cinquenta poemas dos \u00faltimos quatro livros do autor e alguns poemas in\u00e9ditos e mais seis poemas que foram publicados pela Revista Liter\u00e1ria Brasileira n\u00ba.106 da Academia Brasileira de Letras (ABL). E alguns poemas do livro foram interpretados por grandes atores e atrizes e est\u00e3o dispon\u00edveis em v\u00eddeo na internet.<\/span><\/p>\n<div class=\"PRN_ImbeddedAssetReference\" id=\"DivAssetPlaceHolder5314\">\n<a href=\"https:\/\/mma.prnewswire.com\/media\/2045550\/Poeta_Marcelo_Girard___Foto_agencia_rede.html\" target=\"_blank\" rel=\"nofollow noopener\"><img decoding=\"async\" src=\"https:\/\/mma.prnewswire.com\/media\/2045550\/Poeta_Marcelo_Girard___Foto_agencia_rede.jpg\" title=\"\" alt=\"\" \/><\/a><\/p>\n<\/div>\n<p><span>O poeta em mais de 30 anos de carreira acredita que a poesia est\u00e1 cada vez mais pr\u00f3xima do mundo atual onde tudo \u00e9 r\u00e1pido e veloz. E onde textos curtos e mais eficientes s\u00e3o cada vez mais aceitos e este cen\u00e1rio, segundo o poeta, \u00e9 perfeito para este g\u00eanero liter\u00e1rio.<\/span><\/p>\n<p><span>&#8220;Fiquei com muitos poemas acumulados pois\u00a0 geralmente entre um livro e outro demoro de oito a dez anos e estou tentando encurtar esse prazo. Pretendo lan\u00e7ar o pr\u00f3ximo livro de poemas totalmente in\u00e9dito ainda este ano.&#8221; &#8211; Diz o autor<\/span><\/p>\n<p><b><span>SOBRE O AUTOR<\/span><\/b><\/p>\n<p><span><span class=\"xn-person\">Marcelo Girard<\/span>, poeta e compositor carioca, tem uma carreira de trinta anos na literatura e na m\u00fasica. Com apenas dezesseis anos, em 1990, lan\u00e7ou seu primeiro livro de poesia, intitulado &#8220;O Dente Cariado De Cristo&#8221;, que causou pol\u00eamica na \u00e9poca. Desde ent\u00e3o, publicou outros livros, incluindo &#8220;Raiv\u00f3dio &#8211; Poesia Mix&#8221; (1999), &#8220;O Perfume do \u00c1tomo&#8221; (2005), com pref\u00e1cio do cr\u00edtico liter\u00e1rio do jornal O Globo, Andr\u00e9 Lu\u00eds Mansur, e &#8220;Dubl\u00ea De Figurante&#8221; (2016), lan\u00e7ado em plataformas digitais.<\/span><\/p>\n<p><span>Girard \u00e9 um lutador na promo\u00e7\u00e3o da poesia e da literatura no Brasil, sendo o criador da primeira r\u00e1dio dedicada a esse g\u00eanero no pa\u00eds, fundada em 2007 e que funcionou at\u00e9 2020. Al\u00e9m disso, ele \u00e9 editor-chefe da Revista Literatura, bem como de jornais e revistas online no Brasil.<\/span><\/p>\n<p><span>Ao longo dos anos, Girard teve a oportunidade de participar de colet\u00e2neas com autores famosos, como Ferreira Gullar, <span class=\"xn-person\">Olga Savary<\/span> e o imortal Ant\u00f4nio Carlos Secchin. Ele tamb\u00e9m participou de diversos eventos, feiras liter\u00e1rias e exposi\u00e7\u00f5es, consolidando sua posi\u00e7\u00e3o como um importante nome na cena liter\u00e1ria brasileira.<\/span><\/p>\n<p><span>O livro de Girard, que agora est\u00e1 em sua segunda edi\u00e7\u00e3o, recebeu o t\u00edtulo de seu poema mais famoso, aclamado tanto no Brasil quanto no exterior. O poema, que d\u00e1 nome ao livro, \u00e9 o seguinte:<\/span><\/p>\n<p><b><span>? N\u00c3O VOU AO MEU ENTERRO ?<\/span><\/b><\/p>\n<p><span>Para evitar o cheiro das flores<br \/><\/span><span>O choro do meu inimigo<br \/><\/span><span>O encontro de meus dois amores<br \/><\/span><span>As roupas apertadas<\/span><\/p>\n<p><span>Parede de madeira envernizada<br \/><\/span><span>O sono silencioso dos sonhos<br \/><\/span><span>A maquiagem fora de moda\u00a0<br \/><\/span><span>Rabec\u00e3o correndo sem cuidado<br \/><\/span><span>Pertences pelo coveiro roubados<\/span><\/p>\n<p><span>Eu virar santo\u00a0<br \/><\/span><span>Qualquer um da aut\u00f3psia\u00a0<br \/><\/span><span>Desnudar o manto<br \/><\/span><span>Um padre desconhecido<br \/><\/span><span>A missa comprada<br \/><\/span><span>Uma reza obrigada<br \/><\/span><span>E em vida me lembrar<br \/><\/span><span>Que n\u00e3o fui nada.<\/span><\/p>\n<p><span>fale com autor:\u00a0 \u00a0<br \/><\/span><a href=\"mailto:celogirard@gmail.com\" target=\"_blank\" rel=\"nofollow noopener\"><span>celogirard@gmail.com<\/span><\/a> \u00a0<br \/><a href=\"https:\/\/www.youtube.com\/watch?v=odqDJBjZHFQ\" target=\"_blank\" rel=\"nofollow noopener\"><span>https:\/\/www.youtube.com\/watch?v=odqDJBjZHFQ<\/span><\/a> \u00a0<br \/><a href=\"http:\/\/marcelogirard.com\/\" target=\"_blank\" rel=\"nofollow noopener\"><span>http:\/\/marcelogirard.com\/<\/span><\/a>\u00a0<br \/><span>instagram: <\/span><a href=\"https:\/\/www.instagram.com\/marcelogirardcom\/\" target=\"_blank\" rel=\"nofollow noopener\"><span>https:\/\/www.instagram.com\/marcelogirardcom\/<\/span><\/a><\/p>\n<p><b><span>BIBLIOGRAFIA MARCELO GIRARD \u00a0<br \/><\/span><\/b><span>1990 &#8211; O Dente Cariado de Cristo\u00a0<br \/><\/span><span>1999 &#8211; Ra\u00edv\u00f3dio &#8211; Poesia Mix \u00a0<br \/><\/span><span>2005 &#8211; O Perfume do \u00c1tomo\u00a0<br \/><\/span><span>2016 &#8211; Dubl\u00ea de Figurante<\/span><\/p>\n<p><span>Foto &#8211; <a href=\"https:\/\/mma.prnewswire.com\/media\/2045550\/Poeta_Marcelo_Girard___Foto_agencia_rede.jpg\" target=\"_blank\" rel=\"nofollow noopener\">https:\/\/mma.prnewswire.com\/media\/2045550\/Poeta_Marcelo_Girard___Foto_agencia_rede.jpg<\/a><\/span><\/p>\n<p>\u00a0<\/p>\n<div class=\"PRN_ImbeddedAssetReference\" id=\"DivAssetPlaceHolder0\"><\/div>\n<p>FONTE  Marcelo Girard<\/p>\n<\/div>\n<p><img decoding=\"async\" alt=\"\" src=\"https:\/\/rt.prnewswire.com\/rt.gif?NewsItemId=PT58916&amp;Transmission_Id=202303311316PR_NEWS_LATAM____PT58916&amp;DateId=20230331\" style=\"border:0px;width:1px;height:1px\" \/><\/p>\n<p>A <b>OESP<\/b> nao e(sao) responsavel(is) por erros, incorrecoes, atrasos ou quaisquer decisoes tomadas por seus clientes com base nos Conteudos ora disponibilizados, bem como tais Conteudos nao representam a opiniao da <b>OESP<\/b> e sao de inteira responsabilidade da <b>PR Newswire Ltda<\/b><\/p>\n","protected":false},"excerpt":{"rendered":"PR NEWSWIRE RIO DE JANEIRO \u00a0, 31 de mar\u00e7o de 2023 \/PRNewswire\/ &#8212; O livro \u00e9 uma compila\u00e7\u00e3o de cinquenta poemas dos \u00faltimos quatro livros do autor e alguns poemas in\u00e9ditos e mais seis","protected":false},"author":1,"featured_media":64765,"comment_status":"open","ping_status":"closed","sticky":false,"template":"","format":"standard","meta":{"_acf_changed":false,"inline_featured_image":false,"_monsterinsights_skip_tracking":false,"_monsterinsights_sitenote_active":false,"_monsterinsights_sitenote_note":"","_monsterinsights_sitenote_category":0,"footnotes":""},"categories":[31],"tags":[],"class_list":["post-64764","post","type-post","status-publish","format-standard","has-post-thumbnail","hentry","category-prnewsinternacional"],"acf":[],"_links":{"self":[{"href":"https:\/\/bluestudio.estadao.com.br\/agencia-de-comunicacao\/wp-json\/wp\/v2\/posts\/64764","targetHints":{"allow":["GET"]}}],"collection":[{"href":"https:\/\/bluestudio.estadao.com.br\/agencia-de-comunicacao\/wp-json\/wp\/v2\/posts"}],"about":[{"href":"https:\/\/bluestudio.estadao.com.br\/agencia-de-comunicacao\/wp-json\/wp\/v2\/types\/post"}],"author":[{"embeddable":true,"href":"https:\/\/bluestudio.estadao.com.br\/agencia-de-comunicacao\/wp-json\/wp\/v2\/users\/1"}],"replies":[{"embeddable":true,"href":"https:\/\/bluestudio.estadao.com.br\/agencia-de-comunicacao\/wp-json\/wp\/v2\/comments?post=64764"}],"version-history":[{"count":0,"href":"https:\/\/bluestudio.estadao.com.br\/agencia-de-comunicacao\/wp-json\/wp\/v2\/posts\/64764\/revisions"}],"wp:featuredmedia":[{"embeddable":true,"href":"https:\/\/bluestudio.estadao.com.br\/agencia-de-comunicacao\/wp-json\/wp\/v2\/media\/64765"}],"wp:attachment":[{"href":"https:\/\/bluestudio.estadao.com.br\/agencia-de-comunicacao\/wp-json\/wp\/v2\/media?parent=64764"}],"wp:term":[{"taxonomy":"category","embeddable":true,"href":"https:\/\/bluestudio.estadao.com.br\/agencia-de-comunicacao\/wp-json\/wp\/v2\/categories?post=64764"},{"taxonomy":"post_tag","embeddable":true,"href":"https:\/\/bluestudio.estadao.com.br\/agencia-de-comunicacao\/wp-json\/wp\/v2\/tags?post=64764"}],"curies":[{"name":"wp","href":"https:\/\/api.w.org\/{rel}","templated":true}]}}