{"id":64644,"date":"2023-03-28T19:58:00","date_gmt":"2023-03-28T22:58:00","guid":{"rendered":"https:\/\/bluestudio.estadao.com.br\/agencia-de-comunicacao\/prnewswire\/prnewsinternacional\/64644\/mais-uma-edicao-da-sp-arte-a-maior-feira-de-arte-da-america-latina-luca-benites-estara-expondo-3-obras\/"},"modified":"2023-03-28T19:58:00","modified_gmt":"2023-03-28T22:58:00","slug":"mais-uma-edicao-da-sp-arte-a-maior-feira-de-arte-da-america-latina-luca-benites-estara-expondo-3-obras","status":"publish","type":"post","link":"https:\/\/bluestudio.estadao.com.br\/agencia-de-comunicacao\/prnewswire\/prnewsinternacional\/mais-uma-edicao-da-sp-arte-a-maior-feira-de-arte-da-america-latina-luca-benites-estara-expondo-3-obras\/","title":{"rendered":"Mais uma edi\u00e7\u00e3o da SP-Arte, a maior feira de arte da Am\u00e9rica Latina: Luca Benites estar\u00e1 expondo 3 obras"},"content":{"rendered":"<p><b>PR NEWSWIRE<\/b><\/p>\n<div class=\"xn-content\">\n<span class=\"legendSpanClass\">S\u00c3O PAULO<\/span>, <span class=\"legendSpanClass\">28 de mar\u00e7o de 2023<\/span> \/PRNewswire\/ &#8212;\u00a0A SP-Arte, Feira Internacional de Arte de S\u00e3o Paulo, considerada a maior feira de arte e design da Am\u00e9rica Latina, acontece entre os dias 29 de mar\u00e7o e 2 de abril no Pavilh\u00e3o da Bienal, em S\u00e3o Paulo. Cerca de 30 mil pessoas visitam a feira durante os 5 dias em que \u00e9 realizada, sendo o dia 29 de mar\u00e7o exclusivo para convidados VIP&#8217;s.\u00a0 A Dan Contempor\u00e2nea e a <span class=\"xn-person\">Dan Galeria<\/span> estar\u00e3o presentes no Pavilh\u00e3o da Bienal com um stand onde ir\u00e3o coexistir obras de artistas modernos e contempor\u00e2neos. Tamb\u00e9m contar\u00e1 com uma instala\u00e7\u00e3o de <span class=\"xn-person\">Jesus Rafael Soto<\/span> na sala VIP da feira com sua obra chamada Penetr\u00e1vel. Nesta edi\u00e7\u00e3o da SP-Arte, varios artistas da galeria estar\u00e3o mostrando seus trabalhos mais recentes. <span class=\"xn-person\">Luca Benites<\/span>, por exemplo, estar\u00e1 expondo 3 obras: 2 delas da S\u00e9rie &#8220;2023&#8221;, obras produzidas com espelhos, estrutura met\u00e1lica e formatos geom\u00e9tricos e a escultura &#8220;<span class=\"xn-person\">Minha Moeda<\/span>&#8220;.<\/p>\n<div class=\"PRN_ImbeddedAssetReference\" id=\"DivAssetPlaceHolder1\">\n<a href=\"https:\/\/mma.prnewswire.com\/media\/2041677\/moeda.html\" target=\"_blank\" rel=\"nofollow noopener\">  <img decoding=\"async\" src=\"https:\/\/mma.prnewswire.com\/media\/2041677\/moeda.jpg\" title=\"\" alt=\"\" \/><\/a>\n <\/p>\n<\/p><\/div>\n<p>Al\u00e9m destas obras, o artista selecionou 6 exemplares exclusivos para o lan\u00e7amento oficial da sua mais recente e in\u00e9dita cole\u00e7\u00e3o de j\u00f3ias, em parceria com Adri Senger Joalheria. Sua primeira cole\u00e7\u00e3o de j\u00f3ias \u00e9 intitulada com nome de &#8220;Gaia&#8221;, que faz refer\u00eancia a deusa da Terra. Gaia transmite o sentimento pessoal do artista ao retornar e estabelecer moradia em sua terra natal depois de 32 anos. Tamb\u00e9m estar\u00e3o na feira artistas reconhecidos como <span class=\"xn-person\">Denise Milan<\/span>, <span class=\"xn-person\">Manoel Veiga<\/span>, Jos\u00e9 Spaniol, entre outros.<\/p>\n<p>Com mais de 20 anos no cen\u00e1rio das artes, <span class=\"xn-person\">Luca Benites<\/span> j\u00e1 exp\u00f4s suas obras em importantes galerias, centros de arte, feiras e alguns museus mundo afora. Ganhou repercuss\u00e3o internacional com o projeto Fogo, uma performance art\u00edstica de 2017, na \u00c1ustria, quando queimou 298 obras, entre quadros e esculturas. Trabalhou como arquiteto, foi professor universit\u00e1rio de arquitetura, produtor do pavilh\u00e3o da Bienal de Veneza, diretor de feira de artes em <span class=\"xn-location\">Miami<\/span>, al\u00e9m Al\u00e9m de sempre estar envolvido em projetos inovadores. Est\u00e1 sempre em constante busca de novos caminhos e novos formatos.\u00a0\u00a0<\/p>\n<p>A SP Arte acontece desde 2005 e re\u00fane galerias de arte e design, editoras, revistas, museus e institui\u00e7\u00f5es. S\u00e3o mais de 5 mil obras e 2 mil artistas do Brasil e do mundo. Durante os 5 dias da feira os colecionadores, profissionais e amantes da arte podem percorrer pelos ambientes do Pavilh\u00e3o e admirar as milhares de obras de arte trazidas pelos expositores, al\u00e9m de participar de conversas sobre a produ\u00e7\u00e3o art\u00edstica, lan\u00e7amentos de livros, audioguias e a\u00e7\u00f5es de forma\u00e7\u00e3o. Antes e durante da realiza\u00e7\u00e3o da feira estar\u00e3o acontecendo aberturas de exposi\u00e7\u00f5es e eventos de forma paralela por toda cidade de S\u00e3o Paulo.<\/p>\n<p>Contato Imprensa: <a href=\"mailto:priscillakopke@komunic.art.br\" target=\"_blank\" rel=\"nofollow noopener\">priscillakopke@komunic.art.br<\/a><\/p>\n<p>Fotografia &#8211;\u00a0<a href=\"https:\/\/mma.prnewswire.com\/media\/2041677\/moeda.jpg\" target=\"_blank\" rel=\"nofollow noopener\">https:\/\/mma.prnewswire.com\/media\/2041677\/moeda.jpg<\/a><\/p>\n<div class=\"PRN_ImbeddedAssetReference\" id=\"DivAssetPlaceHolder2\"><\/div>\n<p>FONTE  Luca Benites<\/p>\n<\/div>\n<p><img decoding=\"async\" alt=\"\" src=\"https:\/\/rt.prnewswire.com\/rt.gif?NewsItemId=PT54097&amp;Transmission_Id=202303281845PR_NEWS_LATAM____PT54097&amp;DateId=20230328\" style=\"border:0px;width:1px;height:1px\" \/><\/p>\n<p>A <b>OESP<\/b> nao e(sao) responsavel(is) por erros, incorrecoes, atrasos ou quaisquer decisoes tomadas por seus clientes com base nos Conteudos ora disponibilizados, bem como tais Conteudos nao representam a opiniao da <b>OESP<\/b> e sao de inteira responsabilidade da <b>PR Newswire Ltda<\/b><\/p>\n","protected":false},"excerpt":{"rendered":"PR NEWSWIRE S\u00c3O PAULO, 28 de mar\u00e7o de 2023 \/PRNewswire\/ &#8212;\u00a0A SP-Arte, Feira Internacional de Arte de S\u00e3o Paulo, considerada a maior feira de arte e design da Am\u00e9rica Latina, acontece entre","protected":false},"author":1,"featured_media":64645,"comment_status":"open","ping_status":"closed","sticky":false,"template":"","format":"standard","meta":{"_acf_changed":false,"inline_featured_image":false,"_monsterinsights_skip_tracking":false,"_monsterinsights_sitenote_active":false,"_monsterinsights_sitenote_note":"","_monsterinsights_sitenote_category":0,"footnotes":""},"categories":[31],"tags":[],"class_list":["post-64644","post","type-post","status-publish","format-standard","has-post-thumbnail","hentry","category-prnewsinternacional"],"acf":[],"_links":{"self":[{"href":"https:\/\/bluestudio.estadao.com.br\/agencia-de-comunicacao\/wp-json\/wp\/v2\/posts\/64644","targetHints":{"allow":["GET"]}}],"collection":[{"href":"https:\/\/bluestudio.estadao.com.br\/agencia-de-comunicacao\/wp-json\/wp\/v2\/posts"}],"about":[{"href":"https:\/\/bluestudio.estadao.com.br\/agencia-de-comunicacao\/wp-json\/wp\/v2\/types\/post"}],"author":[{"embeddable":true,"href":"https:\/\/bluestudio.estadao.com.br\/agencia-de-comunicacao\/wp-json\/wp\/v2\/users\/1"}],"replies":[{"embeddable":true,"href":"https:\/\/bluestudio.estadao.com.br\/agencia-de-comunicacao\/wp-json\/wp\/v2\/comments?post=64644"}],"version-history":[{"count":0,"href":"https:\/\/bluestudio.estadao.com.br\/agencia-de-comunicacao\/wp-json\/wp\/v2\/posts\/64644\/revisions"}],"wp:featuredmedia":[{"embeddable":true,"href":"https:\/\/bluestudio.estadao.com.br\/agencia-de-comunicacao\/wp-json\/wp\/v2\/media\/64645"}],"wp:attachment":[{"href":"https:\/\/bluestudio.estadao.com.br\/agencia-de-comunicacao\/wp-json\/wp\/v2\/media?parent=64644"}],"wp:term":[{"taxonomy":"category","embeddable":true,"href":"https:\/\/bluestudio.estadao.com.br\/agencia-de-comunicacao\/wp-json\/wp\/v2\/categories?post=64644"},{"taxonomy":"post_tag","embeddable":true,"href":"https:\/\/bluestudio.estadao.com.br\/agencia-de-comunicacao\/wp-json\/wp\/v2\/tags?post=64644"}],"curies":[{"name":"wp","href":"https:\/\/api.w.org\/{rel}","templated":true}]}}