{"id":64642,"date":"2023-03-28T19:28:00","date_gmt":"2023-03-28T22:28:00","guid":{"rendered":"https:\/\/bluestudio.estadao.com.br\/agencia-de-comunicacao\/prnewswire\/prnewsinternacional\/64642\/lide-ceara-recebe-nesta-sexta-31-ministro-da-educacao-camilo-santana-para-almoco-debate-sobre-um-novo-horizonte-para-a-educacao-no-brasil\/"},"modified":"2023-03-28T19:28:00","modified_gmt":"2023-03-28T22:28:00","slug":"lide-ceara-recebe-nesta-sexta-31-ministro-da-educacao-camilo-santana-para-almoco-debate-sobre-um-novo-horizonte-para-a-educacao-no-brasil","status":"publish","type":"post","link":"https:\/\/bluestudio.estadao.com.br\/agencia-de-comunicacao\/prnewswire\/prnewsinternacional\/lide-ceara-recebe-nesta-sexta-31-ministro-da-educacao-camilo-santana-para-almoco-debate-sobre-um-novo-horizonte-para-a-educacao-no-brasil\/","title":{"rendered":"Lide Cear\u00e1 recebe nesta sexta (31) Ministro da Educa\u00e7\u00e3o, Camilo Santana, para almo\u00e7o-debate sobre um novo horizonte para a educa\u00e7\u00e3o no Brasil"},"content":{"rendered":"<p><b>PR NEWSWIRE<\/b><\/p>\n<div class=\"xn-content\">\n<span class=\"legendSpanClass\"><span class=\"xn-location\">FORTALEZA<\/span>, Brasil<\/span>, <span class=\"legendSpanClass\">28 de mar\u00e7o de 2023<\/span> \/PRNewswire\/ &#8212; Com o tema &#8220;Um Novo Horizonte para a Educa\u00e7\u00e3o no Brasil e o Impacto na Economia e na Sociedade&#8221;, o Lide Cear\u00e1 ? Grupo de L\u00edderes Empresariais realizar\u00e1 nesta sexta-feira (31), no hotel Gran Marquise, em <span class=\"xn-location\">Fortaleza<\/span> (CE), um almo\u00e7o-debate com o Ministro de Estado da Educa\u00e7\u00e3o, <span class=\"xn-person\">Camilo Santana<\/span>, ex-governador do Cear\u00e1. O Ministro Camilo Santana far\u00e1 uma apresenta\u00e7\u00e3o para uma plateia de convidados formada por empres\u00e1rios membros do Lide Cear\u00e1 e imprensa.<\/p>\n<div class=\"PRN_ImbeddedAssetReference\" id=\"DivAssetPlaceHolder9845\">\n<a href=\"https:\/\/mma.prnewswire.com\/media\/2042513\/Foto_de_arquivo___5__F_rum_Lide_de_Educa__o_e_Inova__o_S_o_Paulo_Outubro_2018.html\" target=\"_blank\" rel=\"nofollow noopener\"><img decoding=\"async\" src=\"https:\/\/mma.prnewswire.com\/media\/2042513\/Foto_de_arquivo___5__F_rum_Lide_de_Educa__o_e_Inova__o_S_o_Paulo_Outubro_2018.jpg\" title=\"Ivo Gomes, Viviane Senna, Camilo Santana, Em\u00edlia Buarque, Luiz Fernando Furlan&#xA;5\u00ba F\u00f3rum Lide de Educa\u00e7\u00e3o e Inova\u00e7\u00e3o ? Outubro 2018\" alt=\"Ivo Gomes, Viviane Senna, Camilo Santana, Em\u00edlia Buarque, Luiz Fernando Furlan&#xA;5\u00ba F\u00f3rum Lide de Educa\u00e7\u00e3o e Inova\u00e7\u00e3o ? Outubro 2018\" \/><\/a><\/p>\n<\/div>\n<p>&#8220;Estamos diante de um momento hist\u00f3rico na educa\u00e7\u00e3o do pa\u00eds e temos que reconhecer o m\u00e9rito da Presid\u00eancia da Rep\u00fablica em escolher para Ministro de Estado da Educa\u00e7\u00e3o, <span class=\"xn-person\">Camilo Santana<\/span>, que representa com legitimidade o maior case de sucesso no setor do Brasil. Ganha o pa\u00eds com o potencial de transforma\u00e7\u00e3o que vir\u00e1 pela educa\u00e7\u00e3o dos brasileiros e ganha o Cear\u00e1, que h\u00e1 tempo n\u00e3o ocupava t\u00e3o importante pasta&#8221;, comenta Em\u00edlia Buarque, presidente do Lide Cear\u00e1.<\/p>\n<p><span class=\"xn-person\">Camilo Santana<\/span> nasceu no Crato (CE), \u00e9 engenheiro agr\u00f4nomo, professor e pol\u00edtico brasileiro. Eleito governador do Cear\u00e1 em 2014 e reeleito em 2018 com a maior vota\u00e7\u00e3o proporcional do Brasil, tornou-se em 2022 o senador mais votado da hist\u00f3ria do Estado. Em 1\u00ba de <span class=\"xn-person\">Janeiro de<\/span> 2023 foi nomeado e empossado como Ministro de Estado da Educa\u00e7\u00e3o.<\/p>\n<p><b>Sobre o Lide<\/b><\/p>\n<p>O Lide ? Grupo de L\u00edderes Empresariais \u00e9 uma organiza\u00e7\u00e3o multisetorial, multilateral e apartid\u00e1ria, que re\u00fane empres\u00e1rios e CEOs de grandes e m\u00e9dias empresas, com o objetivo de fortalecer a livre iniciativa e discutir um ambiente Brasil promissor, sob os aspectos socioecon\u00f4mico, ambiental e \u00e9tico, al\u00e9m de ampliar oportunidades e dar proje\u00e7\u00e3o \u00e0s empresas, sobretudo debatendo conte\u00fado expressivo para os neg\u00f3cios e para o pa\u00eds. Com 33 unidades entre Brasil e exterior, o Lide marca forte presen\u00e7a na rela\u00e7\u00e3o do Brasil com o mundo, atrav\u00e9s dos F\u00f3runs Internacionais.<\/p>\n<p>Presidido pela empres\u00e1ria Em\u00edlia Buarque, o Lide Cear\u00e1 mant\u00e9m anualmente uma agenda anual de atividades, com conte\u00fado de alt\u00edssimo n\u00edvel e acesso aos principais expoentes do pa\u00eds no campo empresarial e no poder p\u00fablico.<\/p>\n<p>Foto &#8211;\u00a0<a href=\"https:\/\/mma.prnewswire.com\/media\/2042513\/Foto_de_arquivo___5__F_rum_Lide_de_Educa__o_e_Inova__o_S_o_Paulo_Outubro_2018.jpg\" target=\"_blank\" rel=\"nofollow noopener\">https:\/\/mma.prnewswire.com\/media\/2042513\/Foto_de_arquivo___5__F_rum_Lide_de_Educa__o_e_Inova__o_S_o_Paulo_Outubro_2018.jpg<\/a><\/p>\n<div class=\"PRN_ImbeddedAssetReference\" id=\"DivAssetPlaceHolder0\"><\/div>\n<p>FONTE  LIDE Cear\u00e1<\/p>\n<\/div>\n<p><img decoding=\"async\" alt=\"\" src=\"https:\/\/rt.prnewswire.com\/rt.gif?NewsItemId=PT55206&amp;Transmission_Id=202303281813PR_NEWS_LATAM____PT55206&amp;DateId=20230328\" style=\"border:0px;width:1px;height:1px\" \/><\/p>\n<p>A <b>OESP<\/b> nao e(sao) responsavel(is) por erros, incorrecoes, atrasos ou quaisquer decisoes tomadas por seus clientes com base nos Conteudos ora disponibilizados, bem como tais Conteudos nao representam a opiniao da <b>OESP<\/b> e sao de inteira responsabilidade da <b>PR Newswire Ltda<\/b><\/p>\n","protected":false},"excerpt":{"rendered":"PR NEWSWIRE FORTALEZA, Brasil, 28 de mar\u00e7o de 2023 \/PRNewswire\/ &#8212; Com o tema &#8220;Um Novo Horizonte para a Educa\u00e7\u00e3o no Brasil e o Impacto na Economia e na Sociedade&#8221;, o Lide Cear\u00e1 ?","protected":false},"author":1,"featured_media":64643,"comment_status":"open","ping_status":"closed","sticky":false,"template":"","format":"standard","meta":{"_acf_changed":false,"inline_featured_image":false,"_monsterinsights_skip_tracking":false,"_monsterinsights_sitenote_active":false,"_monsterinsights_sitenote_note":"","_monsterinsights_sitenote_category":0,"footnotes":""},"categories":[31],"tags":[],"class_list":["post-64642","post","type-post","status-publish","format-standard","has-post-thumbnail","hentry","category-prnewsinternacional"],"acf":[],"_links":{"self":[{"href":"https:\/\/bluestudio.estadao.com.br\/agencia-de-comunicacao\/wp-json\/wp\/v2\/posts\/64642","targetHints":{"allow":["GET"]}}],"collection":[{"href":"https:\/\/bluestudio.estadao.com.br\/agencia-de-comunicacao\/wp-json\/wp\/v2\/posts"}],"about":[{"href":"https:\/\/bluestudio.estadao.com.br\/agencia-de-comunicacao\/wp-json\/wp\/v2\/types\/post"}],"author":[{"embeddable":true,"href":"https:\/\/bluestudio.estadao.com.br\/agencia-de-comunicacao\/wp-json\/wp\/v2\/users\/1"}],"replies":[{"embeddable":true,"href":"https:\/\/bluestudio.estadao.com.br\/agencia-de-comunicacao\/wp-json\/wp\/v2\/comments?post=64642"}],"version-history":[{"count":0,"href":"https:\/\/bluestudio.estadao.com.br\/agencia-de-comunicacao\/wp-json\/wp\/v2\/posts\/64642\/revisions"}],"wp:featuredmedia":[{"embeddable":true,"href":"https:\/\/bluestudio.estadao.com.br\/agencia-de-comunicacao\/wp-json\/wp\/v2\/media\/64643"}],"wp:attachment":[{"href":"https:\/\/bluestudio.estadao.com.br\/agencia-de-comunicacao\/wp-json\/wp\/v2\/media?parent=64642"}],"wp:term":[{"taxonomy":"category","embeddable":true,"href":"https:\/\/bluestudio.estadao.com.br\/agencia-de-comunicacao\/wp-json\/wp\/v2\/categories?post=64642"},{"taxonomy":"post_tag","embeddable":true,"href":"https:\/\/bluestudio.estadao.com.br\/agencia-de-comunicacao\/wp-json\/wp\/v2\/tags?post=64642"}],"curies":[{"name":"wp","href":"https:\/\/api.w.org\/{rel}","templated":true}]}}