{"id":64515,"date":"2023-03-24T18:28:00","date_gmt":"2023-03-24T21:28:00","guid":{"rendered":"https:\/\/bluestudio.estadao.com.br\/agencia-de-comunicacao\/2023\/03\/24\/empresario-e-mentor-leandro-castro-pelegrini-destaca-importancia-das-acoes-coletivas-para-limpar-o-nome-dos-brasileiros-e-contribuir-para-a-economia-do-pais\/"},"modified":"2023-03-24T18:28:00","modified_gmt":"2023-03-24T21:28:00","slug":"empresario-e-mentor-leandro-castro-pelegrini-destaca-importancia-das-acoes-coletivas-para-limpar-o-nome-dos-brasileiros-e-contribuir-para-a-economia-do-pais","status":"publish","type":"post","link":"https:\/\/bluestudio.estadao.com.br\/agencia-de-comunicacao\/prnewswire\/prnewsinternacional\/empresario-e-mentor-leandro-castro-pelegrini-destaca-importancia-das-acoes-coletivas-para-limpar-o-nome-dos-brasileiros-e-contribuir-para-a-economia-do-pais\/","title":{"rendered":"Empres\u00e1rio e mentor Leandro Castro Pelegrini destaca import\u00e2ncia das a\u00e7\u00f5es coletivas para limpar o nome dos brasileiros e contribuir para a economia do pa\u00eds."},"content":{"rendered":"<p><b>PR NEWSWIRE<\/b><\/p>\n<div class=\"xn-content\">\n<span class=\"legendSpanClass\"><span class=\"xn-location\">SANTA CRUZ<\/span> DAS PALMEIRAS, Brasil<\/span>, <span class=\"legendSpanClass\">24 de mar\u00e7o de 2023<\/span> \/PRNewswire\/ &#8212; <span><span class=\"xn-person\">Leandro Castro Pelegrini<\/span>, empres\u00e1rio e mentor, destaca a import\u00e2ncia das <\/span><span>a\u00e7\u00f5es coletivas para limpar o nome dos brasileiros e contribuir para a retomada <\/span><span>econ\u00f4mica do pa\u00eds.<\/span><\/p>\n<div class=\"PRN_ImbeddedAssetReference\" id=\"DivAssetPlaceHolder1\">\n<a href=\"https:\/\/mma.prnewswire.com\/media\/2040303\/WhatsApp_Image_2023_03_24_at_16_55_26__1.html\" target=\"_blank\" rel=\"nofollow noopener\">  <img decoding=\"async\" src=\"https:\/\/mma.prnewswire.com\/media\/2040303\/WhatsApp_Image_2023_03_24_at_16_55_26__1.jpg\" title=\"\" alt=\"\" \/><\/a>\n <\/p>\n<\/p><\/div>\n<p><span>Com a crise econ\u00f4mica agravada pela pandemia, muitos brasileiros acabaram <\/span><span>ficando inadimplentes e com o nome sujo na pra\u00e7a, o que prejudica n\u00e3o s\u00f3 a <\/span><span>vida financeira pessoal, mas tamb\u00e9m a economia do pa\u00eds como um todo.<\/span><\/p>\n<p><span>Nesse contexto, <span class=\"xn-person\">Leandro Castro Pelegrini<\/span> acredita que as a\u00e7\u00f5es coletivas t\u00eam <\/span><span>um papel fundamental na solu\u00e7\u00e3o desse problema.<\/span><\/p>\n<p><span>Segundo o empres\u00e1rio, a uni\u00e3o de pessoas que est\u00e3o enfrentando a mesma <\/span><span>situa\u00e7\u00e3o pode trazer benef\u00edcios significativos, como a negocia\u00e7\u00e3o de d\u00edvidas <\/span><span>em massa com os credores, o que resulta em melhores condi\u00e7\u00f5es de <\/span><span>pagamento e, consequentemente, na redu\u00e7\u00e3o do n\u00famero de pessoas com o <\/span><span>nome sujo na pra\u00e7a.<\/span><\/p>\n<p><span>Al\u00e9m disso, as a\u00e7\u00f5es coletivas tamb\u00e9m podem contribuir para a <\/span><span>conscientiza\u00e7\u00e3o sobre a import\u00e2ncia do planejamento financeiro e da educa\u00e7\u00e3o <\/span><span>financeira, evitando que mais pessoas caiam na armadilha da inadimpl\u00eancia.<\/span><\/p>\n<p><span>Para <span class=\"xn-person\">Leandro Castro Pelegrini<\/span>, o sucesso das a\u00e7\u00f5es coletivas depende da <\/span><span>organiza\u00e7\u00e3o e da mobiliza\u00e7\u00e3o dos participantes, bem como da busca por <\/span><span>profissionais especializados em negocia\u00e7\u00e3o de d\u00edvidas e renegocia\u00e7\u00e3o de <\/span><span>contratos. Assim, \u00e9 poss\u00edvel reverter a situa\u00e7\u00e3o de muitos brasileiros e <\/span><span>contribuir para a recupera\u00e7\u00e3o econ\u00f4mica do pa\u00eds.<\/span><\/p>\n<p><span>Portanto, fica claro que as a\u00e7\u00f5es coletivas s\u00e3o uma solu\u00e7\u00e3o importante para <\/span><span>limpar o nome dos brasileiros e melhorar a situa\u00e7\u00e3o financeira de muitas <\/span><span>fam\u00edlias, al\u00e9m de contribuir para a retomada econ\u00f4mica do pa\u00eds. Leandro <\/span><span>Castro Pelegrini incentiva a uni\u00e3o e a mobiliza\u00e7\u00e3o dos interessados nessa <\/span><span>iniciativa, a fim de alcan\u00e7ar melhores resultados e um futuro financeiro mais <\/span><span>pr\u00f3spero.<\/span><\/p>\n<p>Foto &#8211;\u00a0<a href=\"https:\/\/mma.prnewswire.com\/media\/2040303\/WhatsApp_Image_2023_03_24_at_16_55_26__1.jpg\" target=\"_blank\" rel=\"nofollow noopener\">https:\/\/mma.prnewswire.com\/media\/2040303\/WhatsApp_Image_2023_03_24_at_16_55_26__1.jpg<\/a><\/p>\n<div class=\"PRN_ImbeddedAssetReference\" id=\"DivAssetPlaceHolder2\"><\/div>\n<p>FONTE  Leandro Castro Pelegrini<\/p>\n<\/div>\n<p><img decoding=\"async\" alt=\"\" src=\"https:\/\/rt.prnewswire.com\/rt.gif?NewsItemId=PT52342&amp;Transmission_Id=202303241718PR_NEWS_LATAM____PT52342&amp;DateId=20230324\" style=\"border:0px;width:1px;height:1px\" \/><\/p>\n<p>A <b>OESP<\/b> nao e(sao) responsavel(is) por erros, incorrecoes, atrasos ou quaisquer decisoes tomadas por seus clientes com base nos Conteudos ora disponibilizados, bem como tais Conteudos nao representam a opiniao da <b>OESP<\/b> e sao de inteira responsabilidade da <b>PR Newswire Ltda<\/b><\/p>\n","protected":false},"excerpt":{"rendered":"PR NEWSWIRE SANTA CRUZ DAS PALMEIRAS, Brasil, 24 de mar\u00e7o de 2023 \/PRNewswire\/ &#8212; Leandro Castro Pelegrini, empres\u00e1rio e mentor, destaca a import\u00e2ncia das a\u00e7\u00f5es coletivas para limpar o nome","protected":false},"author":1,"featured_media":64516,"comment_status":"open","ping_status":"closed","sticky":false,"template":"","format":"standard","meta":{"_acf_changed":false,"inline_featured_image":false,"_monsterinsights_skip_tracking":false,"_monsterinsights_sitenote_active":false,"_monsterinsights_sitenote_note":"","_monsterinsights_sitenote_category":0,"footnotes":""},"categories":[31],"tags":[],"class_list":["post-64515","post","type-post","status-publish","format-standard","has-post-thumbnail","hentry","category-prnewsinternacional"],"acf":[],"_links":{"self":[{"href":"https:\/\/bluestudio.estadao.com.br\/agencia-de-comunicacao\/wp-json\/wp\/v2\/posts\/64515","targetHints":{"allow":["GET"]}}],"collection":[{"href":"https:\/\/bluestudio.estadao.com.br\/agencia-de-comunicacao\/wp-json\/wp\/v2\/posts"}],"about":[{"href":"https:\/\/bluestudio.estadao.com.br\/agencia-de-comunicacao\/wp-json\/wp\/v2\/types\/post"}],"author":[{"embeddable":true,"href":"https:\/\/bluestudio.estadao.com.br\/agencia-de-comunicacao\/wp-json\/wp\/v2\/users\/1"}],"replies":[{"embeddable":true,"href":"https:\/\/bluestudio.estadao.com.br\/agencia-de-comunicacao\/wp-json\/wp\/v2\/comments?post=64515"}],"version-history":[{"count":0,"href":"https:\/\/bluestudio.estadao.com.br\/agencia-de-comunicacao\/wp-json\/wp\/v2\/posts\/64515\/revisions"}],"wp:featuredmedia":[{"embeddable":true,"href":"https:\/\/bluestudio.estadao.com.br\/agencia-de-comunicacao\/wp-json\/wp\/v2\/media\/64516"}],"wp:attachment":[{"href":"https:\/\/bluestudio.estadao.com.br\/agencia-de-comunicacao\/wp-json\/wp\/v2\/media?parent=64515"}],"wp:term":[{"taxonomy":"category","embeddable":true,"href":"https:\/\/bluestudio.estadao.com.br\/agencia-de-comunicacao\/wp-json\/wp\/v2\/categories?post=64515"},{"taxonomy":"post_tag","embeddable":true,"href":"https:\/\/bluestudio.estadao.com.br\/agencia-de-comunicacao\/wp-json\/wp\/v2\/tags?post=64515"}],"curies":[{"name":"wp","href":"https:\/\/api.w.org\/{rel}","templated":true}]}}