{"id":64215,"date":"2023-03-20T09:12:00","date_gmt":"2023-03-20T12:12:00","guid":{"rendered":"https:\/\/bluestudio.estadao.com.br\/agencia-de-comunicacao\/2023\/03\/20\/a-fdi-world-dental-federation-pede-que-os-lideres-globais-priorizem-a-acao-contra-doencas-bucais-na-principal-reuniao-da-onu-sobre-saude\/"},"modified":"2023-03-20T09:12:00","modified_gmt":"2023-03-20T12:12:00","slug":"a-fdi-world-dental-federation-pede-que-os-lideres-globais-priorizem-a-acao-contra-doencas-bucais-na-principal-reuniao-da-onu-sobre-saude","status":"publish","type":"post","link":"https:\/\/bluestudio.estadao.com.br\/agencia-de-comunicacao\/prnewswire\/prnewsbrasil\/a-fdi-world-dental-federation-pede-que-os-lideres-globais-priorizem-a-acao-contra-doencas-bucais-na-principal-reuniao-da-onu-sobre-saude\/","title":{"rendered":"A FDI World Dental Federation pede que os l\u00edderes globais priorizem a a\u00e7\u00e3o contra doen\u00e7as bucais na principal reuni\u00e3o da ONU sobre sa\u00fade"},"content":{"rendered":"<p><b>PR NEWSWIRE<\/b><\/p>\n<div class=\"xn-newslines\">\n<h1 class=\"xn-hedline\">A FDI World Dental Federation pede que os l\u00edderes globais priorizem a a\u00e7\u00e3o contra doen\u00e7as bucais na principal reuni\u00e3o da ONU sobre sa\u00fade<\/h1>\n<p class=\"xn-distributor\">PR Newswire<\/p>\n<p class=\"xn-dateline\">GENEBRA, 20 de mar\u00e7o de 2023<\/p>\n<\/div>\n<div class=\"xn-content\">\n<b>Chamada lan\u00e7ada no Dia Mundial da Sa\u00fade Bucal, pois dados mostram que as doen\u00e7as bucais afetam quase metade da popula\u00e7\u00e3o mundial<\/b><\/p>\n<p><span class=\"legendSpanClass\">GENEBRA<\/span>, <span class=\"legendSpanClass\">20 de mar\u00e7o de 2023<\/span> \/PRNewswire\/ &#8212;<\/p>\n<p>&#8211; A foto est\u00e1 dispon\u00edvel no site da AP Images (<a href=\"http:\/\/www.apimages.com\/\" target=\"_blank\" rel=\"nofollow noopener\">http:\/\/www.apimages.com<\/a>) &#8211;<\/p>\n<p>Hoje, a FDI World Dental Federation (FDI) pediu aos governos e \u00f3rg\u00e3os globais de sa\u00fade que priorizem a a\u00e7\u00e3o contra doen\u00e7as bucais, inclusive por meio da integra\u00e7\u00e3o da sa\u00fade bucal na Reuni\u00e3o de Alto N\u00edvel (HLM) das Na\u00e7\u00f5es Unidas (ONU) sobre discuss\u00f5es sobre Cobertura Universal de Sa\u00fade (UHC) em setembro.<\/p>\n<p>A reuni\u00e3o ser\u00e1 realizada em <span class=\"xn-person\">Nova York<\/span> e \u00e9 uma oportunidade fundamental para os pa\u00edses e partes interessadas avaliarem o progresso da UHC ap\u00f3s a primeira HLM na DIA 2019 e identificarem \u00e1reas para a\u00e7\u00f5es concretas que ofere\u00e7am sa\u00fade para todos.<\/p>\n<p>As doen\u00e7as bucais s\u00e3o as condi\u00e7\u00f5es mais prevalentes que afetam as pessoas em todo o mundo, com cerca de 3,5 bilh\u00f5es de pessoas sofrendo de c\u00e1rie dent\u00e1ria, doen\u00e7a gengival grave, perda de dentes e c\u00e2ncer bucal, <a href=\"https:\/\/www.who.int\/publications\/i\/item\/9789240061484\" target=\"_blank\" rel=\"nofollow noopener\">de acordo com estimativas da Organiza\u00e7\u00e3o Mundial da Sa\u00fade (OMS)<\/a>. H\u00e1 quase um bilh\u00e3o a mais de casos de doen\u00e7as bucais do que todas as cinco principais doen\u00e7as n\u00e3o comunic\u00e1veis (doen\u00e7as cardiovasculares, diabetes, doen\u00e7as respirat\u00f3rias cr\u00f4nicas, c\u00e2nceres e transtornos mentais) combinadas.<\/p>\n<p>&#8220;Uma boa sa\u00fade bucal \u00e9 uma parte vital de nossas vidas di\u00e1rias, tanto em termos de sa\u00fade f\u00edsica quanto de bem-estar mental&#8221;, disse a Prof. <span class=\"xn-person\">Ihsane Ben Yahya<\/span>, Presidente da FDI World Dental Federation e Reitor da Faculdade de Odontologia da Universidade de Sa\u00fade e Ci\u00eancias Mohammed VI em <span class=\"xn-location\">Casablanca<\/span>, Marrocos.<\/p>\n<p>&#8220;Com as doen\u00e7as bucais impactando bilh\u00f5es de pessoas todos os anos, \u00e9 hora dos governos e ag\u00eancias globais de sa\u00fade dar um basta e agirem. Isso significa garantir o acesso equitativo a cuidados de sa\u00fade bucal de qualidade e acess\u00edveis para todos e tornar a sa\u00fade bucal fundamental para os planos de cobertura universal de sa\u00fade&#8221;.<\/p>\n<p>Uma boa sa\u00fade bucal \u00e9 fundamental para respirar, comer, falar e sorrir. Quando a doen\u00e7a bucal \u00e9 deixada sem tratamento, ela pode afetar gravemente a sa\u00fade e as perspectivas sociais de uma pessoa. Os acometidos correm o risco de dor cr\u00f4nica e desenvolvimento de doen\u00e7as secund\u00e1rias, isolamento social, exclus\u00e3o da for\u00e7a de trabalho e redu\u00e7\u00e3o do desempenho educacional.<\/p>\n<p>A maioria das doen\u00e7as bucais \u00e9 evit\u00e1vel e pode ser tratada com interven\u00e7\u00f5es econ\u00f4micas. No entanto, muitas pessoas n\u00e3o conseguem acessar o atendimento por v\u00e1rias raz\u00f5es, incluindo disponibilidade e acessibilidade. Quase 75% das pessoas que sofrem de doen\u00e7as bucais em todo o mundo vivem em pa\u00edses de baixa e m\u00e9dia renda, onde o custo da sa\u00fade bucal muitas vezes pode ser catastr\u00f3fico para uma fam\u00edlia.<\/p>\n<p>Nos \u00faltimos anos, tem havido um aumento na a\u00e7\u00e3o contra doen\u00e7as bucais em n\u00edvel global. Em 2021, os pa\u00edses apoiaram uma <a href=\"https:\/\/apps.who.int\/gb\/ebwha\/pdf_files\/EB148\/B148_R1-en.pdf\" target=\"_blank\" rel=\"nofollow noopener\">resolu\u00e7\u00e3o inovadora da OMS sobre sa\u00fade bucal<\/a> e, neste ano, a 76 <sup>sess\u00e3o da Assembleia Mundial da Sa\u00fade adotar\u00e1 o Plano de <\/sup><sup><a href=\"https:\/\/www.fdiworlddental.org\/exciting-news-fdis-response-whos-draft-global-oral-health-action-plan-makes-impact\" target=\"_blank\" rel=\"nofollow noopener\">A\u00e7\u00e3o Global de Sa\u00fade Bucal (2023-2030),<\/a><\/sup><sup> que convoca os governos a garantir que &#8220;80% da popula\u00e7\u00e3o global tenha direito a servi\u00e7os essenciais de sa\u00fade bucal&#8221;.<\/sup>\u00a0Isso seria alcan\u00e7ado por meio, entre outras medidas, dos pa\u00edses priorizando a integra\u00e7\u00e3o da sa\u00fade bucal em seus servi\u00e7os nacionais de sa\u00fade e garantindo que haja suficientes profissionais de sa\u00fade odontol\u00f3gica treinados.<\/p>\n<p>&#8220;Damos as boas-vindas ao impulso crescente na sa\u00fade bucal, incluindo a pr\u00f3xima ado\u00e7\u00e3o do Plano de A\u00e7\u00e3o Global de Sa\u00fade Bucal, que se alinha com a <a href=\"https:\/\/www.fdiworlddental.org\/vision-2030-delivering-optimal-oral-health-all\" target=\"_blank\" rel=\"nofollow noopener\">2030 Vision da FDI para oferecer sa\u00fade bucal ideal para todos<\/a>. Agora \u00e9 vital que esse impulso seja convertido em a\u00e7\u00e3o tang\u00edvel contra as doen\u00e7as bucais para que as pessoas mais afetadas possam <a href=\"https:\/\/www.worldoralhealthday.org\/campaign-theme-2021-2023\" target=\"_blank\" rel=\"nofollow noopener\">desfrutar de uma vida inteira de sorrisos<\/a> &#8220;, disse o Prof. <span class=\"xn-person\">Ihsane Ben Yahya<\/span>.<\/p>\n<p>O <a href=\"https:\/\/www.worldoralhealthday.org\/\" target=\"_blank\" rel=\"nofollow noopener\">Dia Mundial da Sa\u00fade Bucal<\/a>\u00a0\u00e9 uma grande oportunidade para profissionais de sa\u00fade bucal, formuladores de pol\u00edticas, acad\u00eamicos e a comunidade global mais ampla promoverem a import\u00e2ncia de atitudes positivas em rela\u00e7\u00e3o \u00e0 sa\u00fade bucal. Para comemorar este dia, a FDI incentiva as pessoas em todo o mundo a participar de seu <a href=\"https:\/\/www.worldoralhealthday.org\/mouthproud-challenge\" target=\"_blank\" rel=\"nofollow noopener\">desafio #MouthProud<\/a>\u00a0e a inspirar outras pessoas a cuidar de suas bocas para um sorriso saud\u00e1vel e uma vida saud\u00e1vel.<\/p>\n<p><b>Contato para a imprensa:<\/b><br \/><span class=\"xn-person\">Michael Kessler<\/span><br \/>Rela\u00e7\u00f5es com a imprensa, FDI<br \/>Cel.: + 34 655 792 699<br \/>E-mail: <a href=\"mailto:michael.kessler@intoon-media.com\" target=\"_blank\" rel=\"nofollow noopener\">michael.kessler@intoon-media.com<\/a><\/p>\n<p><b>Sobre a FDI World Dental Federation <\/b><u><a href=\"http:\/\/www.fdiworlddental.org\/\" target=\"_blank\" rel=\"nofollow noopener\"><br \/>A FDI World Dental Federation<\/a><\/u>\u00a0atua como o principal \u00f3rg\u00e3o representativo de mais de 1 milh\u00e3o de dentistas em todo o mundo. Seus membros incluem cerca de 200 associa\u00e7\u00f5es nacionais de odontologia e grupos de especialistas em mais de 130 pa\u00edses. A FDI tem a vis\u00e3o de levar o mundo \u00e0 sa\u00fade bucal ideal.<\/p>\n<p>\u00a0<\/p>\n<p>\u00a0<\/p>\n<p>FONTE  FDI World Dental Federation<\/p>\n<\/div>\n<p><img decoding=\"async\" alt=\"\" src=\"https:\/\/rt.prnewswire.com\/rt.gif?NewsItemId=PT43194&amp;Transmission_Id=202303200800PR_NEWS_LATAM____PT43194&amp;DateId=20230320\" style=\"border:0px;width:1px;height:1px\" \/><\/p>\n<p>A <b>OESP<\/b> nao e(sao) responsavel(is) por erros, incorrecoes, atrasos ou quaisquer decisoes tomadas por seus clientes com base nos Conteudos ora disponibilizados, bem como tais Conteudos nao representam a opiniao da <b>OESP<\/b> e sao de inteira responsabilidade da <b>PR Newswire Ltda<\/b><\/p>\n","protected":false},"excerpt":{"rendered":"PR NEWSWIRE A FDI World Dental Federation pede que os l\u00edderes globais priorizem a a\u00e7\u00e3o contra doen\u00e7as bucais na principal reuni\u00e3o da ONU sobre sa\u00fade PR Newswire GENEBRA, 20 de mar\u00e7o de 2023","protected":false},"author":1,"featured_media":64216,"comment_status":"open","ping_status":"closed","sticky":false,"template":"","format":"standard","meta":{"_acf_changed":false,"inline_featured_image":false,"_monsterinsights_skip_tracking":false,"_monsterinsights_sitenote_active":false,"_monsterinsights_sitenote_note":"","_monsterinsights_sitenote_category":0,"footnotes":""},"categories":[28],"tags":[],"class_list":["post-64215","post","type-post","status-publish","format-standard","has-post-thumbnail","hentry","category-prnewsbrasil"],"acf":[],"_links":{"self":[{"href":"https:\/\/bluestudio.estadao.com.br\/agencia-de-comunicacao\/wp-json\/wp\/v2\/posts\/64215","targetHints":{"allow":["GET"]}}],"collection":[{"href":"https:\/\/bluestudio.estadao.com.br\/agencia-de-comunicacao\/wp-json\/wp\/v2\/posts"}],"about":[{"href":"https:\/\/bluestudio.estadao.com.br\/agencia-de-comunicacao\/wp-json\/wp\/v2\/types\/post"}],"author":[{"embeddable":true,"href":"https:\/\/bluestudio.estadao.com.br\/agencia-de-comunicacao\/wp-json\/wp\/v2\/users\/1"}],"replies":[{"embeddable":true,"href":"https:\/\/bluestudio.estadao.com.br\/agencia-de-comunicacao\/wp-json\/wp\/v2\/comments?post=64215"}],"version-history":[{"count":0,"href":"https:\/\/bluestudio.estadao.com.br\/agencia-de-comunicacao\/wp-json\/wp\/v2\/posts\/64215\/revisions"}],"wp:featuredmedia":[{"embeddable":true,"href":"https:\/\/bluestudio.estadao.com.br\/agencia-de-comunicacao\/wp-json\/wp\/v2\/media\/64216"}],"wp:attachment":[{"href":"https:\/\/bluestudio.estadao.com.br\/agencia-de-comunicacao\/wp-json\/wp\/v2\/media?parent=64215"}],"wp:term":[{"taxonomy":"category","embeddable":true,"href":"https:\/\/bluestudio.estadao.com.br\/agencia-de-comunicacao\/wp-json\/wp\/v2\/categories?post=64215"},{"taxonomy":"post_tag","embeddable":true,"href":"https:\/\/bluestudio.estadao.com.br\/agencia-de-comunicacao\/wp-json\/wp\/v2\/tags?post=64215"}],"curies":[{"name":"wp","href":"https:\/\/api.w.org\/{rel}","templated":true}]}}