{"id":64110,"date":"2023-03-15T11:12:00","date_gmt":"2023-03-15T14:12:00","guid":{"rendered":"https:\/\/bluestudio.estadao.com.br\/agencia-de-comunicacao\/2023\/03\/15\/inscricoes-abertas-para-o-imersao-em-negocios-evento-da-capital-upgrade-do-grupo-pwr\/"},"modified":"2023-03-15T11:12:00","modified_gmt":"2023-03-15T14:12:00","slug":"inscricoes-abertas-para-o-imersao-em-negocios-evento-da-capital-upgrade-do-grupo-pwr","status":"publish","type":"post","link":"https:\/\/bluestudio.estadao.com.br\/agencia-de-comunicacao\/prnewswire\/prnewsinternacional\/inscricoes-abertas-para-o-imersao-em-negocios-evento-da-capital-upgrade-do-grupo-pwr\/","title":{"rendered":"Inscri\u00e7\u00f5es abertas para o &#8220;Imers\u00e3o em Neg\u00f3cios&#8221;, evento da Capital Upgrade, do Grupo PWR"},"content":{"rendered":"<p><b>PR NEWSWIRE<\/b><\/p>\n<div class=\"xn-newslines\">\n<h1 class=\"xn-hedline\">Inscri\u00e7\u00f5es abertas para o &#8220;Imers\u00e3o em Neg\u00f3cios&#8221;, evento da Capital Upgrade, do Grupo PWR<\/h1>\n<p class=\"xn-distributor\">PR Newswire<\/p>\n<p class=\"xn-dateline\">S\u00c3O PAULO, 15 de mar\u00e7o de 2023<\/p>\n<\/div>\n<div class=\"xn-content\">\n<p class=\"prntac\"><i>S\u00e3o apenas 50 vagas e tr\u00eas dias intensos de mentoria ministrada por L\u00e1saro do Carmo Jr, os s\u00f3cios da PWR e convidados especiais, com conte\u00fados profundos e muito networking<\/i><\/p>\n<p><span class=\"legendSpanClass\">S\u00c3O PAULO<\/span>, <span class=\"legendSpanClass\">15 de mar\u00e7o de 2023<\/span> \/PRNewswire\/ &#8212; Empreendedores, executivos e empres\u00e1rios de todo o Brasil, que tenham mais de cinco funcion\u00e1rios e queiram adquirir novos conhecimentos e perspectivas para seus neg\u00f3cios em 2023, agora t\u00eam a oportunidade de se inscrever na imers\u00e3o mais especializada em gest\u00e3o e neg\u00f3cios do Brasil. Realizado pela\u00a0<b><a href=\"http:\/\/www.capitalupgrade.com.br\/\" target=\"_blank\" rel=\"nofollow noopener\">Capital Upgrade<\/a><\/b>, empresa do Grupo PWR, o &#8220;Imers\u00e3o em Neg\u00f3cios&#8221;, \u00e9 um programa com foco na\u00a0\u00a0pr\u00e1tica, que\u00a0\u00a0durante tr\u00eas dias inteiros re\u00fane em m\u00e9dia 50 empresas, de diversos segmentos e est\u00e1gios de matura\u00e7\u00e3o, sob a mentoria de L\u00e1saro do Carmo Jr. e os s\u00f3cios da PWR, al\u00e9m de convidados especiais. Esta edi\u00e7\u00e3o do Imers\u00e3o e Neg\u00f3cios acontecer\u00e1 entre os dias 24 e 26 de mar\u00e7o, no hotel Estanplaza Funchal, em S\u00e3o Paulo, Capital.<\/p>\n<div class=\"PRN_ImbeddedAssetReference\" id=\"DivAssetPlaceHolder1\">\n<a href=\"https:\/\/mma.prnewswire.com\/media\/2031993\/Imersa_o_17_234.html\" target=\"_blank\" rel=\"nofollow noopener\">  <img decoding=\"async\" src=\"https:\/\/mma.prnewswire.com\/media\/2031993\/Imersa_o_17_234.jpg\" title=\"\" alt=\"\" \/><\/a>\n <\/p>\n<\/p><\/div>\n<p>Durante o encontro, os participantes t\u00eam a oportunidade de vivenciarem riqu\u00edssimas trocas de experi\u00eancias dentro do universo empresarial. Ser\u00e3o desenvolvidas atividades pr\u00e1ticas, com entrega de ferramentas estrat\u00e9gicas, focadas no desenvolvimento assertivo das empresas.<\/p>\n<p>Al\u00e9m do tema gest\u00e3o, os anfitri\u00f5es do evento abordar\u00e3o tamb\u00e9m, assuntos relacionados \u00e0s \u00e1reas comercial, financeira, processos e cultura. E um dos diferenciais da imers\u00e3o \u00e9 a an\u00e1lise mais minuciosa das empresas dos executivos presentes atrav\u00e9s de mentorias ao vivo e do compartilhamento com outros 50 empres\u00e1rios que viveram ou vivem experi\u00eancias similares. Tamb\u00e9m dentro da Imers\u00e3o, \u00e9 feito o planejamento dos pr\u00f3ximos passos a serem seguidos pelos executivos e como ser\u00e1 feita a implementa\u00e7\u00e3o desse plano de a\u00e7\u00e3o dentro dos seus neg\u00f3cios.<\/p>\n<p>&#8220;S\u00e3o mais de 40 horas de troca de experi\u00eancias e pr\u00e1ticas, abordando diferentes assuntos e viv\u00eancias com quem tem a expertise nesses temas. Com profissionais que vivenciam o empreendedorismo diariamente. O &#8220;Imers\u00e3o em Neg\u00f3cios&#8221; foi formatado para quem quer aprender, ampliar a vis\u00e3o de neg\u00f3cios e crescer, por meio de experi\u00eancias reais, workshops, ferramentas pr\u00e1ticas, mentalidade de crescimento e as melhores pr\u00e1ticas do mercado.&#8221;, diz L\u00e1saro do Carmo, um dos mentores e organizadores do evento.<\/p>\n<p>Outro ponto muito esperado pelos presentes no evento \u00e9 o &#8220;Momento Power&#8221;, onde empresas participantes do Imers\u00e3o em Neg\u00f3cios t\u00eam a oportunidade de serem analisadas e mentoradas com mais riqueza de detalhes, pelos melhores nomes do mercado.<\/p>\n<p>Al\u00e9m de trabalhar conte\u00fados profundos e fazer novas e importantes conex\u00f5es (networking), na imers\u00e3o os participantes ir\u00e3o conhecer o m\u00e9todo CAUP, desenvolvido pelos s\u00f3cios da PWR Gest\u00e3o, que se baseia nos pilares conte\u00fado, ferramenta estrat\u00e9gica e execu\u00e7\u00e3o para aumentar seus resultados.<\/p>\n<p>&#8220;Se sua empresa n\u00e3o funciona sem voc\u00ea, se os processos ainda est\u00e3o indefinidos, ou h\u00e1 inseguran\u00e7a por conta da imprevisibilidade do caixa ou se a sua equipe est\u00e1 desmotivada ou sem proatividade, se voc\u00ea n\u00e3o tem tempo para voc\u00ea e sua fam\u00edlia, se falta clareza nas prioridades, voc\u00ea precisa terminantemente passar pelo Imers\u00e3o em Neg\u00f3cios. Ele foi criado justamente com esse objetivo de te auxiliar a identificar os problemas do seu empreendimento e te auxiliar a alinhar a rota&#8221;, finaliza o executivo, L\u00e1saro do Carmo.<\/p>\n<p>Entre os grandes nomes que j\u00e1 participaram como integrantes do Imers\u00e3o em Neg\u00f3cios est\u00e3o: Jo\u00e3o Kepler &#8211; empres\u00e1rio e conselheiro, <span class=\"xn-person\">Geraldo Rufino<\/span> &#8211; empres\u00e1rio, Rog\u00e9rio Minotouro &#8211; empres\u00e1rio e conselheiro, Fernanda\u00a0Venturini &#8211; ex-atleta, <span class=\"xn-person\">Marco Camargo<\/span> &#8211; produtor musical, Fabr\u00edcio Garcia &#8211; Magalu, H\u00e9lio Beltr\u00e3o &#8211; empres\u00e1rio e conselheiro e <span class=\"xn-person\">Henry Maksoud<\/span> &#8211; <span class=\"xn-person\">Maksoud Plaza<\/span>.<\/p>\n<p><b><u>Servi\u00e7o<\/u><\/b><br \/><b>Evento: <\/b>Imers\u00e3o em Neg\u00f3cios<br \/><b>Data:<\/b>\u00a024 e 26 de mar\u00e7o (sexta-feira, s\u00e1bado e domingo)<br \/><b>Hor\u00e1rio:<\/b>\u00a09h \u00e0s 18h<br \/><b>Local:<\/b>\u00a0Hotel Estanplaza Funchal<br \/><b>Endere\u00e7o: <\/b>R. Funchal, 281 &#8211; Vila Ol\u00edmpia, S\u00e3o Paulo\u00a0<br \/><b>Link de inscri\u00e7\u00e3o:<\/b>\u00a0<a href=\"https:\/\/grupopwr.com\/imersao-em-negocios\" target=\"_blank\" rel=\"nofollow noopener\">https:\/\/grupopwr.com\/imersao-em-negocios<\/a>-sp<\/p>\n<p><b>Sobre a PWR Gest\u00e3o<br \/><\/b>A\u00a0PWR Gest\u00e3o\u00a0\u00e9 uma das principais consultorias em gest\u00e3o de neg\u00f3cios do Brasil. Fundada em 2013, a empresa nasceu com o prop\u00f3sito de oferecer um novo modelo de consultoria, baseado na ado\u00e7\u00e3o de ferramentas pr\u00e1ticas e na implementa\u00e7\u00e3o de uma\u00a0gest\u00e3o de qualidade, focada no desenvolvimento das pessoas e do neg\u00f3cio. Com isso, a consultoria troca o foco do tradicional aconselhamento externo para um acompanhamento direto na execu\u00e7\u00e3o das estrat\u00e9gias recomendadas. O processo da PWR Gest\u00e3o prima pelo resultado e \u00e9 feito em total parceria com o cliente, construindo solu\u00e7\u00f5es e analisando cen\u00e1rios em cada etapa do processo. O neg\u00f3cio \u00e9 liderado por grandes nomes do mercado: Wilson S\u00e1 (CEO da PWR e especialista em Gest\u00e3o, Resultados e Lideran\u00e7a), <span class=\"xn-person\">Paulo Vitor Porto<\/span> (especialista em Gest\u00e3o Financeira), Radu\u00e1n Melo (economista especializado em Estrutura\u00e7\u00e3o comercial e organizacional), <span class=\"xn-person\">Miguel Dyna<\/span> (engenheiro, auditor e especialista em Gest\u00e3o de projetos) e <span class=\"xn-person\">Eduardo Bayma<\/span> (p\u00f3s-graduado em controladoria e especialista em Gest\u00e3o Estrat\u00e9gica). Para saber mais, acesse <a href=\"http:\/\/www.pwrgestao.com.br\" rel=\"nofollow\">www.pwrgestao.com.br<\/a>.<\/p>\n<p><b>Sobre a Capital Upgrade<br \/><\/b>A <b>Capital Upgrade<\/b> chegou ao mercado para impulsionar novos neg\u00f3cios e para auxiliar empres\u00e1rios e empreendedores, a terem mais sucesso e gerarem valor para os seus clientes. Por meio do empreendedorismo, da gest\u00e3o de qualidade e de cases de sucesso, a empresa apresenta ferramentas pr\u00e1ticas e workshops em todo o Brasil. Mais informa\u00e7\u00f5es est\u00e3o dispon\u00edveis no <a href=\"http:\/\/www.capitalupgrade.com.br\" rel=\"nofollow\">www.capitalupgrade.com.br<\/a><\/p>\n<p>CONTATO:\u00a0<b><a href=\"http:\/\/www.planin.com\/\" target=\"_blank\" rel=\"nofollow noopener\">Planin<\/a> &#8211; Assessoria de Imprensa e de Comunica\u00e7\u00e3o da PWR Gest\u00e3o | <\/b>Ang\u00e9lica Consiglio, Beatriz Imenes, <span class=\"xn-person\">Eduarda Lopes<\/span> e equipe &#8211; <u><a href=\"http:\/\/www.planin.com\/\" target=\"_blank\" rel=\"nofollow noopener\">www.planin.com<\/a><\/u>\u00a0\u00a0| Contatos: (11) 2138-8940 &#8211; E-mail: <a href=\"mailto:pwr@planin.com\" target=\"_blank\" rel=\"nofollow noopener\">pwr@planin.com<\/a>\u00a0<\/p>\n<p>Foto &#8211;\u00a0<a href=\"https:\/\/mma.prnewswire.com\/media\/2031993\/Imersa_o_17_234.jpg\" target=\"_blank\" rel=\"nofollow noopener\">https:\/\/mma.prnewswire.com\/media\/2031993\/Imersa_o_17_234.jpg<\/a><\/p>\n<div class=\"PRN_ImbeddedAssetReference\" id=\"DivAssetPlaceHolder2\"><\/div>\n<p>FONTE  PWR Management<\/p>\n<\/div>\n<p><img decoding=\"async\" alt=\"\" src=\"https:\/\/rt.prnewswire.com\/rt.gif?NewsItemId=PT41020&amp;Transmission_Id=202303151000PR_NEWS_LATAM____PT41020&amp;DateId=20230315\" style=\"border:0px;width:1px;height:1px\" \/><\/p>\n<p>A <b>OESP<\/b> nao e(sao) responsavel(is) por erros, incorrecoes, atrasos ou quaisquer decisoes tomadas por seus clientes com base nos Conteudos ora disponibilizados, bem como tais Conteudos nao representam a opiniao da <b>OESP<\/b> e sao de inteira responsabilidade da <b>PR Newswire Ltda<\/b><\/p>\n","protected":false},"excerpt":{"rendered":"PR NEWSWIRE Inscri\u00e7\u00f5es abertas para o &#8220;Imers\u00e3o em Neg\u00f3cios&#8221;, evento da Capital Upgrade, do Grupo PWR PR Newswire S\u00c3O PAULO, 15 de mar\u00e7o de 2023 S\u00e3o apenas 50 vagas e tr\u00eas dias","protected":false},"author":1,"featured_media":64111,"comment_status":"open","ping_status":"closed","sticky":false,"template":"","format":"standard","meta":{"_acf_changed":false,"inline_featured_image":false,"_monsterinsights_skip_tracking":false,"_monsterinsights_sitenote_active":false,"_monsterinsights_sitenote_note":"","_monsterinsights_sitenote_category":0,"footnotes":""},"categories":[31],"tags":[],"class_list":["post-64110","post","type-post","status-publish","format-standard","has-post-thumbnail","hentry","category-prnewsinternacional"],"acf":[],"_links":{"self":[{"href":"https:\/\/bluestudio.estadao.com.br\/agencia-de-comunicacao\/wp-json\/wp\/v2\/posts\/64110","targetHints":{"allow":["GET"]}}],"collection":[{"href":"https:\/\/bluestudio.estadao.com.br\/agencia-de-comunicacao\/wp-json\/wp\/v2\/posts"}],"about":[{"href":"https:\/\/bluestudio.estadao.com.br\/agencia-de-comunicacao\/wp-json\/wp\/v2\/types\/post"}],"author":[{"embeddable":true,"href":"https:\/\/bluestudio.estadao.com.br\/agencia-de-comunicacao\/wp-json\/wp\/v2\/users\/1"}],"replies":[{"embeddable":true,"href":"https:\/\/bluestudio.estadao.com.br\/agencia-de-comunicacao\/wp-json\/wp\/v2\/comments?post=64110"}],"version-history":[{"count":0,"href":"https:\/\/bluestudio.estadao.com.br\/agencia-de-comunicacao\/wp-json\/wp\/v2\/posts\/64110\/revisions"}],"wp:featuredmedia":[{"embeddable":true,"href":"https:\/\/bluestudio.estadao.com.br\/agencia-de-comunicacao\/wp-json\/wp\/v2\/media\/64111"}],"wp:attachment":[{"href":"https:\/\/bluestudio.estadao.com.br\/agencia-de-comunicacao\/wp-json\/wp\/v2\/media?parent=64110"}],"wp:term":[{"taxonomy":"category","embeddable":true,"href":"https:\/\/bluestudio.estadao.com.br\/agencia-de-comunicacao\/wp-json\/wp\/v2\/categories?post=64110"},{"taxonomy":"post_tag","embeddable":true,"href":"https:\/\/bluestudio.estadao.com.br\/agencia-de-comunicacao\/wp-json\/wp\/v2\/tags?post=64110"}],"curies":[{"name":"wp","href":"https:\/\/api.w.org\/{rel}","templated":true}]}}