{"id":63548,"date":"2023-03-02T11:42:00","date_gmt":"2023-03-02T14:42:00","guid":{"rendered":"https:\/\/bluestudio.estadao.com.br\/agencia-de-comunicacao\/2023\/03\/02\/pedro-salles-um-executivo-de-destaque-do-agronegocio-junta-se-ao-agro-club-no-brasil-para-liderar-o-crescimento-e-desenvolvimento-do-pais\/"},"modified":"2023-03-02T11:42:00","modified_gmt":"2023-03-02T14:42:00","slug":"pedro-salles-um-executivo-de-destaque-do-agronegocio-junta-se-ao-agro-club-no-brasil-para-liderar-o-crescimento-e-desenvolvimento-do-pais","status":"publish","type":"post","link":"https:\/\/bluestudio.estadao.com.br\/agencia-de-comunicacao\/prnewswire\/prnewsinternacional\/pedro-salles-um-executivo-de-destaque-do-agronegocio-junta-se-ao-agro-club-no-brasil-para-liderar-o-crescimento-e-desenvolvimento-do-pais\/","title":{"rendered":"Pedro Salles, um executivo de destaque do agroneg\u00f3cio, junta-se ao Agro.Club no Brasil para liderar o crescimento e desenvolvimento do pa\u00eds"},"content":{"rendered":"<p><b>PR NEWSWIRE<\/b><\/p>\n<div class=\"xn-newslines\">\n<h1 class=\"xn-hedline\">Pedro Salles, um executivo de destaque do agroneg\u00f3cio, junta-se ao Agro.Club no Brasil para liderar o crescimento e desenvolvimento do pa\u00eds<\/h1>\n<p class=\"xn-distributor\">PR Newswire<\/p>\n<p class=\"xn-dateline\">S\u00c3O PAULO, 2 de mar\u00e7o de 2023<\/p>\n<\/div>\n<div class=\"xn-content\">\n<span class=\"legendSpanClass\">S\u00c3O PAULO<\/span>, <span class=\"legendSpanClass\">2 de mar\u00e7o de 2023<\/span> <span>\/PRNewswire\/ &#8212; <\/span><span><b>Desde sua estr\u00e9ia no Brasil no ano passado, a Agro.Club tem experimentado uma forte ado\u00e7\u00e3o do seu mercado B2B, com um n\u00famero crescente de agricultores e consumidores de gr\u00e3os registrando transa\u00e7\u00f5es. Com um profundo conhecimento do com\u00e9rcio de gr\u00e3os brasileiro, <span class=\"xn-person\">Pedro Salles<\/span> junta-se \u00e0 Agro.Club Brasil como Country Manager. Sua chegada levar\u00e1 a companhia a um novo est\u00e1gio de expans\u00e3o do mercado. A Agro.Club preenche uma lacuna na digitaliza\u00e7\u00e3o do com\u00e9rcio de gr\u00e3os, tornando-o mais eficiente, e mitigando riscos para seus clientes e fornecedores.<\/b><\/span><\/p>\n<p><span><span class=\"xn-person\">Pedro Salles<\/span> tem mais de 15 anos de experi\u00eancia executiva no com\u00e9rcio de produtos agr\u00edcolas. Ao longo dos seus anos de gest\u00e3o na Gavilon e na Agribrasil, desempenhou um papel fundamental na constru\u00e7\u00e3o e amplia\u00e7\u00e3o dos neg\u00f3cios para estas empresas, transformando-as em importantes participantes neste mercado.<\/span><\/p>\n<p><span>Salles ir\u00e1 gerir todos os aspectos estrat\u00e9gicos e operacionais do neg\u00f3cio da empresa para estabelec\u00ea-la como um importante player no mercado local.<\/span><\/p>\n<p><span>&#8220;Minha experi\u00eancia no com\u00e9rcio de produtos agr\u00edcolas local e global ir\u00e1 acelerar o crescimento da companhia. A tecnologia digital da Agro.Club est\u00e1 revolucionando o complicado e ineficiente processo de com\u00e9rcio de gr\u00e3os&#8221;, diz o rec\u00e9m-nomeado diretor-geral.<\/span><\/p>\n<p><span>A plataforma de gr\u00e3os Full-Stack B2B da Agro.Club visa acrescentar mais valor e conveni\u00eancia a todos os participantes. O seu algoritmo analisa milhares de ofertas em busca do melhor match log\u00edstico e comercial, aumentando a efici\u00eancia e reduzindo os custos transacionais. O controle de qualidade, a log\u00edstica e o financiamento s\u00e3o tamb\u00e9m efectuados pela empresa, tornando os neg\u00f3cios de cereais seguros descomplicados para produtores e consumidores.<\/span><\/p>\n<p><span>&#8220;Fico muito feliz com a chegada de <span class=\"xn-person\">Pedro Salles<\/span> na lideran\u00e7a da Agro.Club Brasil, colocando seus esfor\u00e7os e conhecimento no desenvolvimento do nosso mercado de com\u00e9rcio de gr\u00e3os&#8221;, diz <span class=\"xn-person\">Egor Kirin<\/span>, CEO da Agro.Club global. &#8220;Pedro \u00e9 um dos executivos mais bem sucedidos no mercado brasileiro, com uma perspectiva abrangente e compreens\u00e3o dos mercados da LATAM. Com ele a bordo, seremos capazes de expandir mais rapidamente o nosso mercado global de cereais e cumprir a nossa miss\u00e3o de tornar o fornecimento global de alimentos mais seguro e sustent\u00e1vel. A plataforma j\u00e1 encontrou o seu mercado com mais de 40.000 agricultores e empresas de cereais de todo o mundo, dos quais mais de 5.000 s\u00e3o do Brasil&#8221;.<\/span><\/p>\n<p><span>Agro.Club \u00e9 uma empresa AgTech sediada nos EUA, agora presente em tr\u00eas dos maiores p\u00f3los agr\u00edcolas. Dirige um mercado global de cereais em pleno crescimento, permitindo aos seus usu\u00e1rios o com\u00e9rcio de cereais em todo o mundo. A empresa tem mais de 200 empregados globalmente e uma equipe executiva com experi\u00eancia agr\u00edcola, digital e fintech. A Agro.Club levantou capital de investidores internacionais como Rabo Frontier Ventures (Rabobank), Speedinvest, VentureFriends, e Elevator Ventures (Raiffeisen Bank).<\/span><\/p>\n<p><span>Siga o Agro.Club no LinkedIn: <a href=\"https:\/\/www.linkedin.com\/company\/agro-club\/\" rel=\"nofollow\">https:\/\/www.linkedin.com\/company\/agro-club\/<\/a><\/span><\/p>\n<p>\u00a0<\/p>\n<p>FONTE  Agro.Club<\/p>\n<\/div>\n<p><img decoding=\"async\" alt=\"\" src=\"https:\/\/rt.prnewswire.com\/rt.gif?NewsItemId=PT30407&amp;Transmission_Id=202303020932PR_NEWS_LATAM____PT30407&amp;DateId=20230302\" style=\"border:0px;width:1px;height:1px\" \/><\/p>\n<p>A <b>OESP<\/b> nao e(sao) responsavel(is) por erros, incorrecoes, atrasos ou quaisquer decisoes tomadas por seus clientes com base nos Conteudos ora disponibilizados, bem como tais Conteudos nao representam a opiniao da <b>OESP<\/b> e sao de inteira responsabilidade da <b>PR Newswire Ltda<\/b><\/p>\n","protected":false},"excerpt":{"rendered":"PR NEWSWIRE Pedro Salles, um executivo de destaque do agroneg\u00f3cio, junta-se ao Agro.Club no Brasil para liderar o crescimento e desenvolvimento do pa\u00eds PR Newswire S\u00c3O PAULO, 2 de mar\u00e7o de 2023","protected":false},"author":1,"featured_media":63549,"comment_status":"open","ping_status":"closed","sticky":false,"template":"","format":"standard","meta":{"_acf_changed":false,"inline_featured_image":false,"_monsterinsights_skip_tracking":false,"_monsterinsights_sitenote_active":false,"_monsterinsights_sitenote_note":"","_monsterinsights_sitenote_category":0,"footnotes":""},"categories":[31],"tags":[],"class_list":["post-63548","post","type-post","status-publish","format-standard","has-post-thumbnail","hentry","category-prnewsinternacional"],"acf":[],"_links":{"self":[{"href":"https:\/\/bluestudio.estadao.com.br\/agencia-de-comunicacao\/wp-json\/wp\/v2\/posts\/63548","targetHints":{"allow":["GET"]}}],"collection":[{"href":"https:\/\/bluestudio.estadao.com.br\/agencia-de-comunicacao\/wp-json\/wp\/v2\/posts"}],"about":[{"href":"https:\/\/bluestudio.estadao.com.br\/agencia-de-comunicacao\/wp-json\/wp\/v2\/types\/post"}],"author":[{"embeddable":true,"href":"https:\/\/bluestudio.estadao.com.br\/agencia-de-comunicacao\/wp-json\/wp\/v2\/users\/1"}],"replies":[{"embeddable":true,"href":"https:\/\/bluestudio.estadao.com.br\/agencia-de-comunicacao\/wp-json\/wp\/v2\/comments?post=63548"}],"version-history":[{"count":0,"href":"https:\/\/bluestudio.estadao.com.br\/agencia-de-comunicacao\/wp-json\/wp\/v2\/posts\/63548\/revisions"}],"wp:featuredmedia":[{"embeddable":true,"href":"https:\/\/bluestudio.estadao.com.br\/agencia-de-comunicacao\/wp-json\/wp\/v2\/media\/63549"}],"wp:attachment":[{"href":"https:\/\/bluestudio.estadao.com.br\/agencia-de-comunicacao\/wp-json\/wp\/v2\/media?parent=63548"}],"wp:term":[{"taxonomy":"category","embeddable":true,"href":"https:\/\/bluestudio.estadao.com.br\/agencia-de-comunicacao\/wp-json\/wp\/v2\/categories?post=63548"},{"taxonomy":"post_tag","embeddable":true,"href":"https:\/\/bluestudio.estadao.com.br\/agencia-de-comunicacao\/wp-json\/wp\/v2\/tags?post=63548"}],"curies":[{"name":"wp","href":"https:\/\/api.w.org\/{rel}","templated":true}]}}