{"id":45087,"date":"2023-01-09T06:12:00","date_gmt":"2023-01-09T06:12:00","guid":{"rendered":"https:\/\/patrocinados.estadao.com.br\/medialab\/agenciacomunicacao\/prnewswire\/prnewsbrasil\/ecolog-international-nomeia-juan-chaparro-como-diretor-executivo-e-presidente-da-diretoria-2\/"},"modified":"2023-01-09T06:12:00","modified_gmt":"2023-01-09T06:12:00","slug":"ecolog-international-nomeia-juan-chaparro-como-diretor-executivo-e-presidente-da-diretoria-2","status":"publish","type":"post","link":"https:\/\/bluestudio.estadao.com.br\/agencia-de-comunicacao\/prnewswire\/prnewseconomia\/ecolog-international-nomeia-juan-chaparro-como-diretor-executivo-e-presidente-da-diretoria-2\/","title":{"rendered":"Ecolog International nomeia Juan Chaparro como diretor executivo e presidente da diretoria"},"content":{"rendered":"<p><b>PR NEWSWIRE<\/b><\/p>\n<div class=\"xn-newslines\">\n<h1 class=\"xn-hedline\">Ecolog International nomeia Juan Chaparro como diretor executivo e presidente da diretoria<\/h1>\n<p class=\"xn-distributor\">PR Newswire<\/p>\n<p class=\"xn-dateline\">DUBAI, Emirados \u00c1rabes Unidos, 9 de janeiro de 2023<\/p>\n<\/div>\n<div class=\"xn-content\">\n<span class=\"legendSpanClass\"><span class=\"xn-location\">DUBAI<\/span>, Emirados \u00c1rabes Unidos<\/span>, <span class=\"legendSpanClass\">9 de janeiro de 2023<\/span> \/PRNewswire\/ &#8212;\u00a0A Ecolog International, provedora l\u00edder global de servi\u00e7os integrados e solu\u00e7\u00f5es de log\u00edstica para suporte \u00e0 vida, cadeia de suprimentos, energia e setores de sa\u00fade, anunciou a nomea\u00e7\u00e3o de <span class=\"xn-person\">Juan Chaparro<\/span> como presidente executivo da diretoria, em 1\u00ba de janeiro de 2023.<\/p>\n<p>Com mais de 30 anos de experi\u00eancia como executivo em gest\u00e3o de cadeia de suprimentos, aquisi\u00e7\u00f5es e fornecimento e tendo trabalhado para empresas reconhecidas globalmente como Zara (Inditex), Esprit e Primark, Chaparro traz uma vasta experi\u00eancia em gest\u00e3o complexa de log\u00edstica em ambientes acelerados e com foco em B2C. Isso se alinha com a estrat\u00e9gia de vis\u00e3o e crescimento da Ecolog e o torna uma adi\u00e7\u00e3o valiosa \u00e0 equipe de lideran\u00e7a.<\/p>\n<p>Ao comentar sobre seu novo cargo, <span class=\"xn-person\">Juan Chaparro<\/span> disse: &#8220;A Ecolog \u00e9 uma empresa \u00fanica, com uma hist\u00f3ria distinta e o potencial de ajudar a melhorar todos os aspectos da vida das pessoas que atende, de \u00e1gua e saneamento a alimenta\u00e7\u00e3o, sa\u00fade e o meio ambiente em geral. Seu foco orientado para as pessoas e sua cultura familiar, tanto interna quanto externamente, est\u00e3o entre as muitas raz\u00f5es pelas quais estou entusiasmado em me unir.&#8221;<\/p>\n<p>A nomea\u00e7\u00e3o de Chaparro ocorre em um momento crucial, \u00e0 medida que a Ecolog avan\u00e7a na amplia\u00e7\u00e3o de sua oferta de servi\u00e7os adicionando solu\u00e7\u00f5es personalizadas de sa\u00fade, \u00e1gua limpa e energia renov\u00e1vel, bem como tecnologias de alimentos sustent\u00e1veis. Com projetos em mercados emergentes e estabelecidos e atendendo a v\u00e1rios clientes institucionais, a Ecolog est\u00e1 pronta para utilizar sua escala e presen\u00e7a para tamb\u00e9m prestar servi\u00e7os diretos aos consumidores.<\/p>\n<p>&#8220;\u00c9 uma fase interessante do desenvolvimento da empresa, investigando como podemos mobilizar nosso ativo mais valioso, nossos funcion\u00e1rios e suas habilidades, para intensificar suas compet\u00eancias e ampliar nossa capacidade de ajudar mais pessoas de mais maneiras. Estou ansioso para contribuir em minha nova fun\u00e7\u00e3o e honrado por conduzir nossa incr\u00edvel equipe rumo a novos n\u00edveis de sucesso&#8221;, disse <span class=\"xn-person\">Juan Chaparro<\/span>.<\/p>\n<p><b>Sobre a Ecolog <\/b><\/p>\n<p>A Ecolog International \u00e9 uma provedora global de servi\u00e7os integrados e solu\u00e7\u00f5es sustent\u00e1veis personalizadas conforme as necessidades de uma gama diversificada de clientes nos setores humanit\u00e1rio, de sa\u00fade, energia, minera\u00e7\u00e3o e infraestrutura. Incorporada h\u00e1 mais de duas d\u00e9cadas na Alemanha, com presen\u00e7a em quase 40 pa\u00edses, a empresa possui um portf\u00f3lio de servi\u00e7os que inclui suporte \u00e0 vida, gest\u00e3o de cadeia de suprimentos, constru\u00e7\u00e3o, engenharia, sa\u00fade e servi\u00e7os ambientais. Motivada pela paix\u00e3o por servir as pessoas e as comunidades, a Ecolog tem uma vasta experi\u00eancia no fornecimento de solu\u00e7\u00f5es de resposta r\u00e1pida, log\u00edstica integrada e complexa, bem como opera\u00e7\u00f5es essenciais.<\/p>\n<p><b>Contato para a imprensa:<\/b>\u00a0<a href=\"mailto:press@ecolog-international.com\" target=\"_blank\" rel=\"noopener\">press@ecolog-international.com,<\/a> Tel.: +971 (0)4 299 4500\u00a0<\/p>\n<p>FONTE  Ecolog International<\/p>\n<\/div>\n<p><img decoding=\"async\" alt=\"\" src=\"https:\/\/rt.prnewswire.com\/rt.gif?NewsItemId=PT77981&amp;Transmission_Id=202301090400PR_NEWS_LATAM____PT77981&amp;DateId=20230109\" \/><\/p>\n<p>A <b>OESP<\/b> nao e(sao) responsavel(is) por erros, incorrecoes, atrasos ou quaisquer decisoes tomadas por seus clientes com base nos Conteudos ora disponibilizados, bem como tais Conteudos nao representam a opiniao da <b>OESP<\/b> e sao de inteira responsabilidade da <b>PR Newswire Ltda<\/b><\/p>\n","protected":false},"excerpt":{"rendered":"PR NEWSWIRE Ecolog International nomeia Juan Chaparro como diretor executivo e presidente da diretoria PR Newswire DUBAI, Emirados \u00c1rabes Unidos, 9 de janeiro de 2023 DUBAI, Emirados \u00c1rabes Unidos,","protected":false},"author":1,"featured_media":45086,"comment_status":"closed","ping_status":"closed","sticky":false,"template":"","format":"standard","meta":{"_acf_changed":false,"inline_featured_image":false,"_monsterinsights_skip_tracking":false,"_monsterinsights_sitenote_active":false,"_monsterinsights_sitenote_note":"","_monsterinsights_sitenote_category":0,"footnotes":""},"categories":[29],"tags":[],"class_list":["post-45087","post","type-post","status-publish","format-standard","has-post-thumbnail","hentry","category-prnewseconomia"],"acf":[],"_links":{"self":[{"href":"https:\/\/bluestudio.estadao.com.br\/agencia-de-comunicacao\/wp-json\/wp\/v2\/posts\/45087","targetHints":{"allow":["GET"]}}],"collection":[{"href":"https:\/\/bluestudio.estadao.com.br\/agencia-de-comunicacao\/wp-json\/wp\/v2\/posts"}],"about":[{"href":"https:\/\/bluestudio.estadao.com.br\/agencia-de-comunicacao\/wp-json\/wp\/v2\/types\/post"}],"author":[{"embeddable":true,"href":"https:\/\/bluestudio.estadao.com.br\/agencia-de-comunicacao\/wp-json\/wp\/v2\/users\/1"}],"replies":[{"embeddable":true,"href":"https:\/\/bluestudio.estadao.com.br\/agencia-de-comunicacao\/wp-json\/wp\/v2\/comments?post=45087"}],"version-history":[{"count":0,"href":"https:\/\/bluestudio.estadao.com.br\/agencia-de-comunicacao\/wp-json\/wp\/v2\/posts\/45087\/revisions"}],"wp:featuredmedia":[{"embeddable":true,"href":"https:\/\/bluestudio.estadao.com.br\/agencia-de-comunicacao\/wp-json\/wp\/v2\/media\/45086"}],"wp:attachment":[{"href":"https:\/\/bluestudio.estadao.com.br\/agencia-de-comunicacao\/wp-json\/wp\/v2\/media?parent=45087"}],"wp:term":[{"taxonomy":"category","embeddable":true,"href":"https:\/\/bluestudio.estadao.com.br\/agencia-de-comunicacao\/wp-json\/wp\/v2\/categories?post=45087"},{"taxonomy":"post_tag","embeddable":true,"href":"https:\/\/bluestudio.estadao.com.br\/agencia-de-comunicacao\/wp-json\/wp\/v2\/tags?post=45087"}],"curies":[{"name":"wp","href":"https:\/\/api.w.org\/{rel}","templated":true}]}}