{"id":45077,"date":"2023-01-06T10:42:00","date_gmt":"2023-01-06T10:42:00","guid":{"rendered":"https:\/\/patrocinados.estadao.com.br\/medialab\/agenciacomunicacao\/prnewswire\/prnewsbrasil\/ministerio-da-industria-e-recursos-minerais-da-arabia-saudita-atualiza-o-setor-sobre-o-future-minerals-forum-2023-fmf-2023\/"},"modified":"2023-01-06T10:42:00","modified_gmt":"2023-01-06T10:42:00","slug":"ministerio-da-industria-e-recursos-minerais-da-arabia-saudita-atualiza-o-setor-sobre-o-future-minerals-forum-2023-fmf-2023","status":"publish","type":"post","link":"https:\/\/bluestudio.estadao.com.br\/agencia-de-comunicacao\/prnewswire\/prnewsbrasil\/ministerio-da-industria-e-recursos-minerais-da-arabia-saudita-atualiza-o-setor-sobre-o-future-minerals-forum-2023-fmf-2023\/","title":{"rendered":"Minist\u00e9rio da Ind\u00fastria e Recursos Minerais da Ar\u00e1bia Saudita atualiza o setor sobre o Future Minerals Forum 2023 (FMF 2023)"},"content":{"rendered":"<p><b>PR NEWSWIRE<\/b><\/p>\n<div class=\"xn-newslines\">\n<h1 class=\"xn-hedline\">Minist\u00e9rio da Ind\u00fastria e Recursos Minerais da Ar\u00e1bia Saudita atualiza o setor sobre o Future Minerals Forum 2023 (FMF 2023)<\/h1>\n<p class=\"xn-distributor\">PR Newswire<\/p>\n<p class=\"xn-dateline\">RIAD, Ar\u00e1bia Saudita, 6 de janeiro de 2023<\/p>\n<\/div>\n<div class=\"xn-content\">\n<i>Em apenas seu segundo ano, o FMF se tornou um evento &#8220;obrigat\u00f3rio&#8221; no calend\u00e1rio global de minerais e metais<\/i><\/p>\n<p><span class=\"legendSpanClass\">RIAD, Ar\u00e1bia Saudita<\/span>, <span class=\"legendSpanClass\">6 de janeiro de 2023<\/span> \/PRNewswire\/ &#8212; O Minist\u00e9rio da Ind\u00fastria e Recursos Minerais (MIM) da Ar\u00e1bia Saudita anunciou hoje os detalhes finais sobre o segundo Future Minerals Forum (FMF), que acontecer\u00e1 de 10 a 12<sup>de<\/sup> janeiro no Centro Internacional de Confer\u00eancias Rei Abdulaziz em Riad.<\/p>\n<div id=\"prni_dvprnejpg0552left\"><img decoding=\"async\" src=\"https:\/\/mma.prnewswire.com\/media\/1978738\/Future_Minerals_Forum_2023.jpg\" alt=\"FMF will feature numerous informal engagement and networking sessions\" \/><\/div>\n<p>Os organizadores anunciaram que o evento tem o patroc\u00ednio de Sua Majestade, o Rei Salman bin Abdulaziz Al Saud.<\/p>\n<p>O primeiro FMF atraiu mais de 7.500 representantes presenciais e virtuais de mais de 50 pa\u00edses, que ouviram 150 l\u00edderes do setor. Com base nas inscri\u00e7\u00f5es atuais, o FMF 2023 promete entregar ainda mais, com um p\u00fablico esperado superior a 13 mil pessoas, e com delegados vindos de 130 pa\u00edses para ouvir mais de 200 palestrantes de n\u00edvel mundial.<\/p>\n<p>O FMF foi projetado como um &#8220;balc\u00e3o \u00fanico&#8221;, que destaca a emergente super regi\u00e3o de minera\u00e7\u00e3o que se estende da \u00c1frica \u00e0 \u00c1sia Central. Ele re\u00fane l\u00edderes globais da ind\u00fastria de minerais e metais, incluindo governos, investidores, exploradores e operadores de todo o mundo.<\/p>\n<p>Os destaques do pr\u00f3ximo evento de tr\u00eas dias incluem uma Mesa Redonda Ministerial e a pr\u00f3pria confer\u00eancia, com a participa\u00e7\u00e3o de 60 delega\u00e7\u00f5es governamentais de alto n\u00edvel e organiza\u00e7\u00f5es n\u00e3o governamentais do setor de minera\u00e7\u00e3o.<\/p>\n<p>A Mesa Redonda Ministerial busca um consenso sobre o futuro da super regi\u00e3o de minera\u00e7\u00e3o que inclui a \u00c1frica e a \u00c1sia Ocidental e Central, e o papel da regi\u00e3o no setor global de minerais e metais.<\/p>\n<p>O FMF 2023 tamb\u00e9m contar\u00e1 com diversas sess\u00f5es informais de engajamento e networking.<\/p>\n<p>A novidade neste ano \u00e9 que o FMF adicionou uma s\u00e9rie de recursos solicitados pelos participantes do ano passado, incluindo uma Exposi\u00e7\u00e3o da Ind\u00fastria e da Tecnologia no Saudi Pavilion, um estande interativo e multim\u00eddia desenvolvido para ajudar investidores e operadoras a navegar pela jornada do interesse ao investimento, \u00e0 explora\u00e7\u00e3o e \u00e0 opera\u00e7\u00e3o.<\/p>\n<p>Ao comentar sobre os novos recursos do FMF, Sua Excel\u00eancia Al-Mudaifer disse: &#8220;Estamos emocionados com a resposta do setor \u00e0 exposi\u00e7\u00e3o, e esperamos que seja uma \u00e1rea muito ocupada no evento. N\u00f3s tamb\u00e9m somos gratos a todos os principais catalisadores do governo da Ar\u00e1bia Saudita, que fizeram parceria para criar este pavilh\u00e3o. Isso facilitar\u00e1 a coleta de informa\u00e7\u00f5es e percep\u00e7\u00f5es para poss\u00edveis investidores, al\u00e9m do in\u00edcio do processo de investimento em minerais e metais no Reino&#8221;.<\/p>\n<p>Foto &#8211; <a href=\"https:\/\/mma.prnewswire.com\/media\/1978738\/Future_Minerals_Forum_2023.jpg\" target=\"_blank\" rel=\"noopener\">https:\/\/mma.prnewswire.com\/media\/1978738\/Future_Minerals_Forum_2023.jpg<\/a><\/p>\n<p>FONTE  Future Minerals Forum<\/p>\n<\/div>\n<p><img decoding=\"async\" alt=\"\" src=\"https:\/\/rt.prnewswire.com\/rt.gif?NewsItemId=PT79731&amp;Transmission_Id=202301060836PR_NEWS_LATAM____PT79731&amp;DateId=20230106\" \/><\/p>\n<p>A <b>OESP<\/b> nao e(sao) responsavel(is) por erros, incorrecoes, atrasos ou quaisquer decisoes tomadas por seus clientes com base nos Conteudos ora disponibilizados, bem como tais Conteudos nao representam a opiniao da <b>OESP<\/b> e sao de inteira responsabilidade da <b>PR Newswire Ltda<\/b><\/p>\n","protected":false},"excerpt":{"rendered":"PR NEWSWIRE Minist\u00e9rio da Ind\u00fastria e Recursos Minerais da Ar\u00e1bia Saudita atualiza o setor sobre o Future Minerals Forum 2023 (FMF 2023) PR Newswire RIAD, Ar\u00e1bia Saudita, 6 de janeiro de 2023 Em","protected":false},"author":1,"featured_media":45074,"comment_status":"closed","ping_status":"closed","sticky":false,"template":"","format":"standard","meta":{"_acf_changed":false,"inline_featured_image":false,"_monsterinsights_skip_tracking":false,"_monsterinsights_sitenote_active":false,"_monsterinsights_sitenote_note":"","_monsterinsights_sitenote_category":0,"footnotes":""},"categories":[28],"tags":[],"class_list":["post-45077","post","type-post","status-publish","format-standard","has-post-thumbnail","hentry","category-prnewsbrasil"],"acf":[],"_links":{"self":[{"href":"https:\/\/bluestudio.estadao.com.br\/agencia-de-comunicacao\/wp-json\/wp\/v2\/posts\/45077","targetHints":{"allow":["GET"]}}],"collection":[{"href":"https:\/\/bluestudio.estadao.com.br\/agencia-de-comunicacao\/wp-json\/wp\/v2\/posts"}],"about":[{"href":"https:\/\/bluestudio.estadao.com.br\/agencia-de-comunicacao\/wp-json\/wp\/v2\/types\/post"}],"author":[{"embeddable":true,"href":"https:\/\/bluestudio.estadao.com.br\/agencia-de-comunicacao\/wp-json\/wp\/v2\/users\/1"}],"replies":[{"embeddable":true,"href":"https:\/\/bluestudio.estadao.com.br\/agencia-de-comunicacao\/wp-json\/wp\/v2\/comments?post=45077"}],"version-history":[{"count":0,"href":"https:\/\/bluestudio.estadao.com.br\/agencia-de-comunicacao\/wp-json\/wp\/v2\/posts\/45077\/revisions"}],"wp:featuredmedia":[{"embeddable":true,"href":"https:\/\/bluestudio.estadao.com.br\/agencia-de-comunicacao\/wp-json\/wp\/v2\/media\/45074"}],"wp:attachment":[{"href":"https:\/\/bluestudio.estadao.com.br\/agencia-de-comunicacao\/wp-json\/wp\/v2\/media?parent=45077"}],"wp:term":[{"taxonomy":"category","embeddable":true,"href":"https:\/\/bluestudio.estadao.com.br\/agencia-de-comunicacao\/wp-json\/wp\/v2\/categories?post=45077"},{"taxonomy":"post_tag","embeddable":true,"href":"https:\/\/bluestudio.estadao.com.br\/agencia-de-comunicacao\/wp-json\/wp\/v2\/tags?post=45077"}],"curies":[{"name":"wp","href":"https:\/\/api.w.org\/{rel}","templated":true}]}}