{"id":44810,"date":"2022-12-30T15:57:00","date_gmt":"2022-12-30T15:57:00","guid":{"rendered":"https:\/\/patrocinados.estadao.com.br\/medialab\/agenciacomunicacao\/prnewswire\/prnewsinternacional\/por-que-a-saude-fisica-e-mental-sao-tao-importantes-para-os-negocios-grupo-reabre\/"},"modified":"2022-12-30T15:57:00","modified_gmt":"2022-12-30T15:57:00","slug":"por-que-a-saude-fisica-e-mental-sao-tao-importantes-para-os-negocios-grupo-reabre","status":"publish","type":"post","link":"https:\/\/bluestudio.estadao.com.br\/agencia-de-comunicacao\/prnewswire\/prnewsinternacional\/por-que-a-saude-fisica-e-mental-sao-tao-importantes-para-os-negocios-grupo-reabre\/","title":{"rendered":"POR QUE A SA\u00daDE F\u00cdSICA E MENTAL S\u00c3O T\u00c3O IMPORTANTES PARA OS NEG\u00d3CIOS? GRUPO REABRE"},"content":{"rendered":"<p><b>PR NEWSWIRE<\/b><\/p>\n<div class=\"xn-newslines\">\n<h1 class=\"xn-hedline\">POR QUE A SA\u00daDE F\u00cdSICA E MENTAL S\u00c3O T\u00c3O IMPORTANTES PARA OS NEG\u00d3CIOS? GRUPO REABRE<\/h1>\n<p class=\"xn-distributor\">PR Newswire<\/p>\n<p class=\"xn-dateline\">S\u00c3O PAULO, 30 de dezembro de 2022<\/p>\n<\/div>\n<div class=\"xn-content\">\n<span class=\"legendSpanClass\">S\u00c3O PAULO<\/span>, <span class=\"legendSpanClass\">30 de dezembro de 2022<\/span> <span>\/PRNewswire\/ &#8212; <\/span><span>A sa\u00fade f\u00edsica e mental s\u00e3o cruciais para o \u00eaxito empresarial. Isto porque elas afetam diretamente a produtividade, a tomada de decis\u00e3o e a lideran\u00e7a. Isso tamb\u00e9m quer dizer que ter uma vida fora do ambiente de trabalho faz parte do bem estar geral, garantindo uma melhor performance nos neg\u00f3cios.<\/span><\/p>\n<div class=\"PRN_ImbeddedAssetReference\" id=\"DivAssetPlaceHolder1\">\n<a href=\"https:\/\/mma.prnewswire.com\/media\/1975817\/1.html\" target=\"_blank\" rel=\"noopener\">  <img decoding=\"async\" src=\"https:\/\/mma.prnewswire.com\/media\/1975817\/1.jpg\" alt=\"\" \/><\/a>\n <\/p>\n<\/p><\/div>\n<p><span>Ter uma rotina din\u00e2mica e equilibrada pode ajudar os empres\u00e1rios a se sentirem mais energizados e focados quando est\u00e3o no trabalho, o que pode aumentar a produtividade e a efici\u00eancia. Al\u00e9m disso, praticar exerc\u00edcios f\u00edsicos regularmente e ter hobbies ajuda a promover a sa\u00fade mental, o que \u00e9 crucial para a tomada de decis\u00f5es e diminui\u00e7\u00e3o do estresse.<\/span><\/p>\n<p><span>A empres\u00e1ria que est\u00e1 \u00e0 frente do Grupo Reabre, Uilma Silva de Queiroz, afirma que ser capaz de gerenciar o estresse de uma maneira mais eficiente pode ser essencial em momentos de &#8220;tomada de decis\u00e3o&#8221;. Al\u00e9m disso, ela enfatiza que a sa\u00fade f\u00edsica e mental s\u00e3o elementos fundamentais para a cria\u00e7\u00e3o de uma cultura de trabalho positiva, o que pode ser decisivo para a perman\u00eancia de funcion\u00e1rios de alto n\u00edvel.<\/span><\/p>\n<p><span>Existem v\u00e1rios fatores que contribuem para a sa\u00fade f\u00edsica e mental, incluindo exerc\u00edcio f\u00edsico regular, alimenta\u00e7\u00e3o saud\u00e1vel e gest\u00e3o do estresse.<\/span> <span><span class=\"xn-person\">Oprah Winfrey<\/span>, que \u00e9 empres\u00e1ria e tamb\u00e9m uma lenda da TV americana, fala que a sa\u00fade \u00e9 a base para o sucesso em qualquer \u00e1rea da vida. Sem ela, n\u00e3o podemos alcan\u00e7ar nossos objetivos ou viver de maneira plena.<\/span><\/p>\n<p><span>Essa afirma\u00e7\u00e3o refor\u00e7a ainda mais o que a empres\u00e1ria Uilma Silva de Queiroz destaca, ao dizer que o bem-estar f\u00edsico e mental n\u00e3o s\u00f3 beneficia os neg\u00f3cios, mas tamb\u00e9m equilibra de maneira positiva e satisfat\u00f3ria a vida pessoal e profissional.<\/span><\/p>\n<p><span>\u00c9 importante lembrar que, em ambientes de trabalho estressantes, \u00e9 fundamental se proteger e manter a sa\u00fade em forma. Isso pode ajudar a garantir que os problemas sejam tratados de maneira eficaz e possam ser resolvidos de maneira r\u00e1pida e eficiente.<\/span><\/p>\n<p><span>Por fim, \u00e9 importante destacar a import\u00e2ncia de estar fisicamente e emocionalmente bem, s\u00f3 assim \u00e9 poss\u00edvel manter uma vida equilibrada e potencializar a produtividade nos neg\u00f3cios. Ter sucesso \u00e9 garantir que a vida pessoal e profissional estejam em harmonia.<\/span><\/p>\n<p><span>Portanto, promover uma cultura de cuidado pessoal no ambiente de trabalho e fora dele, pode garantir uma melhor vers\u00e3o de empres\u00e1rios que impulsionam os neg\u00f3cios com mais chances de sucesso.<\/span><\/p>\n<p><b><i><span><a href=\"https:\/\/reabre.com.br\/\" target=\"_blank\" rel=\"noopener\"><span>https:\/\/reabre.com.br<\/span><\/a><\/span><\/i><\/b><\/p>\n<p><span>Grupo Reabre<\/span><\/p>\n<p>Foto &#8211; <a href=\"https:\/\/mma.prnewswire.com\/media\/1975817\/1.jpg\" target=\"_blank\" rel=\"noopener\">https:\/\/mma.prnewswire.com\/media\/1975817\/1.jpg<\/a><br \/>Foto &#8211; <a href=\"https:\/\/mma.prnewswire.com\/media\/1975818\/2.jpg\" target=\"_blank\" rel=\"noopener\">https:\/\/mma.prnewswire.com\/media\/1975818\/2.jpg<\/a><\/p>\n<div class=\"PRN_ImbeddedAssetReference\" id=\"DivAssetPlaceHolder2\">\n<a href=\"https:\/\/mma.prnewswire.com\/media\/1975818\/2.html\" target=\"_blank\" rel=\"noopener\">  <img decoding=\"async\" src=\"https:\/\/mma.prnewswire.com\/media\/1975818\/2.jpg\" alt=\"\" \/><\/a>\n <\/p>\n<\/div>\n<p>FONTE  Grupo Reabre<\/p>\n<\/div>\n<p><img decoding=\"async\" alt=\"\" src=\"https:\/\/rt.prnewswire.com\/rt.gif?NewsItemId=PT75742&amp;Transmission_Id=202212301349PR_NEWS_LATAM____PT75742&amp;DateId=20221230\" \/><\/p>\n<p>A <b>OESP<\/b> nao e(sao) responsavel(is) por erros, incorrecoes, atrasos ou quaisquer decisoes tomadas por seus clientes com base nos Conteudos ora disponibilizados, bem como tais Conteudos nao representam a opiniao da <b>OESP<\/b> e sao de inteira responsabilidade da <b>PR Newswire Ltda<\/b><\/p>\n","protected":false},"excerpt":{"rendered":"PR NEWSWIRE POR QUE A SA\u00daDE F\u00cdSICA E MENTAL S\u00c3O T\u00c3O IMPORTANTES PARA OS NEG\u00d3CIOS? GRUPO REABRE PR Newswire S\u00c3O PAULO, 30 de dezembro de 2022 S\u00c3O PAULO, 30 de dezembro de 2022 \/PRNewswire\/","protected":false},"author":1,"featured_media":44811,"comment_status":"closed","ping_status":"closed","sticky":false,"template":"","format":"standard","meta":{"_acf_changed":false,"inline_featured_image":false,"_monsterinsights_skip_tracking":false,"_monsterinsights_sitenote_active":false,"_monsterinsights_sitenote_note":"","_monsterinsights_sitenote_category":0,"footnotes":""},"categories":[31],"tags":[],"class_list":["post-44810","post","type-post","status-publish","format-standard","has-post-thumbnail","hentry","category-prnewsinternacional"],"acf":[],"_links":{"self":[{"href":"https:\/\/bluestudio.estadao.com.br\/agencia-de-comunicacao\/wp-json\/wp\/v2\/posts\/44810","targetHints":{"allow":["GET"]}}],"collection":[{"href":"https:\/\/bluestudio.estadao.com.br\/agencia-de-comunicacao\/wp-json\/wp\/v2\/posts"}],"about":[{"href":"https:\/\/bluestudio.estadao.com.br\/agencia-de-comunicacao\/wp-json\/wp\/v2\/types\/post"}],"author":[{"embeddable":true,"href":"https:\/\/bluestudio.estadao.com.br\/agencia-de-comunicacao\/wp-json\/wp\/v2\/users\/1"}],"replies":[{"embeddable":true,"href":"https:\/\/bluestudio.estadao.com.br\/agencia-de-comunicacao\/wp-json\/wp\/v2\/comments?post=44810"}],"version-history":[{"count":0,"href":"https:\/\/bluestudio.estadao.com.br\/agencia-de-comunicacao\/wp-json\/wp\/v2\/posts\/44810\/revisions"}],"wp:featuredmedia":[{"embeddable":true,"href":"https:\/\/bluestudio.estadao.com.br\/agencia-de-comunicacao\/wp-json\/wp\/v2\/pages\/44811"}],"wp:attachment":[{"href":"https:\/\/bluestudio.estadao.com.br\/agencia-de-comunicacao\/wp-json\/wp\/v2\/media?parent=44810"}],"wp:term":[{"taxonomy":"category","embeddable":true,"href":"https:\/\/bluestudio.estadao.com.br\/agencia-de-comunicacao\/wp-json\/wp\/v2\/categories?post=44810"},{"taxonomy":"post_tag","embeddable":true,"href":"https:\/\/bluestudio.estadao.com.br\/agencia-de-comunicacao\/wp-json\/wp\/v2\/tags?post=44810"}],"curies":[{"name":"wp","href":"https:\/\/api.w.org\/{rel}","templated":true}]}}