{"id":44779,"date":"2022-12-28T09:12:00","date_gmt":"2022-12-28T09:12:00","guid":{"rendered":"https:\/\/patrocinados.estadao.com.br\/medialab\/agenciacomunicacao\/prnewswire\/prnewsinternacional\/planejamento-financeiro-como-se-proteger-diante-de-um-cenario-economico-incerto\/"},"modified":"2022-12-28T09:12:00","modified_gmt":"2022-12-28T09:12:00","slug":"planejamento-financeiro-como-se-proteger-diante-de-um-cenario-economico-incerto","status":"publish","type":"post","link":"https:\/\/bluestudio.estadao.com.br\/agencia-de-comunicacao\/prnewswire\/prnewseconomia\/planejamento-financeiro-como-se-proteger-diante-de-um-cenario-economico-incerto\/","title":{"rendered":"Planejamento financeiro: como se proteger diante de um cen\u00e1rio econ\u00f4mico incerto"},"content":{"rendered":"<p><b>PR NEWSWIRE<\/b><\/p>\n<div class=\"xn-newslines\">\n<h1 class=\"xn-hedline\">Planejamento financeiro: como se proteger diante de um cen\u00e1rio econ\u00f4mico incerto<\/h1>\n<p class=\"xn-distributor\">PR Newswire<\/p>\n<p class=\"xn-dateline\">S\u00c3O PAULO, 28 de dezembro de 2022<\/p>\n<\/div>\n<div class=\"xn-content\">\n<p class=\"prntac\"><i>Banco Central projeta crescimento abaixo de 1% em 2023, o que pode afetar a condi\u00e7\u00e3o econ\u00f4mica do brasileiro<\/i><\/p>\n<p class=\"prntac\"><i>Especialista da Omint Seguros explica que o seguro de vida individual \u00e9 o produto mais indicado para prote\u00e7\u00e3o financeira.<\/i><\/p>\n<p><span class=\"legendSpanClass\">S\u00c3O PAULO<\/span>, <span class=\"legendSpanClass\">28 de dezembro de 2022<\/span> \/PRNewswire\/ &#8212; Em um cen\u00e1rio com uma economia global desacelerada e com proje\u00e7\u00f5es de crescimento abaixo de 1% no Brasil, de acordo com informa\u00e7\u00f5es divulgadas pelo Banco Central em dezembro, ter um planejamento financeiro coerente com a realidade e com objetivos tang\u00edveis \u00e9 essencial para passar por este per\u00edodo da forma mais est\u00e1vel poss\u00edvel.<\/p>\n<p>&#8220;Estamos em um momento de transi\u00e7\u00e3o, com um cen\u00e1rio econ\u00f4mico ainda incerto. Dessa forma, \u00e9 preciso ter um olhar atento para evitar que a sa\u00fade financeira seja impactada&#8221;, afirma o diretor de Vendas de Seguros na Omint, Jos\u00e9 Luiz Florippes. &#8220;<span class=\"xn-person\">Diante de<\/span> situa\u00e7\u00f5es como esta, n\u00e3o basta apenas manter investimentos, \u00e9 preciso ter ativos de prote\u00e7\u00e3o para resguardar o patrim\u00f4nio constru\u00eddo, caso surjam imprevistos no caminho&#8221;, complementa.<\/p>\n<p>O especialista explica que o seguro de vida individual \u00e9 um ativo de prote\u00e7\u00e3o e uma ferramenta para ser utilizada em vida, pois caso aconte\u00e7a algum imprevisto, o suporte do capital segurado estar\u00e1 \u00e0 disposi\u00e7\u00e3o para passar por esse momento com mais tranquilidade, sabendo que os investimentos, previd\u00eancia privada ou a pr\u00f3pria poupan\u00e7a n\u00e3o precisar\u00e3o ser movimentados a favor de seu sustento.<\/p>\n<p>&#8220;H\u00e1 diversos cen\u00e1rios em que uma ap\u00f3lice pode ser usufru\u00edda, como uma invalidez por acidente, uma doen\u00e7a grave, uma interna\u00e7\u00e3o hospitalar ou at\u00e9 mesmo o diagn\u00f3stico de um c\u00e2ncer e de outras doen\u00e7as graves. <span class=\"xn-person\">Diante de<\/span> um contexto de instabilidade, proteger a capacidade de gerar renda \u00e9 fundamental para a vitalidade econ\u00f4mica&#8221;, comenta Florippes.<\/p>\n<p><b>Al\u00e9m de estabilidade, o seguro de vida pode gerar economia<\/b><\/p>\n<p>H\u00e1 tamb\u00e9m op\u00e7\u00f5es de seguros que ofertam algumas assist\u00eancias que podem ser acionadas durante uma necessidade, o que gera economia. &#8220;Uma das mais procuradas na Omint Seguros \u00e9 a Assist\u00eancia Pet para c\u00e3es e gatos, que cobre consultas veterin\u00e1rias, transporte veterin\u00e1rio emergencial, aplica\u00e7\u00e3o de vacinas em domic\u00edlio, hospedagem de animais e at\u00e9 assist\u00eancia funeral. Quem tem animal em casa sabe que o gasto para o manter saud\u00e1vel \u00e9 grande&#8221;, declara o executivo.<\/p>\n<p>Al\u00e9m dessa assist\u00eancia, h\u00e1 tamb\u00e9m op\u00e7\u00f5es para aconselhamento psicol\u00f3gico, que promove atendimento telef\u00f4nico receptivo; suporte \u00e0 inform\u00e1tica para aux\u00edlio na utiliza\u00e7\u00e3o de computadores; nutricional com orienta\u00e7\u00e3o sobre alimenta\u00e7\u00e3o e incentivo a uma rotina saud\u00e1vel que inclui perfil nutricional,\u00a0orienta\u00e7\u00f5es sobre card\u00e1pios, compra de alimento, amamenta\u00e7\u00e3o, primeira inf\u00e2ncia, terceira idade, nutri\u00e7\u00e3o e controle de peso, sa\u00fade da mulher, nutri\u00e7\u00e3o desportiva e demais instru\u00e7\u00f5es; v\u00edtima de crime cujo servi\u00e7o disp\u00f5e de remo\u00e7\u00e3o m\u00e9dica inter-hospitalar, traslado de corpo, transporte alternativo, transporte, envio e hospedagem de familiar e chaveiro caso o segurado seja v\u00edtima de agress\u00e3o, roubo ou furto; residencial que contempla emergenciais na resid\u00eancia do segurado, como encanador, chaveiro, cobertura provis\u00f3ria de telhados e eletricista, instala\u00e7\u00e3o de itens e check-up lar (revis\u00e3o de instala\u00e7\u00e3o el\u00e9trica, troca de tomadas e interruptores, verifica\u00e7\u00e3o de vazamentos, limpeza de ralos e sif\u00f5es, calhas, servi\u00e7o de rejuntamento, substitui\u00e7\u00e3o de telhas, troca de resist\u00eancia de chuveiro el\u00e9trico) e remo\u00e7\u00e3o inter-hospitalar.<\/p>\n<p>\u00c9 poss\u00edvel realizar uma cota\u00e7\u00e3o pelo site da Omint, em <a href=\"http:\/\/www.omint.com.br\/seguro-vida\/\" target=\"_blank\" rel=\"noopener\">www.omint.com.br\/seguro-vida\/<\/a>.<\/p>\n<p><b>Sobre Omint<\/b><\/p>\n<p>H\u00e1 mais de 40 anos, a Omint iniciou suas opera\u00e7\u00f5es no Brasil com o lan\u00e7amento do primeiro plano de sa\u00fade de alto padr\u00e3o do pa\u00eds. Desde ent\u00e3o, \u00e9 refer\u00eancia absoluta nesse segmento de mercado, mantendo viva a sua voca\u00e7\u00e3o de cuidar de pessoas, com o compromisso de proporcionar um servi\u00e7o m\u00e9dico de m\u00e1xima qualidade e grande foco na preven\u00e7\u00e3o e promo\u00e7\u00e3o da sa\u00fade.<\/p>\n<p>Os valores humanos e o rigor com o padr\u00e3o de excel\u00eancia elevaram ao mais alto n\u00edvel o \u00edndice de recomenda\u00e7\u00e3o entre os clientes, gestores de Recursos Humanos e credenciados e tornaram os planos m\u00e9dicos e odontol\u00f3gicos Omint objeto de desejo no pacote de benef\u00edcios de executivos e colaboradores das empresas e elevando o tempo m\u00e9dio de perman\u00eancia de nossos clientes, muito al\u00e9m da m\u00e9dia de mercado.<\/p>\n<p>Em 1999, a Omint inaugurou uma cl\u00ednica odontol\u00f3gica pr\u00f3pria para atendimento exclusivo dos clientes de seus planos e particulares, trazendo para esse segmento uma qualidade at\u00e9 ent\u00e3o in\u00e9dita. Atualmente com duas unidades em S\u00e3o Paulo, a Cl\u00ednica Omint Odonto e Est\u00e9tica oferece o estado da arte da odontologia, tendo sido a primeira cl\u00ednica odontol\u00f3gica brasileira a conquistar a certifica\u00e7\u00e3o JCI (Joint Commission International), o mais importante selo de qualidade mundial para institui\u00e7\u00f5es de sa\u00fade.<\/p>\n<p>Seguindo sua voca\u00e7\u00e3o de cuidar de pessoas, em 2015 o Grupo Omint lan\u00e7a a Omint Seguros, replicando no mercado de seguro de pessoas o modelo de excel\u00eancia constru\u00eddo pelo Grupo no segmento de sa\u00fade suplementar. A Omint Seguros comercializa atualmente seguros de vida individual, de vida em grupo e de viagem.<\/p>\n<p>\u00a0<\/p>\n<p>FONTE  Omint Seguros<\/p>\n<\/div>\n<p><img decoding=\"async\" alt=\"\" src=\"https:\/\/rt.prnewswire.com\/rt.gif?NewsItemId=PT74349&amp;Transmission_Id=202212280700PR_NEWS_LATAM____PT74349&amp;DateId=20221228\" \/><\/p>\n<p>A <b>OESP<\/b> nao e(sao) responsavel(is) por erros, incorrecoes, atrasos ou quaisquer decisoes tomadas por seus clientes com base nos Conteudos ora disponibilizados, bem como tais Conteudos nao representam a opiniao da <b>OESP<\/b> e sao de inteira responsabilidade da <b>PR Newswire Ltda<\/b><\/p>\n","protected":false},"excerpt":{"rendered":"PR NEWSWIRE Planejamento financeiro: como se proteger diante de um cen\u00e1rio econ\u00f4mico incerto PR Newswire S\u00c3O PAULO, 28 de dezembro de 2022 Banco Central projeta crescimento abaixo de 1% em 2023, o","protected":false},"author":1,"featured_media":44780,"comment_status":"closed","ping_status":"closed","sticky":false,"template":"","format":"standard","meta":{"_acf_changed":false,"inline_featured_image":false,"_monsterinsights_skip_tracking":false,"_monsterinsights_sitenote_active":false,"_monsterinsights_sitenote_note":"","_monsterinsights_sitenote_category":0,"footnotes":""},"categories":[29],"tags":[],"class_list":["post-44779","post","type-post","status-publish","format-standard","has-post-thumbnail","hentry","category-prnewseconomia"],"acf":[],"_links":{"self":[{"href":"https:\/\/bluestudio.estadao.com.br\/agencia-de-comunicacao\/wp-json\/wp\/v2\/posts\/44779","targetHints":{"allow":["GET"]}}],"collection":[{"href":"https:\/\/bluestudio.estadao.com.br\/agencia-de-comunicacao\/wp-json\/wp\/v2\/posts"}],"about":[{"href":"https:\/\/bluestudio.estadao.com.br\/agencia-de-comunicacao\/wp-json\/wp\/v2\/types\/post"}],"author":[{"embeddable":true,"href":"https:\/\/bluestudio.estadao.com.br\/agencia-de-comunicacao\/wp-json\/wp\/v2\/users\/1"}],"replies":[{"embeddable":true,"href":"https:\/\/bluestudio.estadao.com.br\/agencia-de-comunicacao\/wp-json\/wp\/v2\/comments?post=44779"}],"version-history":[{"count":0,"href":"https:\/\/bluestudio.estadao.com.br\/agencia-de-comunicacao\/wp-json\/wp\/v2\/posts\/44779\/revisions"}],"wp:featuredmedia":[{"embeddable":true,"href":"https:\/\/bluestudio.estadao.com.br\/agencia-de-comunicacao\/wp-json\/"}],"wp:attachment":[{"href":"https:\/\/bluestudio.estadao.com.br\/agencia-de-comunicacao\/wp-json\/wp\/v2\/media?parent=44779"}],"wp:term":[{"taxonomy":"category","embeddable":true,"href":"https:\/\/bluestudio.estadao.com.br\/agencia-de-comunicacao\/wp-json\/wp\/v2\/categories?post=44779"},{"taxonomy":"post_tag","embeddable":true,"href":"https:\/\/bluestudio.estadao.com.br\/agencia-de-comunicacao\/wp-json\/wp\/v2\/tags?post=44779"}],"curies":[{"name":"wp","href":"https:\/\/api.w.org\/{rel}","templated":true}]}}