{"id":44755,"date":"2022-12-27T13:58:00","date_gmt":"2022-12-27T13:58:00","guid":{"rendered":"https:\/\/patrocinados.estadao.com.br\/medialab\/agenciacomunicacao\/prnewswire\/prnewsinternacional\/vitoria-hotel-e-quintal-do-vila-na-regiao-de-campinas-oferecem-opcoes-para-curtir-as-ferias-com-as-criancas-nos-finais-de-semana\/"},"modified":"2022-12-27T13:58:00","modified_gmt":"2022-12-27T13:58:00","slug":"vitoria-hotel-e-quintal-do-vila-na-regiao-de-campinas-oferecem-opcoes-para-curtir-as-ferias-com-as-criancas-nos-finais-de-semana","status":"publish","type":"post","link":"https:\/\/bluestudio.estadao.com.br\/agencia-de-comunicacao\/prnewswire\/prnewsinternacional\/vitoria-hotel-e-quintal-do-vila-na-regiao-de-campinas-oferecem-opcoes-para-curtir-as-ferias-com-as-criancas-nos-finais-de-semana\/","title":{"rendered":"Vit\u00f3ria Hotel e Quintal do Vila, na regi\u00e3o de Campinas, oferecem op\u00e7\u00f5es para curtir as f\u00e9rias com as crian\u00e7as nos finais de semana"},"content":{"rendered":"<p><b>PR NEWSWIRE<\/b><\/p>\n<div class=\"xn-newslines\">\n<h1 class=\"xn-hedline\">Vit\u00f3ria Hotel e Quintal do Vila, na regi\u00e3o de Campinas, oferecem op\u00e7\u00f5es para curtir as f\u00e9rias com as crian\u00e7as nos finais de semana<\/h1>\n<p class=\"xn-distributor\">PR Newswire<\/p>\n<p class=\"xn-dateline\">CAMPINAS, Brasil, 27 de dezembro de 2022<\/p>\n<\/div>\n<div class=\"xn-content\">\n<span class=\"legendSpanClass\">CAMPINAS, Brasil<\/span>, <span class=\"legendSpanClass\">27 de dezembro de 2022<\/span> \/PRNewswire\/ &#8212; Reconhecida pela produ\u00e7\u00e3o cient\u00edfica, parque universit\u00e1rio, turismo de neg\u00f3cios e por sua pujan\u00e7a econ\u00f4mica, a Regi\u00e3o Metropolitana de Campinas (RMC) tamb\u00e9m tem diversas op\u00e7\u00f5es para quem busca pelo turismo de lazer e gastron\u00f4mico nos finais de semana e f\u00e9rias escolares, dentre eles o Quintal do <span class=\"xn-location\">Vila<\/span>, em Campinas, e o Hotel Vit\u00f3ria Indaiatuba Convention.<\/p>\n<div class=\"PRN_ImbeddedAssetReference\" id=\"DivAssetPlaceHolder1\">\n<a href=\"https:\/\/mma.prnewswire.com\/media\/1974743\/1.html\" target=\"_blank\" rel=\"noopener\">  <img decoding=\"async\" src=\"https:\/\/mma.prnewswire.com\/media\/1974743\/1.jpg\" alt=\"\" \/><\/a>\n <\/p>\n<\/p><\/div>\n<p>A 95 quil\u00f4metros de S\u00e3o Paulo e com f\u00e1cil acesso pelas rodovias Bandeirantes, Dom Pedro e Anhanguera para quem sai de S\u00e3o Paulo ou outras regi\u00f5es do interior paulista, hot\u00e9is e grupos gastron\u00f4micos das cidades da regi\u00e3o prepararam diversas atividades para o m\u00eas de janeiro para receber as fam\u00edlias durante todo o m\u00eas de recesso escolar. O turismo de passeio representa atualmente cerca de 20% dos neg\u00f3cios da rede hoteleira regional, segundo dados do Campinas e Regi\u00e3o Conventions &amp; Vistors Bureau (CRC&amp;VB).<\/p>\n<p>Em Campinas, o Quintal do <span class=\"xn-location\">Vila<\/span>, localizado dentro do empreendimento gastron\u00f4mico Vila Para\u00edso, no Distrito de Joaquim Eg\u00eddio, conta com uma \u00e1rea uma grande \u00e1rea verde instalada dentro de \u00c1rea de Prote\u00e7\u00e3o Ambiental (APA), cercado de mata natural, lagos e com uma infraestrutura para realiza\u00e7\u00e3o de piquenique. Durante o m\u00eas de janeiro, o espa\u00e7o abre aos s\u00e1bados e domingos ? mediante reserva e compra de cestas de caf\u00e9 ou brunch pelo telefone (19) 3298-6913 -, onde os pais podem passar o dia todo e as crian\u00e7as aproveitarem brincadeiras e atividades recreativas, sob a supervis\u00e3o de monitores.<\/p>\n<p>A experi\u00eancia no local come\u00e7a logo na chegada ao estacionamento. Pais, filhos e casais s\u00e3o transportados para o Quintal do <span class=\"xn-location\">Vila<\/span> em um trenzinho, onde t\u00eam a oportunidade de apreciar a natureza ao longo do trajeto at\u00e9 o espa\u00e7o reservado, que tamb\u00e9m \u00e9 considerado Pet Family.\u00a0<\/p>\n<p>Ao lado de Campinas, outra op\u00e7\u00e3o para as f\u00e9rias escolares \u00e9 o Hotel Vitoria Indaiatuba Convention, instalado em uma \u00e1rea com 15 mil metros quadrados, estrategicamente localizado pr\u00f3ximo ao aeroporto de Viracopos e das principais rodovias da regi\u00e3o.<\/p>\n<p>Localizado em uma \u00e1rea totalmente arborizada, cercado de tranquilidade e ao lado do Museu da \u00c1gua, o Vit\u00f3ria Hotel Indaiatuba oferece uma ampla \u00e1rea de lazer com piscinas, sauna, quadras poliesportivas, campo de futebol gramado e academia com espa\u00e7os arejados e treinos espec\u00edficos com acompanhamento dirigido.<\/p>\n<p>Nas f\u00e9rias, al\u00e9m de toda infraestrutura do local, o hotel disponibilizar\u00e1 recrea\u00e7\u00e3o com monitores da Sorria Eventos, com in\u00fameras brincadeiras e atividades para crian\u00e7as dividas por faixas et\u00e1rias.<\/p>\n<p>Al\u00e9m de passar o dia ou ficar hospedados, os turistas tamb\u00e9m podem conhecer outros pontos tur\u00edsticos da regi\u00e3o, como o Pico das Cabras, passeio de Maria Fuma\u00e7a por \u00e1reas hist\u00f3ricas e ainda desfrutar da alta gastronomia regional, composta por mais de 17 mil estabelecimentos, segundo dados da Associa\u00e7\u00e3o Brasileira de Bares e Restaurantes (Abrasel) Regional Campinas, e da rica variedade de sabores.<\/p>\n<p><a href=\"https:\/\/www.instagram.com\/quintaldovila\/\" target=\"_blank\" rel=\"noopener\">https:\/\/www.instagram.com\/quintaldovila\/<\/a><\/p>\n<p><a href=\"https:\/\/www.vitoriahoteis.com.br\/\" target=\"_blank\" rel=\"noopener\">https:\/\/www.vitoriahoteis.com.br\/<\/a><\/p>\n<p>Foto &#8211; <a href=\"https:\/\/mma.prnewswire.com\/media\/1974743\/1.jpg\" target=\"_blank\" rel=\"noopener\">https:\/\/mma.prnewswire.com\/media\/1974743\/1.jpg<\/a><\/p>\n<p>\u00a0<\/p>\n<div class=\"PRN_ImbeddedAssetReference\" id=\"DivAssetPlaceHolder2\"><\/div>\n<p>FONTE  Rede Vit\u00f3ria Hot\u00e9is; Quintal do <span class=\"xn-location\">Vila<\/span><\/p>\n<\/div>\n<p><img decoding=\"async\" alt=\"\" src=\"https:\/\/rt.prnewswire.com\/rt.gif?NewsItemId=PT74231&amp;Transmission_Id=202212271147PR_NEWS_LATAM____PT74231&amp;DateId=20221227\" \/><\/p>\n<p>A <b>OESP<\/b> nao e(sao) responsavel(is) por erros, incorrecoes, atrasos ou quaisquer decisoes tomadas por seus clientes com base nos Conteudos ora disponibilizados, bem como tais Conteudos nao representam a opiniao da <b>OESP<\/b> e sao de inteira responsabilidade da <b>PR Newswire Ltda<\/b><\/p>\n","protected":false},"excerpt":{"rendered":"PR NEWSWIRE Vit\u00f3ria Hotel e Quintal do Vila, na regi\u00e3o de Campinas, oferecem op\u00e7\u00f5es para curtir as f\u00e9rias com as crian\u00e7as nos finais de semana PR Newswire CAMPINAS, Brasil, 27 de dezembro de","protected":false},"author":1,"featured_media":44756,"comment_status":"closed","ping_status":"closed","sticky":false,"template":"","format":"standard","meta":{"_acf_changed":false,"inline_featured_image":false,"_monsterinsights_skip_tracking":false,"_monsterinsights_sitenote_active":false,"_monsterinsights_sitenote_note":"","_monsterinsights_sitenote_category":0,"footnotes":""},"categories":[31],"tags":[],"class_list":["post-44755","post","type-post","status-publish","format-standard","has-post-thumbnail","hentry","category-prnewsinternacional"],"acf":[],"_links":{"self":[{"href":"https:\/\/bluestudio.estadao.com.br\/agencia-de-comunicacao\/wp-json\/wp\/v2\/posts\/44755","targetHints":{"allow":["GET"]}}],"collection":[{"href":"https:\/\/bluestudio.estadao.com.br\/agencia-de-comunicacao\/wp-json\/wp\/v2\/posts"}],"about":[{"href":"https:\/\/bluestudio.estadao.com.br\/agencia-de-comunicacao\/wp-json\/wp\/v2\/types\/post"}],"author":[{"embeddable":true,"href":"https:\/\/bluestudio.estadao.com.br\/agencia-de-comunicacao\/wp-json\/wp\/v2\/users\/1"}],"replies":[{"embeddable":true,"href":"https:\/\/bluestudio.estadao.com.br\/agencia-de-comunicacao\/wp-json\/wp\/v2\/comments?post=44755"}],"version-history":[{"count":0,"href":"https:\/\/bluestudio.estadao.com.br\/agencia-de-comunicacao\/wp-json\/wp\/v2\/posts\/44755\/revisions"}],"wp:featuredmedia":[{"embeddable":true,"href":"https:\/\/bluestudio.estadao.com.br\/agencia-de-comunicacao\/wp-json\/"}],"wp:attachment":[{"href":"https:\/\/bluestudio.estadao.com.br\/agencia-de-comunicacao\/wp-json\/wp\/v2\/media?parent=44755"}],"wp:term":[{"taxonomy":"category","embeddable":true,"href":"https:\/\/bluestudio.estadao.com.br\/agencia-de-comunicacao\/wp-json\/wp\/v2\/categories?post=44755"},{"taxonomy":"post_tag","embeddable":true,"href":"https:\/\/bluestudio.estadao.com.br\/agencia-de-comunicacao\/wp-json\/wp\/v2\/tags?post=44755"}],"curies":[{"name":"wp","href":"https:\/\/api.w.org\/{rel}","templated":true}]}}