{"id":44643,"date":"2022-12-22T19:13:00","date_gmt":"2022-12-22T19:13:00","guid":{"rendered":"https:\/\/patrocinados.estadao.com.br\/medialab\/agenciacomunicacao\/prnewswire\/prnewsinternacional\/ipdesp-maestria-emocional\/"},"modified":"2022-12-22T19:13:00","modified_gmt":"2022-12-22T19:13:00","slug":"ipdesp-maestria-emocional","status":"publish","type":"post","link":"https:\/\/bluestudio.estadao.com.br\/agencia-de-comunicacao\/prnewswire\/prnewsinternacional\/ipdesp-maestria-emocional\/","title":{"rendered":"IPDESP: MAESTRIA EMOCIONAL"},"content":{"rendered":"<p><b>PR NEWSWIRE<\/b><\/p>\n<div class=\"xn-newslines\">\n<h1 class=\"xn-hedline\">IPDESP: MAESTRIA EMOCIONAL<\/h1>\n<p class=\"xn-distributor\">PR Newswire<\/p>\n<p class=\"xn-dateline\">S\u00c3O PAULO, 22 de dezembro de 2022<\/p>\n<\/div>\n<div class=\"xn-content\">\n<span class=\"legendSpanClass\">S\u00c3O PAULO<\/span>, <span class=\"legendSpanClass\">22 de dezembro de 2022<\/span> \/PRNewswire\/ &#8212; O conceito de maestria emocional se refere a como um ser pensante lida com seus sentimentos e emo\u00e7\u00f5es. Mas se estende a n\u00e3o somente saber como lidar, mas tamb\u00e9m reconhecer de antem\u00e3o as emo\u00e7\u00f5es. Algo que deve ser estudado em uma an\u00e1lise geral e pessoal para que a pessoa conquiste melhores resultados no que se proponha a desenvolver, considerando carreira e vida pessoal.<\/p>\n<div class=\"PRN_ImbeddedAssetReference\" id=\"DivAssetPlaceHolder1476\">\n<a href=\"https:\/\/mma.prnewswire.com\/media\/1973576\/Picture___1.html\" target=\"_blank\" rel=\"noopener\"><img decoding=\"async\" src=\"https:\/\/mma.prnewswire.com\/media\/1973576\/Picture___1.jpg\" alt=\"\" \/><\/a><\/p>\n<\/div>\n<p>As organiza\u00e7\u00f5es de trabalho, ao longo das \u00faltimas d\u00e9cadas, se tornaram cada vez mais automatizadas, de forma que o trabalho precisa ser desenvolvido com rapidez e, normalmente, em maior quantidade. Com esse cen\u00e1rio em vista, muitos empres\u00e1rios e investidores viram a import\u00e2ncia da busca por uma melhor sa\u00fade e intelig\u00eancia emocional para manterem-se a par do movimento constante do mercado financeiro. Lidar com press\u00e3o, ansiedade, poss\u00edveis outros problemas de sa\u00fade mental, tudo isso contribuiu para que o assunto se tornasse do interesse tanto de profissionais da psicologia, como para homens e mulheres de neg\u00f3cio, afirma a psic\u00f3loga <span class=\"xn-person\">Camila Belliard<\/span>.<\/p>\n<p>Pessoas que conseguem fortalecer a sua maestria profissional, criam habilidades, e com isso potencializam outras aptid\u00f5es que s\u00e3o cruciais para o desenvolvimento interpessoal, gerando mais confian\u00e7a e consequentemente melhores resultados, seja na esfera pessoal ou profissional.<\/p>\n<div class=\"PRN_ImbeddedAssetReference\" id=\"DivAssetPlaceHolder2180\">\n<a href=\"https:\/\/mma.prnewswire.com\/media\/1973577\/Picture___2.html\" target=\"_blank\" rel=\"noopener\"><img decoding=\"async\" src=\"https:\/\/mma.prnewswire.com\/media\/1973577\/Picture___2.jpg\" alt=\"\" \/><\/a><\/p>\n<\/div>\n<p>Visando criar melhores rela\u00e7\u00f5es interpessoais no meio de trabalho, o profissional deve reconhecer seu perfil e desenvolver uma s\u00e9rie de compet\u00eancias comportamentais para assim atuar de forma mais assertiva em seu cotidiano, independente das situa\u00e7\u00f5es pelas quais passe, com o tempo encontrando em sua psique a melhor atitude para o dito momento, ressalta <span class=\"xn-person\">Camila Belliard<\/span>.<\/p>\n<p>Isso pode se referir \u00e0 tens\u00e3o de compra e venda no mercado ou ao dia-a-dia de uma empresa em busca de lucro. Essas chamadas &#8216;soft skills&#8217; precisam ser desenvolvidas por todos. <span class=\"xn-person\">Camila Belliard<\/span> ainda sustenta que a intelig\u00eancia emocional pode se configurar como uma &#8216;soft skill&#8217;, que n\u00e3o necessariamente \u00e9 inata ao ser humano, mas pode ser aprendida e treinada.<\/p>\n<p>Segundo o empres\u00e1rio <span class=\"xn-person\">Renan Bastos<\/span>, saber lidar com as emo\u00e7\u00f5es importa mais para o sucesso do que a capacidade de assimilar informa\u00e7\u00f5es.<\/p>\n<p><span class=\"xn-person\">Renan Bastos<\/span> tamb\u00e9m fala sobre o assunto, para ele o tema deveria ser estudado e colocado em pr\u00e1tica por qualquer empres\u00e1rio ou investidor que deseja aumentar seus ganhos na era atual, pois entende que ser o maestro dos seus sentimentos \u00e9 muito vantajoso quando o assunto s\u00e3o investimentos.<\/p>\n<p>Essas ideias estabelecem um padr\u00e3o importante de comportamento, e sem d\u00favida deixa claro que saber controlar os sentimentos e transform\u00e1-los em aliados, \u00e9 lidar com maestria as emo\u00e7\u00f5es e como consequ\u00eancia atingir melhores resultados.<\/p>\n<p>IPDESP<\/p>\n<p>A reda\u00e7\u00e3o<\/p>\n<p>Contato: <span><a href=\"https:\/\/ipdesp.com.br\" target=\"_blank\" rel=\"noopener\">https:\/\/ipdesp.com.br<\/a><\/span>\u00a0<\/p>\n<p>Foto &#8211; <a href=\"https:\/\/mma.prnewswire.com\/media\/1973576\/Picture___1.jpg\" target=\"_blank\" rel=\"noopener\">https:\/\/mma.prnewswire.com\/media\/1973576\/Picture___1.jpg<\/a><\/p>\n<p>Foto &#8211; <a href=\"https:\/\/mma.prnewswire.com\/media\/1973577\/Picture___2.jpg\" target=\"_blank\" rel=\"noopener\">https:\/\/mma.prnewswire.com\/media\/1973577\/Picture___2.jpg<\/a><\/p>\n<p>\u00a0<\/p>\n<div class=\"PRN_ImbeddedAssetReference\" id=\"DivAssetPlaceHolder0\"><\/div>\n<p>FONTE  IPDESP<\/p>\n<\/div>\n<p><img decoding=\"async\" alt=\"\" src=\"https:\/\/rt.prnewswire.com\/rt.gif?NewsItemId=PT73125&amp;Transmission_Id=202212221708PR_NEWS_LATAM____PT73125&amp;DateId=20221222\" \/><\/p>\n<p>A <b>OESP<\/b> nao e(sao) responsavel(is) por erros, incorrecoes, atrasos ou quaisquer decisoes tomadas por seus clientes com base nos Conteudos ora disponibilizados, bem como tais Conteudos nao representam a opiniao da <b>OESP<\/b> e sao de inteira responsabilidade da <b>PR Newswire Ltda<\/b><\/p>\n","protected":false},"excerpt":{"rendered":"PR NEWSWIRE IPDESP: MAESTRIA EMOCIONAL PR Newswire S\u00c3O PAULO, 22 de dezembro de 2022 S\u00c3O PAULO, 22 de dezembro de 2022 \/PRNewswire\/ &#8212; O conceito de maestria emocional se refere a como um ser","protected":false},"author":1,"featured_media":44644,"comment_status":"closed","ping_status":"closed","sticky":false,"template":"","format":"standard","meta":{"_acf_changed":false,"inline_featured_image":false,"_monsterinsights_skip_tracking":false,"_monsterinsights_sitenote_active":false,"_monsterinsights_sitenote_note":"","_monsterinsights_sitenote_category":0,"footnotes":""},"categories":[31],"tags":[],"class_list":["post-44643","post","type-post","status-publish","format-standard","has-post-thumbnail","hentry","category-prnewsinternacional"],"acf":[],"_links":{"self":[{"href":"https:\/\/bluestudio.estadao.com.br\/agencia-de-comunicacao\/wp-json\/wp\/v2\/posts\/44643","targetHints":{"allow":["GET"]}}],"collection":[{"href":"https:\/\/bluestudio.estadao.com.br\/agencia-de-comunicacao\/wp-json\/wp\/v2\/posts"}],"about":[{"href":"https:\/\/bluestudio.estadao.com.br\/agencia-de-comunicacao\/wp-json\/wp\/v2\/types\/post"}],"author":[{"embeddable":true,"href":"https:\/\/bluestudio.estadao.com.br\/agencia-de-comunicacao\/wp-json\/wp\/v2\/users\/1"}],"replies":[{"embeddable":true,"href":"https:\/\/bluestudio.estadao.com.br\/agencia-de-comunicacao\/wp-json\/wp\/v2\/comments?post=44643"}],"version-history":[{"count":0,"href":"https:\/\/bluestudio.estadao.com.br\/agencia-de-comunicacao\/wp-json\/wp\/v2\/posts\/44643\/revisions"}],"wp:featuredmedia":[{"embeddable":true,"href":"https:\/\/bluestudio.estadao.com.br\/agencia-de-comunicacao\/wp-json\/"}],"wp:attachment":[{"href":"https:\/\/bluestudio.estadao.com.br\/agencia-de-comunicacao\/wp-json\/wp\/v2\/media?parent=44643"}],"wp:term":[{"taxonomy":"category","embeddable":true,"href":"https:\/\/bluestudio.estadao.com.br\/agencia-de-comunicacao\/wp-json\/wp\/v2\/categories?post=44643"},{"taxonomy":"post_tag","embeddable":true,"href":"https:\/\/bluestudio.estadao.com.br\/agencia-de-comunicacao\/wp-json\/wp\/v2\/tags?post=44643"}],"curies":[{"name":"wp","href":"https:\/\/api.w.org\/{rel}","templated":true}]}}