{"id":44514,"date":"2022-12-19T13:12:00","date_gmt":"2022-12-19T13:12:00","guid":{"rendered":"https:\/\/patrocinados.estadao.com.br\/medialab\/agenciacomunicacao\/prnewswire\/prnewseconomia\/capital-upgrade-do-grupo-pwr-abre-inscricoes-para-a-primeira-turma-de-2023-do-obsessao-em-negocios\/"},"modified":"2022-12-19T13:12:00","modified_gmt":"2022-12-19T13:12:00","slug":"capital-upgrade-do-grupo-pwr-abre-inscricoes-para-a-primeira-turma-de-2023-do-obsessao-em-negocios","status":"publish","type":"post","link":"https:\/\/bluestudio.estadao.com.br\/agencia-de-comunicacao\/prnewswire\/prnewseconomia\/capital-upgrade-do-grupo-pwr-abre-inscricoes-para-a-primeira-turma-de-2023-do-obsessao-em-negocios\/","title":{"rendered":"Capital Upgrade, do Grupo PWR, abre inscri\u00e7\u00f5es para a primeira turma de 2023 do &#8220;Obsess\u00e3o em Neg\u00f3cios&#8221;"},"content":{"rendered":"<p><b>PR NEWSWIRE<\/b><\/p>\n<div class=\"xn-newslines\">\n<h1 class=\"xn-hedline\">Capital Upgrade, do Grupo PWR, abre inscri\u00e7\u00f5es para a primeira turma de 2023 do &#8220;Obsess\u00e3o em Neg\u00f3cios&#8221;<\/h1>\n<p class=\"xn-distributor\">PR Newswire<\/p>\n<p class=\"xn-dateline\">S\u00c3O PAULO, 19 de dezembro de 2022<\/p>\n<\/div>\n<div class=\"xn-content\">\n<i>Mentoria, ministrada por L\u00e1saro do Carmo Jr e s\u00f3cios da PWR Gest\u00e3o, acontecer\u00e1 em SP e conta com a presen\u00e7a do VP do IFOOD, <span class=\"xn-person\">Diego Barreto<\/span><\/i><\/p>\n<p><span class=\"legendSpanClass\">S\u00c3O PAULO<\/span>, <span class=\"legendSpanClass\">19 de dezembro de 2022<\/span> \/PRNewswire\/ &#8211;O mineiro Jo\u00e3o Guimar\u00e3es Rosa j\u00e1 dizia &#8220;\u00c9 junto dos bons que a gente fica melhor&#8221;.\u00a0 Inspirados nesta filosofia, a <a href=\"http:\/\/www.capitalupgrade.com.br\/\" target=\"_blank\" rel=\"noopener\"><b>Capital Upgrade<\/b><\/a>, empresa do Grupo PWR re\u00fane um grupo seleto de aproximadamente 50 empres\u00e1rios para participarem entre os dias 26 e 28 de janeiro do &#8220;Obsess\u00e3o em Neg\u00f3cios&#8221;. Empreendedores, executivos e empres\u00e1rios que querem come\u00e7ar o ano com novas perspectivas de neg\u00f3cios podem se candidatar a uma vaga e participar de um dos maiores <i>Masterminds <\/i>do Brasil.<\/p>\n<div class=\"PRN_ImbeddedAssetReference\" id=\"DivAssetPlaceHolder1\">\n<a href=\"https:\/\/mma.prnewswire.com\/media\/1970742\/Obsessao_em_negocios.html\" target=\"_blank\" rel=\"noopener\">  <img decoding=\"async\" src=\"https:\/\/mma.prnewswire.com\/media\/1970742\/Obsessao_em_negocios.jpg\" alt=\"\" \/><\/a>\n <\/p>\n<\/p><\/div>\n<p>O encontro, que \u00e9 realizado apenas 3 vezes ao ano, acontecer\u00e1 no Hotel Blue Tree Premium, em Alphaville, S\u00e3o Paulo. Nos tr\u00eas dias de imers\u00e3o, o evento conta com executivos de variados segmentos da economia como: constru\u00e7\u00e3o civil, abastecimento de combust\u00edvel, sa\u00fade, advocacia, educa\u00e7\u00e3o, varejo, tecnologia, agroneg\u00f3cio e log\u00edstica, que juntos empregam mais de 2.500 colaboradores e faturam mais de <span class=\"xn-money\">R$ 2<\/span> bilh\u00f5es.<\/p>\n<p>Entre os palestrantes renomados que participar\u00e3o desta edi\u00e7\u00e3o do evento est\u00e3o o vice-presidente de finan\u00e7as e estrat\u00e9gia do Ifood, <span class=\"xn-person\">Diego Barreto<\/span>. Autor do <i>bestseller <\/i>&#8220;Nova Economia&#8221;, o executivo \u00e9 formado em direito e com MBA em IMD <i>Business School<\/i>, na Su\u00ed\u00e7a. Com mais de 15 anos de experi\u00eancia internacional no desenvolvimento de ideias em diversos setores. O empres\u00e1rio possui larga experi\u00eancia em lideran\u00e7a e trabalho em times multiculturais; liderou projetos de alto impacto em ambientes multiculturais, mantendo contato extensivo com os interesses regionais das empresas em escala global.<\/p>\n<p>O &#8220;Obsess\u00e3o em Neg\u00f3cios&#8221; trabalhar\u00e1 nesta edi\u00e7\u00e3o com a tem\u00e1tica &#8220;Novo e cl\u00e1ssico: atualiza\u00e7\u00e3o ou revolu\u00e7\u00e3o, como adaptar ao neg\u00f3cio?&#8221;. O objetivo dos mentores \u00e9 atuar diretamente na potencializa\u00e7\u00e3o de resultados dos participantes, agindo como uma esp\u00e9cie de conselho consultivo, o que pode refletir na ado\u00e7\u00e3o de melhores pr\u00e1ticas e no crescimento anual expressivo das empresas. \u00a0<\/p>\n<p>&#8220;Somos um grupo de executivos de alto n\u00edvel que respira progresso e crescimento, buscando sempre alcan\u00e7ar esses resultados por meio de trocas de experi\u00eancias, <i>workshops<\/i> especiais e encontros com empres\u00e1rios renomados. A programa\u00e7\u00e3o inclui os MOMENTOS ON, no qual os executivos apresentam um problema ou uma oportunidade real para que todo o grupo possa colaborar com suas experi\u00eancias&#8221;, disse L\u00e1saro do Carmo, um dos mentores do evento.<\/p>\n<p>Entre os grandes nomes que j\u00e1 participaram como integrantes do Obsess\u00e3o em Neg\u00f3cios est\u00e3o: <span class=\"xn-person\">Caito Maia<\/span>, <span class=\"xn-person\">Angela Hirata<\/span>, <span class=\"xn-person\">Carla Sarni<\/span>, <span class=\"xn-person\">Leandro Moreira<\/span>, <span class=\"xn-person\">Caio Carneiro<\/span>, <span class=\"xn-person\">Fernanda Venturini<\/span>, Jo\u00e3o Kepler, <span class=\"xn-person\">Tiago Mitraud<\/span>, Fabr\u00edcio Garcia, H\u00e9lio Beltr\u00e3o, <span class=\"xn-person\">Geraldo Rufino<\/span> e <span class=\"xn-person\">Henry Maksoud<\/span>.<\/p>\n<p>&#8220;Nosso Mastermind \u00e9 uma oportunidade \u00edmpar para aqueles empres\u00e1rios e empreendedores que querem come\u00e7ar 2023 mudando o rumo do seu neg\u00f3cio. Sabemos que no in\u00edcio do ano, as pessoas se organizam para realizar grandes transforma\u00e7\u00f5es, mas para que isso aconte\u00e7a efetivamente a capacita\u00e7\u00e3o \u00e9 um dos passos mais importantes. O &#8220;Obsess\u00e3o em Neg\u00f3cios&#8221; continua aceitando aplica\u00e7\u00f5es esse ano e n\u00f3s vamos dividir muitos conhecimentos com os novos empres\u00e1rios que far\u00e3o parte desse time&#8221;, concluiu <span class=\"xn-person\">Paulo Vitor Porto<\/span>, um dos idealizadores do grupo.<\/p>\n<p>Ao fim do evento, para encerrar com chave de ouro, os envolvidos participam de um momento de confraterniza\u00e7\u00e3o na casa do executivo L\u00e1saro do Carmo, para fortalecer os la\u00e7os entre todos os integrantes do grupo.<\/p>\n<p><b><u>Servi\u00e7o<\/u><\/b><br \/><b>Evento: <\/b>Obsess\u00e3o em Neg\u00f3cios<br \/><b>Data:<\/b> 26,27 e 28 de janeiro (quinta-feira, sexta-feira e s\u00e1bado)<br \/><b>Hor\u00e1rio:<\/b> 9h \u00e0s 19h<br \/><b>Local:<\/b> Hotel Blue Tree Premium<br \/><b>Endere\u00e7o:<\/b> <span class=\"xn-person\">Alameda Madeira<\/span>, 398 &#8211; Alphaville, Barueri &#8211; SP<br \/><b>Link de inscri\u00e7\u00e3o:<\/b> <a href=\"https:\/\/grupopwr.com\/obsessao-em-negocios\/\">https:\/\/grupopwr.com\/obsessao-em-negocios\/<\/a><\/p>\n<p><b>Sobre a PWR Gest\u00e3o<\/b><\/p>\n<p>A PWR Gest\u00e3o\u00a0\u00e9 uma das principais consultorias em gest\u00e3o de neg\u00f3cios do Brasil. Fundada em 2013, a empresa nasceu com o prop\u00f3sito de oferecer um novo modelo de consultoria, baseado na ado\u00e7\u00e3o de ferramentas pr\u00e1ticas e na implementa\u00e7\u00e3o de uma\u00a0gest\u00e3o de qualidade, focada no desenvolvimento das pessoas e do neg\u00f3cio. Com isso, a consultoria troca o foco do tradicional aconselhamento externo para um acompanhamento direto na execu\u00e7\u00e3o das estrat\u00e9gias recomendadas. O processo da PWR Gest\u00e3o prima pelo resultado e \u00e9 feito em total parceria com o cliente, construindo solu\u00e7\u00f5es e analisando cen\u00e1rios em cada etapa do processo. O neg\u00f3cio \u00e9 liderado por grandes nomes do mercado: Wilson S\u00e1 (CEO da PWR e especialista em Gest\u00e3o, Resultados e Lideran\u00e7a), <span class=\"xn-person\">Paulo Vitor Porto<\/span> (especialista em Gest\u00e3o Financeira), Radu\u00e1n Melo (economista especializado em Estrutura\u00e7\u00e3o comercial e organizacional), <span class=\"xn-person\">Miguel Dyna<\/span> (engenheiro, auditor e especialista em Gest\u00e3o de projetos) e <span class=\"xn-person\">Eduardo Bayma<\/span> (p\u00f3s-graduado em controladoria e especialista em Gest\u00e3o Estrat\u00e9gica). Para saber mais, acesse <a href=\"http:\/\/www.pwrgestao.com.br\">www.pwrgestao.com.br<\/a>.<\/p>\n<p><b>Sobre a Capital Upgrade<\/b><\/p>\n<p>A <b>Capital Upgrade<\/b> chegou ao mercado para impulsionar novos neg\u00f3cios e para auxiliar empres\u00e1rios e empreendedores, a terem mais sucesso e gerarem valor para os seus clientes. Por meio do empreendedorismo, da gest\u00e3o de qualidade e de cases de sucesso, a empresa apresenta ferramentas pr\u00e1ticas e workshops em todo o Brasil. Mais informa\u00e7\u00f5es est\u00e3o dispon\u00edveis no <a href=\"http:\/\/www.capitalupgrade.com.br\">www.capitalupgrade.com.br<\/a><\/p>\n<p><a href=\"http:\/\/www.planin.com\/\" target=\"_blank\" rel=\"noopener\"><b><span>Planin<\/span><\/b><\/a><b><span> ? Assessoria de Imprensa e de Comunica\u00e7\u00e3o da PWR\u00a0Gest\u00e3o<br \/><\/span><\/b><span>Ang\u00e9lica Consiglio, Beatriz Imenes, <span class=\"xn-person\">Eduarda Lopes<\/span> e equipe ? <\/span><a href=\"http:\/\/www.planin.com\/\" target=\"_blank\" rel=\"noopener\"><span>www.planin.com<\/span><\/a><span>\u00a0<br \/><\/span><span>Contatos: (11) 2138-8940 &#8211; E-mail: <\/span><a href=\"mailto:pwr@planin.com\" target=\"_blank\" rel=\"noopener\"><span>pwr@planin.com<\/span><\/a><span>\u00a0<\/span><\/p>\n<p>Foto &#8211; <a href=\"https:\/\/mma.prnewswire.com\/media\/1970742\/Obsessao_em_negocios.jpg\" target=\"_blank\" rel=\"noopener\">https:\/\/mma.prnewswire.com\/media\/1970742\/Obsessao_em_negocios.jpg<\/a><\/p>\n<div class=\"PRN_ImbeddedAssetReference\" id=\"DivAssetPlaceHolder2\"><\/div>\n<p>FONTE  PWR Gest\u00e3o<\/p>\n<\/div>\n<p><img decoding=\"async\" alt=\"\" src=\"https:\/\/rt.prnewswire.com\/rt.gif?NewsItemId=PT68778&amp;Transmission_Id=202212191100PR_NEWS_LATAM____PT68778&amp;DateId=20221219\" \/><\/p>\n<p>A <b>OESP<\/b> nao e(sao) responsavel(is) por erros, incorrecoes, atrasos ou quaisquer decisoes tomadas por seus clientes com base nos Conteudos ora disponibilizados, bem como tais Conteudos nao representam a opiniao da <b>OESP<\/b> e sao de inteira responsabilidade da <b>PR Newswire Ltda<\/b><\/p>\n","protected":false},"excerpt":{"rendered":"PR NEWSWIRE Capital Upgrade, do Grupo PWR, abre inscri\u00e7\u00f5es para a primeira turma de 2023 do &#8220;Obsess\u00e3o em Neg\u00f3cios&#8221; PR Newswire S\u00c3O PAULO, 19 de dezembro de 2022 Mentoria, ministrada","protected":false},"author":1,"featured_media":44515,"comment_status":"closed","ping_status":"closed","sticky":false,"template":"","format":"standard","meta":{"_acf_changed":false,"inline_featured_image":false,"_monsterinsights_skip_tracking":false,"_monsterinsights_sitenote_active":false,"_monsterinsights_sitenote_note":"","_monsterinsights_sitenote_category":0,"footnotes":""},"categories":[29],"tags":[],"class_list":["post-44514","post","type-post","status-publish","format-standard","has-post-thumbnail","hentry","category-prnewseconomia"],"acf":[],"_links":{"self":[{"href":"https:\/\/bluestudio.estadao.com.br\/agencia-de-comunicacao\/wp-json\/wp\/v2\/posts\/44514","targetHints":{"allow":["GET"]}}],"collection":[{"href":"https:\/\/bluestudio.estadao.com.br\/agencia-de-comunicacao\/wp-json\/wp\/v2\/posts"}],"about":[{"href":"https:\/\/bluestudio.estadao.com.br\/agencia-de-comunicacao\/wp-json\/wp\/v2\/types\/post"}],"author":[{"embeddable":true,"href":"https:\/\/bluestudio.estadao.com.br\/agencia-de-comunicacao\/wp-json\/wp\/v2\/users\/1"}],"replies":[{"embeddable":true,"href":"https:\/\/bluestudio.estadao.com.br\/agencia-de-comunicacao\/wp-json\/wp\/v2\/comments?post=44514"}],"version-history":[{"count":0,"href":"https:\/\/bluestudio.estadao.com.br\/agencia-de-comunicacao\/wp-json\/wp\/v2\/posts\/44514\/revisions"}],"wp:featuredmedia":[{"embeddable":true,"href":"https:\/\/bluestudio.estadao.com.br\/agencia-de-comunicacao\/wp-json\/"}],"wp:attachment":[{"href":"https:\/\/bluestudio.estadao.com.br\/agencia-de-comunicacao\/wp-json\/wp\/v2\/media?parent=44514"}],"wp:term":[{"taxonomy":"category","embeddable":true,"href":"https:\/\/bluestudio.estadao.com.br\/agencia-de-comunicacao\/wp-json\/wp\/v2\/categories?post=44514"},{"taxonomy":"post_tag","embeddable":true,"href":"https:\/\/bluestudio.estadao.com.br\/agencia-de-comunicacao\/wp-json\/wp\/v2\/tags?post=44514"}],"curies":[{"name":"wp","href":"https:\/\/api.w.org\/{rel}","templated":true}]}}