{"id":44498,"date":"2022-12-19T10:12:00","date_gmt":"2022-12-19T10:12:00","guid":{"rendered":"https:\/\/patrocinados.estadao.com.br\/medialab\/agenciacomunicacao\/prnewswire\/prnewsinternacional\/dezembro-laranja-fotoprotecao-e-atencao-constante-sao-chave-para-prevencao-do-cancer-de-pele\/"},"modified":"2022-12-19T10:12:00","modified_gmt":"2022-12-19T10:12:00","slug":"dezembro-laranja-fotoprotecao-e-atencao-constante-sao-chave-para-prevencao-do-cancer-de-pele","status":"publish","type":"post","link":"https:\/\/bluestudio.estadao.com.br\/agencia-de-comunicacao\/prnewswire\/prnewsinternacional\/dezembro-laranja-fotoprotecao-e-atencao-constante-sao-chave-para-prevencao-do-cancer-de-pele\/","title":{"rendered":"Dezembro Laranja: Fotoprote\u00e7\u00e3o e aten\u00e7\u00e3o constante s\u00e3o chave para preven\u00e7\u00e3o do c\u00e2ncer de pele"},"content":{"rendered":"<p><b>PR NEWSWIRE<\/b><\/p>\n<div class=\"xn-newslines\">\n<h1 class=\"xn-hedline\">Dezembro Laranja: Fotoprote\u00e7\u00e3o e aten\u00e7\u00e3o constante s\u00e3o chave para preven\u00e7\u00e3o do c\u00e2ncer de pele<\/h1>\n<p class=\"xn-distributor\">PR Newswire<\/p>\n<p class=\"xn-dateline\">S\u00c3O PAULO, 19 de dezembro de 2022<\/p>\n<\/div>\n<div class=\"xn-content\">\n<i>Especialista alerta para sinais e sintomas que merecem aten\u00e7\u00e3o redobrada<\/i><\/p>\n<p><span class=\"legendSpanClass\">S\u00c3O PAULO<\/span>, <span class=\"legendSpanClass\">19 de dezembro de 2022<\/span> \/PRNewswire\/ &#8212; O m\u00eas de dezembro marca a chegada do Ver\u00e3o, esta\u00e7\u00e3o do ano em que h\u00e1 maior incid\u00eancia dos raios UVA e UVB e altas temperaturas. Com ele, a exposi\u00e7\u00e3o ao ar livre aumenta, e a necessidade de proteger a pele dos efeitos nocivos do sol tamb\u00e9m. Um desses efeitos \u00e9 o c\u00e2ncer de pele, doen\u00e7a que, de acordo com o Instituto Nacional de C\u00e2ncer (INCA), \u00e9 o de maior preval\u00eancia no Brasil e corresponde a cerca de 30% dos tumores malignos registrados no pa\u00eds<sup>1<\/sup>. Para conscientizar sobre a doen\u00e7a, desde 2014 o m\u00eas de dezembro faz parte da Campanha Nacional de Preven\u00e7\u00e3o ao C\u00e2ncer de Pele, o Dezembro Laranja. <i>&#8220;\u00c9 uma a\u00e7\u00e3o importante com o objetivo de chamar aten\u00e7\u00e3o da popula\u00e7\u00e3o sobre esse tipo de c\u00e2ncer, que \u00e9 o mais frequente no pa\u00eds&#8221;<\/i>, aponta a dermatologista <span class=\"xn-person\">Julia Ocampo<\/span>, coordenadora cl\u00ednica da Prime Clinic e da Care Plus Clinic.<\/p>\n<p>Doutora Julia refor\u00e7a que existem diversos sinais de alerta para o c\u00e2ncer de pele. <i>&#8220;Mancha que apresentou alguma mudan\u00e7a de cor, tamanho ou formato nos \u00faltimos meses, les\u00e3o que parece uma espinha e n\u00e3o apresenta melhora, um cravinho que n\u00e3o d\u00e1 pra remover, uma cicatriz nova e que voc\u00ea n\u00e3o lembra ter sido precedida por uma ferida, ou aqueles machucadinhos que abrem e fecham o tempo todo s\u00e3o alguns dos principais sinais e merecem aten\u00e7\u00e3o&#8221;<\/i>, explica a m\u00e9dica. Para evitar problemas maiores, \u00e9 fundamental ficar atento a esses sinais da pele e ir regularmente \u00e0 consulta com dermatologista.<\/p>\n<p>A especialista ressalta que detec\u00e7\u00e3o precoce das les\u00f5es potencialmente malignas \u00e9 um dos principais fatores para a preven\u00e7\u00e3o e tratamento adequado do c\u00e2ncer de pele. Para auxiliar neste processo de preven\u00e7\u00e3o, tanto procedimentos em consult\u00f3rio, como o uso de dermocosm\u00e9ticos podem ser indicados. <i>&#8220;Dermatoscopia e mapeamento dos sinais e das pintas auxiliam na detec\u00e7\u00e3o precoce das les\u00f5es de c\u00e2ncer de pele. Al\u00e9m disso, \u00e9 poss\u00edvel tratar preventivamente aquelas com potencial de malignidade com o uso de medicamentos ou procedimentos como crioterapia, terapia fotodin\u00e2mica e cauteriza\u00e7\u00e3o qu\u00edmica, por exemplo&#8221;<\/i>, explica. Mas, e quando ocorre o diagn\u00f3stico do c\u00e2ncer de pele, qual \u00e9 o tratamento? <i>&#8220;Preferencialmente \u00e9 cir\u00fargico&#8221;,<\/i> esclarece Dr\u00aa Julia.<\/p>\n<p><b>Os diferentes tipos de c\u00e2ncer de pele<\/b><\/p>\n<p>O c\u00e2ncer de pele \u00e9 dividido em dois subtipos: melanoma e n\u00e3o melanoma. O melanoma \u00e9 o subtipo menos frequente e mais grave da doen\u00e7a, uma vez que apresenta mais chances de provocar met\u00e1stases<sup>2<\/sup>. <i>&#8220;Geralmente, este tipo de tumor se apresenta como mancha assim\u00e9trica, com limites irregulares, v\u00e1rias cores e tons permeando a les\u00e3o e hist\u00f3rico de crescimento nos \u00faltimos meses&#8221;<\/i>, esclarece Ocampo. <i>&#8220;Deve-se lembrar que o melanoma tamb\u00e9m pode se apresentar como les\u00e3o n\u00e3o acastanhada, chamados melanomas amelan\u00f3tico&#8221;<\/i>, completa a m\u00e9dica.<\/p>\n<p>J\u00e1 o n\u00e3o melanoma \u00e9 o mais comum no Brasil e de menor mortalidade<sup>3<\/sup>. Se n\u00e3o tratado adequadamente, no entanto, pode deixar sequelas expressivas. Esses tumores se dividem em outros dois subgrupos: carcinoma basocelular e carcinoma epidermoide. <i>&#8220;\u00c9 comum que o n\u00e3o melanoma apresente-se como manchas na pele que co\u00e7am, ardem, descamam ou sangram e\/ou feridas que n\u00e3o cicatrizam em at\u00e9 quatro semanas&#8221;<\/i>, pontua a coordenadora da Prime Clinic.<\/p>\n<p>A preval\u00eancia do c\u00e2ncer de pele \u00e9 maior entre pessoas que apresentam hist\u00f3rico familiar da doen\u00e7a e que tenham fototipo baixo, ou seja, cor de pele, cabelo e olhos claros, al\u00e9m de exposi\u00e7\u00e3o intensa ao sol frequentemente<sup>4<\/sup>. <i>&#8220;Mesmo pacientes com fototipo alto (com cores de cabelos, pele e olhos escuros) tamb\u00e9m podem ter c\u00e2ncer de pele e devem aderir \u00e0 fotoprote\u00e7\u00e3o adequadamente&#8221;<\/i>, ressalta Ocampo. <i>&#8220;A exposi\u00e7\u00e3o solar intensa intermitente ou di\u00e1ria aumentam a propens\u00e3o \u00e0 doen\u00e7a&#8221;<\/i>, alerta.<\/p>\n<p>A preven\u00e7\u00e3o do c\u00e2ncer de pele \u00e9 poss\u00edvel com fotoprote\u00e7\u00e3o adequada e envolve o uso de filtros solares, uso de roupas com prote\u00e7\u00e3o UV, chap\u00e9us e \u00f3culos de sol e evitar a exposi\u00e7\u00e3o solar intensa entre as 10h e 16h, principalmente. A dermatologista explica que, al\u00e9m de usar o protetor solar, \u00e9 importante saber a quantidade adequada para garantir seu real efeito. <i>&#8220;Seria uma quantidade equivalente a uma colher de ch\u00e1 para utilizar no rosto, cabe\u00e7a e pesco\u00e7o, a mesma medida para cada bra\u00e7o e o equivalente a duas colheres para cada perna e partes da frente e de tr\u00e1s do dorso&#8221;<\/i>, exemplifica a coordenadora da Prime Clinic.<\/p>\n<p><b>Sobre a Prime Clinic<\/b>???\u00a0<br \/>A Prime Clinic\u00a0\u00e9 uma rede de cl\u00ednicas\u00a0de sa\u00fade que inaugurou um novo modelo no Brasil, ao reunir especialidades complementares, odontologia e dermatologia, no mesmo local. Faz parte da companhia brit\u00e2nica Bupa, presente em mais de 190 pa\u00edses.???\u00a0<\/p>\n<p><sup>1<\/sup> <a href=\"https:\/\/www.inca.gov.br\/assuntos\/cancer-de-pele\" target=\"_blank\" rel=\"noopener\">https:\/\/www.inca.gov.br\/assuntos\/cancer-de-pele<\/a>\u00a0<br \/><sup>2<\/sup> https:\/\/www.gov.br\/saude\/pt-br\/assuntos\/noticias\/2020\/dezembro\/cancer-de-pele-saiba-como-prevenir-diagnosticar-e-tratar\u00a0<br \/><sup>3<\/sup> <a href=\"https:\/\/www.gov.br\/inca\/pt-br\/assuntos\/cancer\/tipos\/pele-nao-melanoma\">https:\/\/www.gov.br\/inca\/pt-br\/assuntos\/cancer\/tipos\/pele-nao-melanoma<\/a> \u00a0<br \/><sup>4<\/sup> https:\/\/www.inca.gov.br\/noticias\/cancer-de-pele-saiba-como-prevenir-diagnosticar-e-tratar\u00a0<\/p>\n<p>FONTE  Prime Clinic<\/p>\n<\/div>\n<p><img decoding=\"async\" alt=\"\" src=\"https:\/\/rt.prnewswire.com\/rt.gif?NewsItemId=PT64305&amp;Transmission_Id=202212190800PR_NEWS_LATAM____PT64305&amp;DateId=20221219\" \/><\/p>\n<p>A <b>OESP<\/b> nao e(sao) responsavel(is) por erros, incorrecoes, atrasos ou quaisquer decisoes tomadas por seus clientes com base nos Conteudos ora disponibilizados, bem como tais Conteudos nao representam a opiniao da <b>OESP<\/b> e sao de inteira responsabilidade da <b>PR Newswire Ltda<\/b><\/p>\n","protected":false},"excerpt":{"rendered":"PR NEWSWIRE Dezembro Laranja: Fotoprote\u00e7\u00e3o e aten\u00e7\u00e3o constante s\u00e3o chave para preven\u00e7\u00e3o do c\u00e2ncer de pele PR Newswire S\u00c3O PAULO, 19 de dezembro de 2022 Especialista alerta para sinais e","protected":false},"author":1,"featured_media":44499,"comment_status":"closed","ping_status":"closed","sticky":false,"template":"","format":"standard","meta":{"_acf_changed":false,"inline_featured_image":false,"_monsterinsights_skip_tracking":false,"_monsterinsights_sitenote_active":false,"_monsterinsights_sitenote_note":"","_monsterinsights_sitenote_category":0,"footnotes":""},"categories":[31],"tags":[],"class_list":["post-44498","post","type-post","status-publish","format-standard","has-post-thumbnail","hentry","category-prnewsinternacional"],"acf":[],"_links":{"self":[{"href":"https:\/\/bluestudio.estadao.com.br\/agencia-de-comunicacao\/wp-json\/wp\/v2\/posts\/44498","targetHints":{"allow":["GET"]}}],"collection":[{"href":"https:\/\/bluestudio.estadao.com.br\/agencia-de-comunicacao\/wp-json\/wp\/v2\/posts"}],"about":[{"href":"https:\/\/bluestudio.estadao.com.br\/agencia-de-comunicacao\/wp-json\/wp\/v2\/types\/post"}],"author":[{"embeddable":true,"href":"https:\/\/bluestudio.estadao.com.br\/agencia-de-comunicacao\/wp-json\/wp\/v2\/users\/1"}],"replies":[{"embeddable":true,"href":"https:\/\/bluestudio.estadao.com.br\/agencia-de-comunicacao\/wp-json\/wp\/v2\/comments?post=44498"}],"version-history":[{"count":0,"href":"https:\/\/bluestudio.estadao.com.br\/agencia-de-comunicacao\/wp-json\/wp\/v2\/posts\/44498\/revisions"}],"wp:featuredmedia":[{"embeddable":true,"href":"https:\/\/bluestudio.estadao.com.br\/agencia-de-comunicacao\/wp-json\/"}],"wp:attachment":[{"href":"https:\/\/bluestudio.estadao.com.br\/agencia-de-comunicacao\/wp-json\/wp\/v2\/media?parent=44498"}],"wp:term":[{"taxonomy":"category","embeddable":true,"href":"https:\/\/bluestudio.estadao.com.br\/agencia-de-comunicacao\/wp-json\/wp\/v2\/categories?post=44498"},{"taxonomy":"post_tag","embeddable":true,"href":"https:\/\/bluestudio.estadao.com.br\/agencia-de-comunicacao\/wp-json\/wp\/v2\/tags?post=44498"}],"curies":[{"name":"wp","href":"https:\/\/api.w.org\/{rel}","templated":true}]}}