{"id":44360,"date":"2022-12-15T11:43:00","date_gmt":"2022-12-15T11:43:00","guid":{"rendered":"https:\/\/patrocinados.estadao.com.br\/medialab\/agenciacomunicacao\/prnewswire\/prnewsinternacional\/abbvie-apresenta-inovacoes-para-o-tratamento-de-enxaqueca-cronica-durante-16o-congresso-da-federacao-europeia-de-cefaleia\/"},"modified":"2022-12-15T11:43:00","modified_gmt":"2022-12-15T11:43:00","slug":"abbvie-apresenta-inovacoes-para-o-tratamento-de-enxaqueca-cronica-durante-16o-congresso-da-federacao-europeia-de-cefaleia","status":"publish","type":"post","link":"https:\/\/bluestudio.estadao.com.br\/agencia-de-comunicacao\/prnewswire\/prnewsinternacional\/abbvie-apresenta-inovacoes-para-o-tratamento-de-enxaqueca-cronica-durante-16o-congresso-da-federacao-europeia-de-cefaleia\/","title":{"rendered":"AbbVie apresenta inova\u00e7\u00f5es para o tratamento de enxaqueca cr\u00f4nica durante 16\u00ba Congresso da Federa\u00e7\u00e3o Europeia de Cefaleia"},"content":{"rendered":"<p><b>PR NEWSWIRE<\/b><\/p>\n<div class=\"xn-newslines\">\n<h1 class=\"xn-hedline\">AbbVie apresenta inova\u00e7\u00f5es para o tratamento de enxaqueca cr\u00f4nica durante 16\u00ba Congresso da Federa\u00e7\u00e3o Europeia de Cefaleia<\/h1>\n<p class=\"xn-distributor\">PR Newswire<\/p>\n<p class=\"xn-dateline\">S\u00c3O PAULO, 15 de dezembro de 2022<\/p>\n<\/div>\n<div class=\"xn-content\">\n<ul>\n<li><i>A companhia mostra dados de 15 estudos sobre novas abordagens para pacientes de enxaqueca cr\u00f4nica<\/i><\/li>\n<li><i>Estima-se que a enxaqueca cr\u00f4nica corresponde a 14% das dores de cabe\u00e7a<sup>1<\/sup><\/i><\/li>\n<li><i>Estudos apontam que 60% de portadores de enxaqueca cr\u00f4nica chegam a perder uma semana de trabalho por m\u00eas em virtude das crises<sup>2<\/sup><\/i><\/li>\n<\/ul>\n<p><span class=\"legendSpanClass\">S\u00c3O PAULO<\/span>, <span class=\"legendSpanClass\">15 de dezembro de 2022<\/span> \/PRNewswire\/ &#8212; A AbbVie (NYSE: ABBV) apresentou seu portf\u00f3lio atual bem como terapias em fase de desenvolvimento para tratamento de enxaqueca cr\u00f4nica no 16\u00ba Congresso da Federa\u00e7\u00e3o Europeia de Cefaleia 2022 (<i>EHC 202<\/i>2), que aconteceu em \u00a0Viena, \u00c1ustria, de 7 a 10 de dezembro. \u00a0No total, foram apresentados 15 trabalhos, incluindo dados sobre Toxina Onabotul\u00ednica A e atogepant, ainda em fase de desenvolvimento.<\/p>\n<p>&#8220;A AbbVie \u00e9 uma das l\u00edderes em inova\u00e7\u00f5es terap\u00eauticas para enxaqueca cr\u00f4nica. Trabalhamos ao lado de pacientes e profissionais de sa\u00fade para fornecer solu\u00e7\u00f5es para minimizar o impacto que essa condi\u00e7\u00e3o traz para a qualidade de vida&#8221;, disse a m\u00e9dica \u00a0Mudra Kapoor, vice-presidente global da \u00e1rea m\u00e9dica da AbbVie com foco em neuroci\u00eancias. &#8220;Nossas pesquisas apresentadas refor\u00e7am nosso compromisso com aqueles que convivem com a enxaqueca cr\u00f4nica&#8221;.<\/p>\n<p>Entre os trabalhos apresentados, destacam-se Chronic Migraine Epidemiology and Outcomes ? International (CaMEO-I)\u00a0que observa pessoas\u00a0<u>com<\/u>\u00a0e\u00a0<u>sem<\/u>\u00a0enxaqueca cr\u00f4nica, com dor no pesco\u00e7o e cefaleia, e tamb\u00e9m dados do estudo de Fase III, PROGRESS, com atogepant para o tratamento preventivo. Atogepant \u00e9 um antagonista do receptor CGRP (gepant), administrado por via oral, desenvolvido especificamente para o tratamento preventivo da condi\u00e7\u00e3o,\u00a0ainda em estudo para aprova\u00e7\u00e3o no Brasil. O CGRP e seus receptores s\u00e3o expressos em regi\u00f5es do sistema nervoso associadas \u00e0 fisiopatologia da enxaqueca cr\u00f4nica.<\/p>\n<p>Foram tamb\u00e9m apresentados estudos com uso de toxina botul\u00ednica, aprovado pela primeira vez pela FDA em 1989 para dois dist\u00farbios raros dos m\u00fasculos oculares ? blefaroespasmo e estrabismo em adultos. Hoje, \u00e9 aprovado pela FDA para 12 indica\u00e7\u00f5es terap\u00eauticas e, no Brasil, para 10 indica\u00e7\u00f5es, al\u00e9m de enxaqueca cr\u00f4nica*.<\/p>\n<p><b>Sobre a<\/b><b>\u00a0AbbVie<\/b><\/p>\n<p>A miss\u00e3o da\u00a0AbbVie\u00a0\u00e9 descobrir e fornecer medicamentos inovadores que solucionem as quest\u00f5es s\u00e9rias de sa\u00fade de hoje e enfrentem os desafios m\u00e9dicos de amanh\u00e3. A companhia se empenha em causar um impacto not\u00e1vel na vida das pessoas em \u00e1reas terap\u00eauticas chave: Imunologia, Oncologia, Neuroci\u00eancia, Oftalmologia, Virologia e Gastrenterologia, al\u00e9m dos servi\u00e7os e produtos da\u00a0Allergan Aesthetics.<\/p>\n<p>No Brasil, a\u00a0AbbVie\u00a0come\u00e7ou a operar no in\u00edcio de 2014. Suas unidades de neg\u00f3cios locais incluem Imunologia, Oncologia, Oftalmologia e Neuroci\u00eancia, al\u00e9m dos servi\u00e7os e produtos da\u00a0Allergan\u00a0Aesthetics. A\u00a0AbbVie\u00a0conta com 34 projetos ativos de Pesquisa e Desenvolvimento, envolvendo mais de 200 centros m\u00e9dicos de todas as regi\u00f5es do pa\u00eds e cerca de 1.000 cientistas brasileiros.\u00a0Para mais informa\u00e7\u00f5es, acesse <a href=\"http:\/\/www.abbvie.com.br\/\" target=\"_blank\" rel=\"noopener\">www.abbvie.com.br<\/a>\u00a0e siga @AbbVie no LinkedIn e @AbbVieBrasil no Instagram.<\/p>\n<p>*<a href=\"https:\/\/www.abbvie.com.br\/content\/dam\/abbviedotcom\/br\/documents\/Paciente_ANVISA_BOTOX.pdf\">https:\/\/www.abbvie.com.br\/content\/dam\/abbviedotcom\/br\/documents\/Paciente_ANVISA_BOTOX.pdf<\/a><\/p>\n<p>1. <a href=\"https:\/\/www.med.puc-rio.br\/notcias\/2022\/6\/6\/estimativas-globais-de-dores-de-cabea-sugerem-que-o-transtorno-impacta-mais-de-50-da-populao\" target=\"_blank\" rel=\"noopener\">https:\/\/www.med.puc-rio.br\/notcias\/2022\/6\/6\/estimativas-globais-de-dores-de-cabea-sugerem-que-o-transtorno-impacta-mais-de-50-da-populao<\/a>. Acessado em 8 de dezembro de 2022.<\/p>\n<p>2. <a href=\"https:\/\/www.sesi-ce.org.br\/blog\/aspectos-da-enxaqueca-no-ambiente-de-trabalho\/\" target=\"_blank\" rel=\"noopener\">https:\/\/www.sesi-ce.org.br\/blog\/aspectos-da-enxaqueca-no-ambiente-de-trabalho\/<\/a>. Acessado em 8 de dezembro de 2022.<\/p>\n<p>FONTE  AbbVie<\/p>\n<\/div>\n<p><img decoding=\"async\" alt=\"\" src=\"https:\/\/rt.prnewswire.com\/rt.gif?NewsItemId=PT67043&amp;Transmission_Id=202212150933PR_NEWS_LATAM____PT67043&amp;DateId=20221215\" \/><\/p>\n<p>A <b>OESP<\/b> nao e(sao) responsavel(is) por erros, incorrecoes, atrasos ou quaisquer decisoes tomadas por seus clientes com base nos Conteudos ora disponibilizados, bem como tais Conteudos nao representam a opiniao da <b>OESP<\/b> e sao de inteira responsabilidade da <b>PR Newswire Ltda<\/b><\/p>\n","protected":false},"excerpt":{"rendered":"PR NEWSWIRE AbbVie apresenta inova\u00e7\u00f5es para o tratamento de enxaqueca cr\u00f4nica durante 16\u00ba Congresso da Federa\u00e7\u00e3o Europeia de Cefaleia PR Newswire S\u00c3O PAULO, 15 de dezembro de 2022 A companhia","protected":false},"author":1,"featured_media":44361,"comment_status":"closed","ping_status":"closed","sticky":false,"template":"","format":"standard","meta":{"_acf_changed":false,"inline_featured_image":false,"_monsterinsights_skip_tracking":false,"_monsterinsights_sitenote_active":false,"_monsterinsights_sitenote_note":"","_monsterinsights_sitenote_category":0,"footnotes":""},"categories":[31],"tags":[],"class_list":["post-44360","post","type-post","status-publish","format-standard","has-post-thumbnail","hentry","category-prnewsinternacional"],"acf":[],"_links":{"self":[{"href":"https:\/\/bluestudio.estadao.com.br\/agencia-de-comunicacao\/wp-json\/wp\/v2\/posts\/44360","targetHints":{"allow":["GET"]}}],"collection":[{"href":"https:\/\/bluestudio.estadao.com.br\/agencia-de-comunicacao\/wp-json\/wp\/v2\/posts"}],"about":[{"href":"https:\/\/bluestudio.estadao.com.br\/agencia-de-comunicacao\/wp-json\/wp\/v2\/types\/post"}],"author":[{"embeddable":true,"href":"https:\/\/bluestudio.estadao.com.br\/agencia-de-comunicacao\/wp-json\/wp\/v2\/users\/1"}],"replies":[{"embeddable":true,"href":"https:\/\/bluestudio.estadao.com.br\/agencia-de-comunicacao\/wp-json\/wp\/v2\/comments?post=44360"}],"version-history":[{"count":0,"href":"https:\/\/bluestudio.estadao.com.br\/agencia-de-comunicacao\/wp-json\/wp\/v2\/posts\/44360\/revisions"}],"wp:featuredmedia":[{"embeddable":true,"href":"https:\/\/bluestudio.estadao.com.br\/agencia-de-comunicacao\/wp-json\/"}],"wp:attachment":[{"href":"https:\/\/bluestudio.estadao.com.br\/agencia-de-comunicacao\/wp-json\/wp\/v2\/media?parent=44360"}],"wp:term":[{"taxonomy":"category","embeddable":true,"href":"https:\/\/bluestudio.estadao.com.br\/agencia-de-comunicacao\/wp-json\/wp\/v2\/categories?post=44360"},{"taxonomy":"post_tag","embeddable":true,"href":"https:\/\/bluestudio.estadao.com.br\/agencia-de-comunicacao\/wp-json\/wp\/v2\/tags?post=44360"}],"curies":[{"name":"wp","href":"https:\/\/api.w.org\/{rel}","templated":true}]}}