{"id":44284,"date":"2022-12-14T17:58:00","date_gmt":"2022-12-14T17:58:00","guid":{"rendered":"https:\/\/patrocinados.estadao.com.br\/medialab\/agenciacomunicacao\/prnewswire\/prnewsinternacional\/instituto-ecofuturo-celebra-aniversario-reforcando-seu-compromisso-com-a-conservacao\/"},"modified":"2022-12-14T17:58:00","modified_gmt":"2022-12-14T17:58:00","slug":"instituto-ecofuturo-celebra-aniversario-reforcando-seu-compromisso-com-a-conservacao","status":"publish","type":"post","link":"https:\/\/bluestudio.estadao.com.br\/agencia-de-comunicacao\/prnewswire\/prnewsinternacional\/instituto-ecofuturo-celebra-aniversario-reforcando-seu-compromisso-com-a-conservacao\/","title":{"rendered":"Instituto Ecofuturo celebra anivers\u00e1rio refor\u00e7ando seu compromisso com a conserva\u00e7\u00e3o"},"content":{"rendered":"<p><b>PR NEWSWIRE<\/b><\/p>\n<div class=\"xn-newslines\">\n<h1 class=\"xn-hedline\">Instituto Ecofuturo celebra anivers\u00e1rio refor\u00e7ando seu compromisso com a conserva\u00e7\u00e3o<\/h1>\n<p class=\"xn-distributor\">PR Newswire<\/p>\n<p class=\"xn-dateline\">S\u00c3O PAULO, 14 de dezembro de 2022<\/p>\n<\/div>\n<div class=\"xn-content\">\n<p class=\"prntac\"><i>O Instituto foi fundado em 1999 pela Suzano S.A. para contribuir com a transforma\u00e7\u00e3o da sociedade <\/i><\/p>\n<p><span class=\"legendSpanClass\">S\u00c3O PAULO<\/span>, <span class=\"legendSpanClass\">14 de dezembro de 2022<\/span> \/PRNewswire\/ &#8212; H\u00e1 23 anos, em 13 de dezembro de 1999, o ent\u00e3o presidente da Suzano, <span class=\"xn-person\">Max Feffer<\/span>, lan\u00e7ava oficialmente o <a href=\"http:\/\/www.ecofuturo.org.br\/\" target=\"_blank\" rel=\"noopener\"><b>Instituto Ecofuturo<\/b><\/a><b>, <\/b>organiza\u00e7\u00e3o sem fins lucrativos mantida pela empresa. Nas palavras do fundador, o Ecofuturo \u00e9 um &#8220;atestado p\u00fablico do nosso compromisso em empreender esfor\u00e7os para construir um hoje melhor e um amanh\u00e3 melhor ainda&#8221; e, em 2022, assumiu compromissos que refor\u00e7am o trabalho desenvolvido pela conserva\u00e7\u00e3o de \u00e1reas naturais e prote\u00e7\u00e3o da biodiversidade.<\/p>\n<p>O Instituto foi criado com o objetivo de contribuir com a transforma\u00e7\u00e3o positiva da sociedade por meio da conserva\u00e7\u00e3o ambiental e promo\u00e7\u00e3o do conhecimento. Por meio do Parque das Neblinas, reserva de Mata Atl\u00e2ntica gerida pelo Ecofuturo, foi poss\u00edvel contribuir com o fomento de pesquisas cient\u00edficas, desenvolvimento de um programa de educa\u00e7\u00e3o ambiental, prote\u00e7\u00e3o da biodiversidade, t\u00e9cnicas de manejo madeireiro e n\u00e3o-madeireiro, regenera\u00e7\u00e3o natural e envolvimento comunit\u00e1rio.<\/p>\n<p>A cria\u00e7\u00e3o do Instituto e a hist\u00f3ria de transforma\u00e7\u00e3o do Parque demonstram o pioneirismo da Suzano em investir em sustentabilidade em um contexto em que a import\u00e2ncia da responsabilidade em a\u00e7\u00f5es ambientais e sociais ainda eram pouco discutidas.<\/p>\n<p>Neste ano, o Instituto Ecofuturo foi integrado oficialmente \u00e0 D\u00e9cada das Na\u00e7\u00f5es Unidas da Restaura\u00e7\u00e3o de Ecossistemas, uma campanha da ONU (Organiza\u00e7\u00e3o das Na\u00e7\u00f5es Unidas) que busca acelerar a restaura\u00e7\u00e3o e a conserva\u00e7\u00e3o de \u00e1reas naturais em 10 anos ? de 2021 a 2030 ?, para deter a degrada\u00e7\u00e3o dos ecossistemas e evitar que as mudan\u00e7as clim\u00e1ticas cheguem a um ponto irrevers\u00edvel.<\/p>\n<p>O trabalho desenvolvido no Parque ? que possui 7 mil hectares de floresta em diferentes est\u00e1gios de regenera\u00e7\u00e3o, j\u00e1 foram registradas mais de 1.330 esp\u00e9cies da fauna e flora, incluindo mais de 40 com algum grau de amea\u00e7a ? tamb\u00e9m passou a compor a plataforma Restor, que re\u00fane informa\u00e7\u00f5es ecol\u00f3gicas para as iniciativas de restaura\u00e7\u00e3o, conserva\u00e7\u00e3o e uso sustent\u00e1vel de ecossistemas em todo o mundo. Al\u00e9m disso, o Instituto tamb\u00e9m assumiu compromissos com a biodiversidade na lista CBD ? Conven\u00e7\u00e3o sobre Diversidade Biol\u00f3gica, um tratado multilateral da Organiza\u00e7\u00e3o das Na\u00e7\u00f5es Unidas (ONU) e um dos mais importantes instrumentos internacionais relacionados \u00e0 prote\u00e7\u00e3o da natureza, al\u00e9m de contribuir para as metas de Aichii e para os objetivos do mil\u00eanio da ONU.<\/p>\n<p>&#8220;Temos um grande orgulho da trajet\u00f3ria do Instituto Ecofuturo, em que contribu\u00edmos para a transforma\u00e7\u00e3o de pessoas, natureza e territ\u00f3rios. Acreditamos que, para construir um hoje e amanh\u00e3 melhores, a promo\u00e7\u00e3o do conhecimento e a reconex\u00e3o do ser humano com o ambiente natural s\u00e3o importantes aliados nesta miss\u00e3o&#8221;, declara <span class=\"xn-person\">Paulo Groke<\/span>, diretor superintendente do Ecofuturo.<\/p>\n<p>Para conhecer mais sobre a hist\u00f3ria do Instituto, acesse: <a href=\"http:\/\/www.ecofuturo.org.br\/\" target=\"_blank\" rel=\"noopener\">http:\/\/www.ecofuturo.org.br\/<\/a><\/p>\n<p><b>Sobre o Instituto Ecofuturo<\/b><\/p>\n<p>Organiza\u00e7\u00e3o sem fins lucrativos, fundada em 1999 e mantida pela Suzano, o Instituto Ecofuturo contribui para transformar a sociedade por meio da conserva\u00e7\u00e3o ambiental e promo\u00e7\u00e3o do conhecimento. Entre as principais iniciativas est\u00e1 a gest\u00e3o do Parque das Neblinas, onde s\u00e3o desenvolvidas atividades de educa\u00e7\u00e3o ambiental, pesquisa cient\u00edfica, ecoturismo, manejo e restaura\u00e7\u00e3o florestal, e participa\u00e7\u00e3o comunit\u00e1ria. Conhe\u00e7a mais sobre o Ecofuturo em <a href=\"http:\/\/ecofuturo.org.br\/\" target=\"_blank\" rel=\"noopener\"><b>ecofuturo.org.br<\/b><\/a>, e acompanhe em <a href=\"http:\/\/facebook.com\/InstitutoEcofuturo\" target=\"_blank\" rel=\"noopener\">facebook.com\/InstitutoEcofuturo<\/a>, <a href=\"http:\/\/youtube.com\/institutoecofuturo\" target=\"_blank\" rel=\"noopener\">youtube.com\/institutoecofuturo<\/a>\u00a0e <a href=\"http:\/\/www.instagram.com\/ecofuturo\" target=\"_blank\" rel=\"noopener\">instagram.com\/ecofuturo<\/a>.\u00a0<\/p>\n<p><b>Sobre o Parque das Neblinas<\/b><\/p>\n<p>Reconhecido pelo Programa Homem e Biosfera da UNESCO como Posto Avan\u00e7ado da Reserva da Biosfera da Mata Atl\u00e2ntica, o Parque das Neblinas \u00e9 uma reserva ambiental da Suzano, gerida pelo Ecofuturo, com 7 mil hectares. No local, s\u00e3o desenvolvidas atividades de ecoturismo, pesquisa cient\u00edfica, educa\u00e7\u00e3o ambiental, manejo e restaura\u00e7\u00e3o florestal e participa\u00e7\u00e3o comunit\u00e1ria.<\/p>\n<p><a href=\"http:\/\/www.planin.com\/\" target=\"_blank\" rel=\"noopener\"><b>Planin<\/b><\/a><b>\u00a0?\u00a0Assessoria de Imprensa da <\/b><a href=\"http:\/\/www.suzano.com.br\/\" target=\"_blank\" rel=\"noopener\"><b>Suzano<\/b><\/a> <br \/>Ang\u00e9lica Consiglio, Beatriz Imenes e equipe ?\u00a0<a href=\"http:\/\/www.planin.com\/\" target=\"_blank\" rel=\"noopener\">www.planin.com<\/a>\u00a0<br \/>Contato: <span class=\"xn-person\">Eduarda Lopes<\/span>, Thallyta Nunes e Ma\u00edra Telles<br \/><a href=\"mailto:suzano@planin.com\" target=\"_blank\" rel=\"noopener\">suzano@planin.com<\/a>\u00a0&#8211; Tel.: (11) 2138-8949<\/p>\n<p>FONTE  Instituto Ecofuturo<\/p>\n<\/div>\n<p><img decoding=\"async\" alt=\"\" src=\"https:\/\/rt.prnewswire.com\/rt.gif?NewsItemId=PT66065&amp;Transmission_Id=202212141548PR_NEWS_LATAM____PT66065&amp;DateId=20221214\" \/><\/p>\n<p>A <b>OESP<\/b> nao e(sao) responsavel(is) por erros, incorrecoes, atrasos ou quaisquer decisoes tomadas por seus clientes com base nos Conteudos ora disponibilizados, bem como tais Conteudos nao representam a opiniao da <b>OESP<\/b> e sao de inteira responsabilidade da <b>PR Newswire Ltda<\/b><\/p>\n","protected":false},"excerpt":{"rendered":"PR NEWSWIRE Instituto Ecofuturo celebra anivers\u00e1rio refor\u00e7ando seu compromisso com a conserva\u00e7\u00e3o PR Newswire S\u00c3O PAULO, 14 de dezembro de 2022 O Instituto foi fundado em 1999 pela Suzano S.A.","protected":false},"author":1,"featured_media":44285,"comment_status":"closed","ping_status":"closed","sticky":false,"template":"","format":"standard","meta":{"_acf_changed":false,"inline_featured_image":false,"_monsterinsights_skip_tracking":false,"_monsterinsights_sitenote_active":false,"_monsterinsights_sitenote_note":"","_monsterinsights_sitenote_category":0,"footnotes":""},"categories":[31],"tags":[],"class_list":["post-44284","post","type-post","status-publish","format-standard","has-post-thumbnail","hentry","category-prnewsinternacional"],"acf":[],"_links":{"self":[{"href":"https:\/\/bluestudio.estadao.com.br\/agencia-de-comunicacao\/wp-json\/wp\/v2\/posts\/44284","targetHints":{"allow":["GET"]}}],"collection":[{"href":"https:\/\/bluestudio.estadao.com.br\/agencia-de-comunicacao\/wp-json\/wp\/v2\/posts"}],"about":[{"href":"https:\/\/bluestudio.estadao.com.br\/agencia-de-comunicacao\/wp-json\/wp\/v2\/types\/post"}],"author":[{"embeddable":true,"href":"https:\/\/bluestudio.estadao.com.br\/agencia-de-comunicacao\/wp-json\/wp\/v2\/users\/1"}],"replies":[{"embeddable":true,"href":"https:\/\/bluestudio.estadao.com.br\/agencia-de-comunicacao\/wp-json\/wp\/v2\/comments?post=44284"}],"version-history":[{"count":0,"href":"https:\/\/bluestudio.estadao.com.br\/agencia-de-comunicacao\/wp-json\/wp\/v2\/posts\/44284\/revisions"}],"wp:featuredmedia":[{"embeddable":true,"href":"https:\/\/bluestudio.estadao.com.br\/agencia-de-comunicacao\/wp-json\/"}],"wp:attachment":[{"href":"https:\/\/bluestudio.estadao.com.br\/agencia-de-comunicacao\/wp-json\/wp\/v2\/media?parent=44284"}],"wp:term":[{"taxonomy":"category","embeddable":true,"href":"https:\/\/bluestudio.estadao.com.br\/agencia-de-comunicacao\/wp-json\/wp\/v2\/categories?post=44284"},{"taxonomy":"post_tag","embeddable":true,"href":"https:\/\/bluestudio.estadao.com.br\/agencia-de-comunicacao\/wp-json\/wp\/v2\/tags?post=44284"}],"curies":[{"name":"wp","href":"https:\/\/api.w.org\/{rel}","templated":true}]}}