{"id":44015,"date":"2022-12-08T16:13:00","date_gmt":"2022-12-08T16:13:00","guid":{"rendered":"https:\/\/patrocinados.estadao.com.br\/medialab\/agenciacomunicacao\/prnewswire\/prnewsinternacional\/lider-global-em-higiene-e-saude-apresenta-resultados-de-iniciativas-sustentaveis\/"},"modified":"2022-12-08T16:13:00","modified_gmt":"2022-12-08T16:13:00","slug":"lider-global-em-higiene-e-saude-apresenta-resultados-de-iniciativas-sustentaveis","status":"publish","type":"post","link":"https:\/\/bluestudio.estadao.com.br\/agencia-de-comunicacao\/prnewswire\/prnewsinternacional\/lider-global-em-higiene-e-saude-apresenta-resultados-de-iniciativas-sustentaveis\/","title":{"rendered":"L\u00edder global em higiene e sa\u00fade apresenta resultados de iniciativas sustent\u00e1veis"},"content":{"rendered":"<p><b>PR NEWSWIRE<\/b><\/p>\n<div class=\"xn-newslines\">\n<h1 class=\"xn-hedline\">L\u00edder global em higiene e sa\u00fade apresenta resultados de iniciativas sustent\u00e1veis<\/h1>\n<p class=\"xn-distributor\">PR Newswire<\/p>\n<p class=\"xn-dateline\">S\u00c3O PAULO, 8 de dezembro de 2022<\/p>\n<\/div>\n<div class=\"xn-content\">\n<i>Com redu\u00e7\u00e3o das emiss\u00f5es na log\u00edstica e menos embalagens pl\u00e1sticas geradas, a Essity estende a premissa de bem-estar \u00e0s iniciativas ambientais<\/i><\/p>\n<p><span class=\"legendSpanClass\">S\u00c3O PAULO<\/span>, <span class=\"legendSpanClass\">8 de dezembro de 2022<\/span> \/PRNewswire\/ &#8212;\u00a0Segunda colocada no Anu\u00e1rio de Sustentabilidade 2022 da S&amp;P Global na categoria Produtos para o Lar e uma das 150 empresas mais sustent\u00e1veis do mundo, de acordo com o mesmo ranking, a Essity, l\u00edder mundial em higiene e sa\u00fade, se destaca pelas iniciativas ambientais no mercado nacional que j\u00e1 alcan\u00e7am resultados expressivos.<\/p>\n<div class=\"PRN_ImbeddedAssetReference\" id=\"DivAssetPlaceHolder4927\">\n<a href=\"https:\/\/mma.prnewswire.com\/media\/1964707\/Pine_forest_0022_M18.html\" target=\"_blank\" rel=\"noopener\"><img decoding=\"async\" src=\"https:\/\/mma.prnewswire.com\/media\/1964707\/Pine_forest_0022_M18.jpg\" alt=\"\" \/><\/a><\/p>\n<\/div>\n<p>Com ajustes nos modais log\u00edsticos, duas importantes iniciativas s\u00e3o respons\u00e1veis pela contribui\u00e7\u00e3o da empresa na redu\u00e7\u00e3o de emiss\u00f5es. A distribui\u00e7\u00e3o de produtos por meio de cabotagem, fez com que a empresa deixasse de gerar 16 ton de CO\u00b2, assim como a otimiza\u00e7\u00e3o log\u00edstica por meio de caminh\u00f5es el\u00e9tricos. Ambas as mudan\u00e7as, garantem \u00e0 empresa maior efici\u00eancia e responsabilidade ambiental.<\/p>\n<p>As metas da empresa para a gera\u00e7\u00e3o de pl\u00e1stico no processo produtivo tamb\u00e9m foram superadas. Alcan\u00e7amos uma redu\u00e7\u00e3o de, aproximadamente, 30% no consumo de material pl\u00e1stico utilizado em nossas embalagens, por meio de novos processos de fabrica\u00e7\u00e3o e desenvolvimento utilizados na f\u00e1brica de Jarin\u00fa, SP.<\/p>\n<p>&#8220;A Essity tem sua estrat\u00e9gia de sustentabilidade como um dos pontos chave para alcan\u00e7ar os objetivos de neg\u00f3cio. Focada no bem-estar, na circularidade e em produzir mais consumindo menos, a companhia enxerga as metas estabelecidas como oportunidades de melhoria cont\u00ednua, n\u00e3o apenas nos processos produtivos, mas em toda a cadeia, al\u00e9m de oferecer aos consumidores solu\u00e7\u00f5es de higiene e sa\u00fade com menor impacto ambiental at\u00e9 2030&#8221;, afirma a Gerente de Comunica\u00e7\u00e3o para a Am\u00e9rica Latina, <span class=\"xn-person\">Paulina Barragan<\/span>.<\/p>\n<p>Al\u00e9m das a\u00e7\u00f5es focadas no meio ambiente, a Essity tamb\u00e9m promove iniciativas de impacto social que v\u00e3o desde conte\u00fado educacional para desmitificar pautas como a incontin\u00eancia urin\u00e1ria e a menstrua\u00e7\u00e3o, como tamb\u00e9m parcerias com fornecedores, distribuidores e projetos sociais, como a j\u00e1 tradicional Black Friday, em que parte das vendas da marca TENA \u00e9 revertida em doa\u00e7\u00e3o de produtos para pessoas em situa\u00e7\u00e3o de vulnerabilidade social.<\/p>\n<p>&#8220;Todas as iniciativas da Essity, focadas em sustentabilidade, tanto no Brasil como globalmente, refor\u00e7am o compromisso da empresa com as pr\u00e1ticas de neg\u00f3cios respons\u00e1veis em toda a nossa cadeia de valor. Estarmos entre as empresas mais sustent\u00e1veis do mundo reflete o trabalho di\u00e1rio que realizamos para cuidar das pessoas e do planeta&#8221;, refor\u00e7a Paulina.<\/p>\n<p><b>Sobre a Essity <\/b><\/p>\n<p>Dedicada a melhorar o bem-estar por meio de seus produtos e servi\u00e7os, a Essity \u00e9 l\u00edder mundial em higiene e sa\u00fade. Com atua\u00e7\u00e3o em aproximadamente 150 pa\u00edses sob as marcas globais TENA\u00ae e Tork\u00ae, al\u00e9m de outras marcas fortes como JOBST\u00ae, Leukoplast\u00ae, Actimove\u00ae, Cutimed\u00ae, Delta-Cast\u00ae e Libresse\u00ae, possui cerca de 46 mil colaboradores e suas vendas l\u00edquidas em 2021 totalizaram aproximadamente 12 bilh\u00f5es de euros. A sede da empresa fica localizada em Estocolmo, na Su\u00e9cia e est\u00e1 listada na bolsa de valores Nasdaq Estocolmo. No Brasil, a companhia conta com 530 colaboradores, com opera\u00e7\u00e3o local na cidade de S\u00e3o Paulo e uma f\u00e1brica localizada em Jarinu, no interior de S\u00e3o Paulo. A Essity quebra barreiras pelo bem-estar e contribui para uma sociedade saud\u00e1vel, sustent\u00e1vel e circular. Mais informa\u00e7\u00f5es em <a href=\"http:\/\/www.essity.com\/\" target=\"_blank\" rel=\"noopener\">www.essity.com<\/a><\/p>\n<p>Foto &#8211;\u00a0<a href=\"https:\/\/mma.prnewswire.com\/media\/1964707\/Pine_forest_0022_M18.jpg\" target=\"_blank\" rel=\"noopener\">https:\/\/mma.prnewswire.com\/media\/1964707\/Pine_forest_0022_M18.jpg<\/a><\/p>\n<p>\u00a0<\/p>\n<div class=\"PRN_ImbeddedAssetReference\" id=\"DivAssetPlaceHolder0\"><\/div>\n<p>FONTE  Essity<\/p>\n<\/div>\n<p><img decoding=\"async\" alt=\"\" src=\"https:\/\/rt.prnewswire.com\/rt.gif?NewsItemId=PT60373&amp;Transmission_Id=202212081300PR_NEWS_LATAM____PT60373&amp;DateId=20221208\" \/><\/p>\n<p>A <b>OESP<\/b> nao e(sao) responsavel(is) por erros, incorrecoes, atrasos ou quaisquer decisoes tomadas por seus clientes com base nos Conteudos ora disponibilizados, bem como tais Conteudos nao representam a opiniao da <b>OESP<\/b> e sao de inteira responsabilidade da <b>PR Newswire Ltda<\/b><\/p>\n","protected":false},"excerpt":{"rendered":"PR NEWSWIRE L\u00edder global em higiene e sa\u00fade apresenta resultados de iniciativas sustent\u00e1veis PR Newswire S\u00c3O PAULO, 8 de dezembro de 2022 Com redu\u00e7\u00e3o das emiss\u00f5es na log\u00edstica e menos","protected":false},"author":1,"featured_media":44016,"comment_status":"closed","ping_status":"closed","sticky":false,"template":"","format":"standard","meta":{"_acf_changed":false,"inline_featured_image":false,"_monsterinsights_skip_tracking":false,"_monsterinsights_sitenote_active":false,"_monsterinsights_sitenote_note":"","_monsterinsights_sitenote_category":0,"footnotes":""},"categories":[31],"tags":[],"class_list":["post-44015","post","type-post","status-publish","format-standard","has-post-thumbnail","hentry","category-prnewsinternacional"],"acf":[],"_links":{"self":[{"href":"https:\/\/bluestudio.estadao.com.br\/agencia-de-comunicacao\/wp-json\/wp\/v2\/posts\/44015","targetHints":{"allow":["GET"]}}],"collection":[{"href":"https:\/\/bluestudio.estadao.com.br\/agencia-de-comunicacao\/wp-json\/wp\/v2\/posts"}],"about":[{"href":"https:\/\/bluestudio.estadao.com.br\/agencia-de-comunicacao\/wp-json\/wp\/v2\/types\/post"}],"author":[{"embeddable":true,"href":"https:\/\/bluestudio.estadao.com.br\/agencia-de-comunicacao\/wp-json\/wp\/v2\/users\/1"}],"replies":[{"embeddable":true,"href":"https:\/\/bluestudio.estadao.com.br\/agencia-de-comunicacao\/wp-json\/wp\/v2\/comments?post=44015"}],"version-history":[{"count":0,"href":"https:\/\/bluestudio.estadao.com.br\/agencia-de-comunicacao\/wp-json\/wp\/v2\/posts\/44015\/revisions"}],"wp:featuredmedia":[{"embeddable":true,"href":"https:\/\/bluestudio.estadao.com.br\/agencia-de-comunicacao\/wp-json\/"}],"wp:attachment":[{"href":"https:\/\/bluestudio.estadao.com.br\/agencia-de-comunicacao\/wp-json\/wp\/v2\/media?parent=44015"}],"wp:term":[{"taxonomy":"category","embeddable":true,"href":"https:\/\/bluestudio.estadao.com.br\/agencia-de-comunicacao\/wp-json\/wp\/v2\/categories?post=44015"},{"taxonomy":"post_tag","embeddable":true,"href":"https:\/\/bluestudio.estadao.com.br\/agencia-de-comunicacao\/wp-json\/wp\/v2\/tags?post=44015"}],"curies":[{"name":"wp","href":"https:\/\/api.w.org\/{rel}","templated":true}]}}