{"id":43077,"date":"2022-11-16T14:23:46","date_gmt":"2022-11-16T14:23:46","guid":{"rendered":"https:\/\/patrocinados.estadao.com.br\/medialab\/?p=43077"},"modified":"2022-11-16T14:23:46","modified_gmt":"2022-11-16T14:23:46","slug":"cft-quer-capacitar-tecnico-industrial-em-georreferenciamento-urbano","status":"publish","type":"post","link":"https:\/\/bluestudio.estadao.com.br\/agencia-de-comunicacao\/agencia-geocracia\/cft-quer-capacitar-tecnico-industrial-em-georreferenciamento-urbano\/","title":{"rendered":"CFT quer t\u00e9cnico industrial capacitado para georreferenciamento urbano\ufffc"},"content":{"rendered":"\n<p><strong>Por Ag\u00eancia Geocracia<\/strong><\/p>\n\n\n\n<p><strong>Em entrevista \u00e0 Ag\u00eancia Geocracia, Solomar Rockembach, presidente da autarquia, reconhece car\u00eancia de profissionais no mercado..<\/strong><\/p>\n\n\n\n<p>O rec\u00e9m empossado presidente do Conselho Federal dos T\u00e9cnicos Industriais (CFT), Solomar Rockembach, afirma que a autarquia est\u00e1 preocupada com a capacita\u00e7\u00e3o e especializa\u00e7\u00e3o dos t\u00e9cnicos industriais, sobretudo ap\u00f3s a norma da ABNT, que, a exemplo do que j\u00e1 acontecia com a \u00e1rea rural, tornou lei o georreferenciamento urbano, com demandas por servi\u00e7o e precis\u00e3o bem maiores. \u201cO estimulo \u00e0 capacita\u00e7\u00e3o j\u00e1 est\u00e1 sendo constru\u00eddo junto ao Minist\u00e9rio da Educa\u00e7\u00e3o e tamb\u00e9m junto aos t\u00e9cnicos industriais\u201d, afirma Rockembach em entrevista \u00e0 Ag\u00eancia Geocracia, explicando que isso se dar\u00e1 por meio de bolsas estudo, palestras em encontros setorizados nos ambientes acad\u00eamico e profissional e a\u00e7\u00f5es de comunica\u00e7\u00e3o.<\/p>\n\n\n\n<p>Presidente da Associa\u00e7\u00e3o Brasileira dos T\u00e9cnicos Industriais (Abeti), ex-presidente do Sindicato dos T\u00e9cnicos Industriais do Paran\u00e1 (Sintec-PR) e ex-diretor da Federa\u00e7\u00e3o Nacional dos T\u00e9cnicos Industriais (Fentec), Solomar reconhece que existe uma car\u00eancia de t\u00e9cnicos no mercado e que \u00e9 preciso acelerar a forma\u00e7\u00e3o de novos profissionais: \u201cOs t\u00e9cnicos de hoje surgiram na era da industrializa\u00e7\u00e3o do pa\u00eds, per\u00edodo em que alunos do ensino t\u00e9cnico eram requisitados em sala de aula para atuar em empresas. A evolu\u00e7\u00e3o industrial continuou acentuada nos \u00faltimos 40 anos, enquanto o ensino t\u00e9cnico ficou estagnado\u201d, afirma, adiantando que o CFT vai trabalhar junto a parlamentares e governo para resolver o problema.<\/p>\n\n\n\n<p>Acompanhe a entrevista na \u00edntegra.<\/p>\n\n\n\n<p><strong>Nesta sua gest\u00e3o que se inicia, quais ser\u00e3o as metas a serem batidas e como os t\u00e9cnicos de dados, principalmente aqueles voltados \u00e0 geoinforma\u00e7\u00e3o, podem ter o suporte da CFT na expans\u00e3o do mercado de trabalho? Afinal, h\u00e1 redes, cidades e territ\u00f3rios inteligentes a serem geridos, h\u00e1 a intelig\u00eancia artificial e muitas outras oportunidades\u2026<\/strong><\/p>\n\n\n\n<p>As metas do CFT na gest\u00e3o 2022\/2026 est\u00e3o voltadas \u00e0 valoriza\u00e7\u00e3o profissional e prote\u00e7\u00e3o da sociedade. Para atingirmos estes objetivos j\u00e1 iniciamos o processo de incremento na \u00e1rea da comunica\u00e7\u00e3o, cuja mensagem principal coloca o t\u00e9cnico industrial em evid\u00eancia no cen\u00e1rio do desenvolvimento social e econ\u00f4mico da na\u00e7\u00e3o. A profiss\u00e3o t\u00e9cnica industrial est\u00e1 presente nos diferentes setores da economia de pa\u00edses desenvolvidos como Alemanha, Portugal e Estados Unidos. Aqui no Brasil n\u00e3o \u00e9 diferente, com mais de meio milh\u00e3o de t\u00e9cnicos j\u00e1 registrados no Sistema CFT\/CRTs, respons\u00e1veis pela emiss\u00e3o de aproximadamente tr\u00eas milh\u00f5es de Termos de Responsabilidade T\u00e9cnica (TRT) nos \u00faltimos quatro anos, desde quando esta autarquia foi criada. Por\u00e9m, estima-se que mais de tr\u00eas milh\u00f5es de t\u00e9cnicos estejam em atividade no Brasil, desconhecendo ainda a obrigatoriedade do registro neste conselho de classe, criado com a finalidade de definir as atribui\u00e7\u00f5es, campos de atua\u00e7\u00e3o e prerrogativas profissionais. Por meio da publicidade, o CFT enaltece o exerc\u00edcio legal da profiss\u00e3o como instrumento de valoriza\u00e7\u00e3o da categoria e mostra \u00e0 sociedade que o t\u00e9cnico industrial legalizado tem compet\u00eancia t\u00e9cnica, comprovada experi\u00eancia e \u00e9 fiscalizado na elabora\u00e7\u00e3o de estudos ou na execu\u00e7\u00e3o de projetos e servi\u00e7os.<\/p>\n\n\n\n<p>Em rela\u00e7\u00e3o \u00e0 geoinforma\u00e7\u00e3o, \u00e9 importante destacar que in\u00fameras modalidades t\u00e9cnicas t\u00eam conex\u00e3o com esta \u00e1rea de estudos, indispens\u00e1vel para o desenvolvimento humano, tecnol\u00f3gico e territorial. No \u00e2mbito das compet\u00eancias do CFT, os profissionais que atuam nesta \u00e1rea t\u00eam o amparo deste conselho na emiss\u00e3o das resolu\u00e7\u00f5es que normatizam a profiss\u00e3o, incremento na fiscaliza\u00e7\u00e3o com a finalidade de coibir o exerc\u00edcio ilegal da profiss\u00e3o, al\u00e9m incentivos para a capacita\u00e7\u00e3o permanente. Em paralelo, o CFT estimula o ensino t\u00e9cnico, inclusive apoiando e premiando projetos cient\u00edficos, assim como ocorreu na programa\u00e7\u00e3o da Semana do T\u00e9cnico Industrial 2022 e na Mostratec 2022, oportunidade em que o CFT e seus respectivos regionais estiveram presentes e oportunizaram a participa\u00e7\u00e3o de estudantes brasileiros em feiras de ci\u00eancia e tecnologia, inclusive nos Estados Unidos..<\/p>\n\n\n\n<p><strong>Existem mais de 672 mil t\u00e9cnicos registrados nos bancos de dados do CFT. Quais s\u00e3o as principais demandas destes profissionais?<\/strong><\/p>\n\n\n\n<p>Importante ressaltar que o CFT n\u00e3o tem as prerrogativas de sindicato. Este conselho, criado por legisla\u00e7\u00e3o espec\u00edfica, \u00e9 uma autarquia federal que opera como \u00f3rg\u00e3o normativo, exercendo fun\u00e7\u00f5es que, por extens\u00e3o, competem ao poder Executivo da Uni\u00e3o. Deste modo deve-se observar que o CFT deve atuar em benef\u00edcio da sociedade e a favor de uma categoria. Por\u00e9m, a miss\u00e3o estabelecida pelo nosso planejamento estrat\u00e9gico coloca o CFT como agente da valoriza\u00e7\u00e3o profissional, pautado pelo princ\u00edpio da \u00e9tica e compromisso com a qualidade, seguran\u00e7a e inova\u00e7\u00e3o. Pelo poder emanado e por ser constitu\u00eddo exclusivamente por t\u00e9cnicos industriais na sua diretoria executiva e no colegiado m\u00e1ximo, o CFT tamb\u00e9m atua politicamente em quest\u00f5es que fogem da sua al\u00e7ada de responsabilidade, como, por exemplo, a defesa do piso salarial m\u00ednimo da categoria, a defesa da valoriza\u00e7\u00e3o da p\u00f3s-gradua\u00e7\u00e3o t\u00e9cnica e, principalmente, o reconhecimento por parte de empresas e institui\u00e7\u00f5es p\u00fablicas e privadas sobre o direito do t\u00e9cnicos industrial como profissional habilitado para emitir TRTs nas \u00e1reas de atua\u00e7\u00e3o de sua compet\u00eancia, assim como ocorre com engenheiros, arquitetos e outras profiss\u00f5es regulamentadas.<\/p>\n\n\n\n<p><strong>Recentemente, o Plen\u00e1rio do CFT aprovou proposta que permite a cada profissional assumir a responsabilidade t\u00e9cnica de at\u00e9 cinco empresas, incluindo a sua pr\u00f3pria pessoa jur\u00eddica. Por que isso \u00e9 importante para os t\u00e9cnicos industriais?<\/strong><\/p>\n\n\n\n<p>\u00c9 muito importante porque amplia as oportunidades de trabalho e valoriza os t\u00e9cnicos industriais. Essa \u00e9 uma demanda reivindicada pela categoria e que foi atendida pelo CFT, beneficiando t\u00e9cnicos industriais que atuam como agentes do desenvolvimento e que, a partir desta normativa, podem ampliar o n\u00famero de empreendimentos sob a sua responsabilidade t\u00e9cnica.<\/p>\n\n\n\n<p><strong>Conforme determina recente norma da ABNT, o georreferenciamento urbano passa a ser lei, a exemplo do que acontece com a \u00e1rea rural. Como o CFT pretende contribuir para a especializa\u00e7\u00e3o dos t\u00e9cnicos, j\u00e1 que, no caso urbano, a demanda por servi\u00e7os e as exig\u00eancias de precis\u00e3o ser\u00e3o muito maiores?<\/strong><\/p>\n\n\n\n<p>O estimulo \u00e0 capacita\u00e7\u00e3o j\u00e1 est\u00e1 sendo constru\u00eddo junto ao Minist\u00e9rio da Educa\u00e7\u00e3o e tamb\u00e9m junto aos t\u00e9cnicos industriais. A consci\u00eancia coletiva ser\u00e1 estimulada por meio de a\u00e7\u00f5es efetivas na \u00e1rea da comunica\u00e7\u00e3o, desenvolvimento de projeto social visando implantar a bolsa estudo, al\u00e9m de palestras em encontros setorizados nos ambientes acad\u00eamico e profissional.<\/p>\n","protected":false},"excerpt":{"rendered":"Por Ag\u00eancia Geocracia Em entrevista \u00e0 Ag\u00eancia Geocracia, Solomar Rockembach, presidente da autarquia, reconhece car\u00eancia de profissionais no mercado.. O rec\u00e9m empossado presidente do Conselho","protected":false},"author":3,"featured_media":43078,"comment_status":"closed","ping_status":"closed","sticky":false,"template":"","format":"standard","meta":{"_acf_changed":false,"inline_featured_image":false,"_monsterinsights_skip_tracking":false,"_monsterinsights_sitenote_active":false,"_monsterinsights_sitenote_note":"","_monsterinsights_sitenote_category":0,"footnotes":""},"categories":[26],"tags":[],"class_list":["post-43077","post","type-post","status-publish","format-standard","has-post-thumbnail","hentry","category-agencia-geocracia"],"acf":[],"_links":{"self":[{"href":"https:\/\/bluestudio.estadao.com.br\/agencia-de-comunicacao\/wp-json\/wp\/v2\/posts\/43077","targetHints":{"allow":["GET"]}}],"collection":[{"href":"https:\/\/bluestudio.estadao.com.br\/agencia-de-comunicacao\/wp-json\/wp\/v2\/posts"}],"about":[{"href":"https:\/\/bluestudio.estadao.com.br\/agencia-de-comunicacao\/wp-json\/wp\/v2\/types\/post"}],"author":[{"embeddable":true,"href":"https:\/\/bluestudio.estadao.com.br\/agencia-de-comunicacao\/wp-json\/wp\/v2\/users\/3"}],"replies":[{"embeddable":true,"href":"https:\/\/bluestudio.estadao.com.br\/agencia-de-comunicacao\/wp-json\/wp\/v2\/comments?post=43077"}],"version-history":[{"count":0,"href":"https:\/\/bluestudio.estadao.com.br\/agencia-de-comunicacao\/wp-json\/wp\/v2\/posts\/43077\/revisions"}],"wp:featuredmedia":[{"embeddable":true,"href":"https:\/\/bluestudio.estadao.com.br\/agencia-de-comunicacao\/wp-json\/wp\/v2\/media\/43078"}],"wp:attachment":[{"href":"https:\/\/bluestudio.estadao.com.br\/agencia-de-comunicacao\/wp-json\/wp\/v2\/media?parent=43077"}],"wp:term":[{"taxonomy":"category","embeddable":true,"href":"https:\/\/bluestudio.estadao.com.br\/agencia-de-comunicacao\/wp-json\/wp\/v2\/categories?post=43077"},{"taxonomy":"post_tag","embeddable":true,"href":"https:\/\/bluestudio.estadao.com.br\/agencia-de-comunicacao\/wp-json\/wp\/v2\/tags?post=43077"}],"curies":[{"name":"wp","href":"https:\/\/api.w.org\/{rel}","templated":true}]}}