{"id":42492,"date":"2022-11-03T10:43:00","date_gmt":"2022-11-03T10:43:00","guid":{"rendered":""},"modified":"2022-11-03T10:43:00","modified_gmt":"2022-11-03T10:43:00","slug":"nash-squared-apesar-da-turbulencia-economica-os-gastos-globais-com-tecnologia-crescem-em-sua-terceira-taxa-mais-rapida-em-mais-de-15-anos-de-acordo-com-a-maior-pesquisa-de-lideranca-digital-do-mund","status":"publish","type":"post","link":"https:\/\/bluestudio.estadao.com.br\/agencia-de-comunicacao\/prnewswire\/prnewsinternacional\/nash-squared-apesar-da-turbulencia-economica-os-gastos-globais-com-tecnologia-crescem-em-sua-terceira-taxa-mais-rapida-em-mais-de-15-anos-de-acordo-com-a-maior-pesquisa-de-lideranca-digital-do-mund\/","title":{"rendered":"Nash Squared: apesar da turbul\u00eancia econ\u00f4mica, os gastos globais com tecnologia crescem em sua terceira taxa mais r\u00e1pida em mais de 15 anos, de acordo com a maior pesquisa de lideran\u00e7a digital do mundo"},"content":{"rendered":"<p><b>PR NEWSWIRE<\/b><\/p>\n<div class=\"xn-newslines\">\n<h1 class=\"xn-hedline\">Nash Squared: apesar da turbul\u00eancia econ\u00f4mica, os gastos globais com tecnologia crescem em sua terceira taxa mais r\u00e1pida em mais de 15 anos, de acordo com a maior pesquisa de lideran\u00e7a digital do mundo<\/h1>\n<p class=\"xn-distributor\">PR Newswire<\/p>\n<p class=\"xn-dateline\">LONDRES, 3 de novembro de 2022<\/p>\n<\/div>\n<div class=\"xn-content\">\n<ul>\n<li><i>No entanto, o investimento em tecnologia emergente como IA e Big Data desacelerou, amea\u00e7ando a inova\u00e7\u00e3o<\/i>\u00a0<\/li>\n<li><i>Os temores com rela\u00e7\u00e3o \u00e0 guerra cibern\u00e9tica crescem drasticamente \u00e0 medida que os ataques come\u00e7am a aumentar<\/i>\u00a0<\/li>\n<li><i>Mais da metade das grandes empresas atingidas por um ataque cibern\u00e9tico<\/i>\u00a0<\/li>\n<li><i>Alta escassez de talentos tecnol\u00f3gicos em todos os momentos, enquanto as demandas salariais se tornam insustent\u00e1veis<\/i>\u00a0<\/li>\n<li><i>Mulheres na tecnologia se movimentam em uma dire\u00e7\u00e3o positiva, auxiliadas pelo trabalho h\u00edbrido<\/i>\u00a0<\/li>\n<\/ul>\n<p><span class=\"legendSpanClass\">LONDRES<\/span>, <span class=\"legendSpanClass\">3 de novembro de 2022<\/span> \/PRNewswire\/ &#8212; Apesar de 87% dos l\u00edderes digitais esperarem uma recess\u00e3o econ\u00f4mica, os gastos globais com tecnologia deste ano dever\u00e3o crescer em sua terceira taxa mais r\u00e1pida em mais de 15 anos, pois mais da metade (52%) dos l\u00edderes digitais espera que seu or\u00e7amento de tecnologia aumente, e apenas 12% esperam que seu or\u00e7amento diminua, de acordo com a maior e mais antiga pesquisa do mundo realizada com tomadores de decis\u00f5es s\u00eaniores de tecnologia.\u00a0<\/p>\n<div id=\"prni_dvprnejpg0077left\"><img decoding=\"async\" src=\"https:\/\/mma.prnewswire.com\/media\/1857764\/Nash_Squared_Logo.jpg\" alt=\"Nash Squared Logo\" \/><\/div>\n<p>Mas o <a href=\"https:\/\/www.nashsquared.com\/digital-leadership-annual-report\" target=\"_blank\" rel=\"noopener\">relat\u00f3rio Nash Squared Digital Leadership<\/a>, em colabora\u00e7\u00e3o com a CIONET, descobriu que o investimento diminuiu em tecnologias emergentes como IA e Big Data, amea\u00e7ando oportunidades de inovar devido \u00e0 instabilidade econ\u00f4mica global. Embora o investimento continue forte na nuvem (63% relatam uso em larga escala), as empresas est\u00e3o reduzindo seus investimentos em todas as outras tecnologias (Big Data, IA\/AM e RPA) que s\u00e3o fundamentais para a inova\u00e7\u00e3o e para obter uma vantagem competitiva.<\/p>\n<p><b><span class=\"xn-person\">Bev White<\/span>, CEO da Nash Squared disse: <\/b><\/p>\n<p><i>&#8220;Os ventos econ\u00f4micos contr\u00e1rios est\u00e3o se unindo e os indicadores est\u00e3o se tornando negativos, mas apesar ou at\u00e9 mesmo por causa disso, as empresas sabem que o investimento em tecnologia continua sendo fundamental. Tanto para maximizar a efici\u00eancia do que j\u00e1 t\u00eam quanto para se tornarem mais \u00e1geis e responsivas em condi\u00e7\u00f5es altamente imprevis\u00edveis, a tecnologia \u00e9 o principal facilitador. Mas, embora as inten\u00e7\u00f5es de investimento em tecnologia estejam em seu terceiro n\u00edvel mais alto em mais de 15 anos, h\u00e1 sinais de que algumas empresas est\u00e3o limitando o investimento em \u00e1reas como IA e Big Data. As raz\u00f5es para isso s\u00e3o compreens\u00edveis, mas as empresas devem ter cuidado para n\u00e3o cortarem muito fundo.&#8221;<\/i>\u00a0<\/p>\n<p><a href=\"http:\/\/www.nashsquared.com\/post\/despite-economic-turmoil-global-tech-spend-grows-at-its-third-fastest-rate-in-over-15-years-finds-worlds-largest-digital-leadership-survey\" target=\"_blank\" rel=\"noopener\">Informativo completo aqui<\/a>\u00a0<\/p>\n<p><b>Sobre a Nash Squared <\/b><\/p>\n<p>A Nash Squared \u00e9 o provedor l\u00edder mundial de solu\u00e7\u00f5es em talentos e tecnologia.<\/p>\n<p>Contamos com uma rede \u00fanica, que libera o potencial onde as pessoas e a tecnologia se encontram. H\u00e1 mais de tr\u00eas d\u00e9cadas, ajudamos os clientes a resolverem problemas amplos e complexos, construindo e transformando sua tecnologia e compet\u00eancia digital.<\/p>\n<p><a href=\"http:\/\/www.nashsquared.com\/\" target=\"_blank\" rel=\"noopener\">www.nashsquared.com<\/a>\u00a0<\/p>\n<p><b>Contatos para a imprensa:<\/b>\u00a0<br \/><span class=\"xn-person\">David Pippett<\/span><br \/>Rela\u00e7\u00f5es p\u00fablicas da ProServ<br \/><a href=\"mailto:david@proservpr.com\" target=\"_blank\" rel=\"noopener\">david@proservpr.com<\/a>\u00a0\u00a0<br \/>+44 (0) 7899 798197<\/p>\n<p>Logotipo &#8211; <a href=\"https:\/\/mma.prnewswire.com\/media\/1857764\/Nash_Squared_Logo.jpg\" target=\"_blank\" rel=\"noopener\">https:\/\/mma.prnewswire.com\/media\/1857764\/Nash_Squared_Logo.jpg<\/a><\/p>\n<p>FONTE  Nash Squared<\/p>\n<\/div>\n<p><img decoding=\"async\" alt=\"\" src=\"https:\/\/rt.prnewswire.com\/rt.gif?NewsItemId=PT23313&amp;Transmission_Id=202211030938PR_NEWS_LATAM____PT23313&amp;DateId=20221103\" \/><\/p>\n<p>A <b>OESP<\/b> nao e(sao) responsavel(is) por erros, incorrecoes, atrasos ou quaisquer decisoes tomadas por seus clientes com base nos Conteudos ora disponibilizados, bem como tais Conteudos nao representam a opiniao da <b>OESP<\/b> e sao de inteira responsabilidade da <b>PR Newswire Ltda<\/b><\/p>\n","protected":false},"excerpt":{"rendered":"PR NEWSWIRE Nash Squared: apesar da turbul\u00eancia econ\u00f4mica, os gastos globais com tecnologia crescem em sua terceira taxa mais r\u00e1pida em mais de 15 anos, de acordo com a maior pesquisa de lideran\u00e7a","protected":false},"author":1,"featured_media":42493,"comment_status":"closed","ping_status":"closed","sticky":false,"template":"","format":"standard","meta":{"_acf_changed":false,"inline_featured_image":false,"_monsterinsights_skip_tracking":false,"_monsterinsights_sitenote_active":false,"_monsterinsights_sitenote_note":"","_monsterinsights_sitenote_category":0,"footnotes":""},"categories":[31],"tags":[],"class_list":["post-42492","post","type-post","status-publish","format-standard","has-post-thumbnail","hentry","category-prnewsinternacional"],"acf":[],"_links":{"self":[{"href":"https:\/\/bluestudio.estadao.com.br\/agencia-de-comunicacao\/wp-json\/wp\/v2\/posts\/42492","targetHints":{"allow":["GET"]}}],"collection":[{"href":"https:\/\/bluestudio.estadao.com.br\/agencia-de-comunicacao\/wp-json\/wp\/v2\/posts"}],"about":[{"href":"https:\/\/bluestudio.estadao.com.br\/agencia-de-comunicacao\/wp-json\/wp\/v2\/types\/post"}],"author":[{"embeddable":true,"href":"https:\/\/bluestudio.estadao.com.br\/agencia-de-comunicacao\/wp-json\/wp\/v2\/users\/1"}],"replies":[{"embeddable":true,"href":"https:\/\/bluestudio.estadao.com.br\/agencia-de-comunicacao\/wp-json\/wp\/v2\/comments?post=42492"}],"version-history":[{"count":0,"href":"https:\/\/bluestudio.estadao.com.br\/agencia-de-comunicacao\/wp-json\/wp\/v2\/posts\/42492\/revisions"}],"wp:featuredmedia":[{"embeddable":true,"href":"https:\/\/bluestudio.estadao.com.br\/agencia-de-comunicacao\/wp-json\/"}],"wp:attachment":[{"href":"https:\/\/bluestudio.estadao.com.br\/agencia-de-comunicacao\/wp-json\/wp\/v2\/media?parent=42492"}],"wp:term":[{"taxonomy":"category","embeddable":true,"href":"https:\/\/bluestudio.estadao.com.br\/agencia-de-comunicacao\/wp-json\/wp\/v2\/categories?post=42492"},{"taxonomy":"post_tag","embeddable":true,"href":"https:\/\/bluestudio.estadao.com.br\/agencia-de-comunicacao\/wp-json\/wp\/v2\/tags?post=42492"}],"curies":[{"name":"wp","href":"https:\/\/api.w.org\/{rel}","templated":true}]}}