{"id":42334,"date":"2022-10-31T11:12:00","date_gmt":"2022-10-31T11:12:00","guid":{"rendered":"https:\/\/patrocinados.estadao.com.br\/medialab\/agenciacomunicacao\/prnewswire\/prnewsinternacional\/o-raro-tambem-pode-acontecer-no-mes-das-criancas-um-desenho-animado-reforca-marcos-importantes-do-desenvolvimento-neurologico-dos-bebes\/"},"modified":"2022-10-31T11:12:00","modified_gmt":"2022-10-31T11:12:00","slug":"o-raro-tambem-pode-acontecer-no-mes-das-criancas-um-desenho-animado-reforca-marcos-importantes-do-desenvolvimento-neurologico-dos-bebes","status":"publish","type":"post","link":"https:\/\/bluestudio.estadao.com.br\/agencia-de-comunicacao\/prnewswire\/prnewsinternacional\/o-raro-tambem-pode-acontecer-no-mes-das-criancas-um-desenho-animado-reforca-marcos-importantes-do-desenvolvimento-neurologico-dos-bebes\/","title":{"rendered":"&#8220;O Raro Tamb\u00e9m Pode Acontecer&#8221;: no m\u00eas das crian\u00e7as, um desenho animado refor\u00e7a marcos importantes do desenvolvimento neurol\u00f3gico dos beb\u00eas"},"content":{"rendered":"<p><b>PR NEWSWIRE<\/b><\/p>\n<div class=\"xn-newslines\">\n<h1 class=\"xn-hedline\">&#8220;O Raro Tamb\u00e9m Pode Acontecer&#8221;: no m\u00eas das crian\u00e7as, um desenho animado refor\u00e7a marcos importantes do desenvolvimento neurol\u00f3gico dos beb\u00eas<\/h1>\n<p class=\"xn-distributor\">PR Newswire<\/p>\n<p class=\"xn-dateline\">S\u00c3O PAULO, 31 de outubro de 2022<\/p>\n<\/div>\n<div class=\"xn-content\">\nO \u00faltimo v\u00eddeo da s\u00e9rie &#8220;Hist\u00f3rias para se Viver&#8221; mostra o encontro dos quatro personagens da campanha &#8211; Zeca, Cora, Sara e Chuchu &#8211; em uma aventura no parque e traz informa\u00e7\u00f5es importantes sobre os sinais e sintomas da atrofia muscular espinhal (AME)<\/p>\n<p><span class=\"legendSpanClass\">S\u00c3O PAULO<\/span>, <span class=\"legendSpanClass\">31 de outubro de 2022<\/span> \/PRNewswire\/ &#8212; Sempre comprometida em levar informa\u00e7\u00e3o de qualidade \u00e0 popula\u00e7\u00e3o, a Biogen lan\u00e7ou, em mar\u00e7o\/22, a segunda fase da campanha &#8220;O Raro Tamb\u00e9m Pode Acontecer&#8221;. Agora, os personagens da cole\u00e7\u00e3o de contos de ninar &#8220;Hist\u00f3rias para se viver&#8221;, ganharam vida e se transformaram numa s\u00e9rie animada educativa. O objetivo da campanha \u00e9 divulgar a import\u00e2ncia de acompanhar a evolu\u00e7\u00e3o motora dos pequenos, e identificar de forma precoce sinais e sintomas que possam ser indicativos de in\u00fameras doen\u00e7as, uma delas a atrofia muscular espinhal (AME), que se trata de uma doen\u00e7a neuromuscular rara\u00b9, gen\u00e9tica\u00b2 e que se manifesta de forma muito diversa em cada indiv\u00edduo.<\/p>\n<div class=\"PRN_ImbeddedAssetReference\" id=\"DivAssetPlaceHolder1\">\n<a href=\"https:\/\/mma.prnewswire.com\/media\/1931776\/1.html\" target=\"_blank\" rel=\"noopener\">  <img decoding=\"async\" src=\"https:\/\/mma.prnewswire.com\/media\/1931776\/1.jpg\" alt=\"\" \/><\/a>\n <\/p>\n<\/p><\/div>\n<p>Para celebrar o m\u00eas das crian\u00e7as e refor\u00e7ar a relev\u00e2ncia do olhar atento aos beb\u00eas, foi lan\u00e7ado hoje o <a href=\"https:\/\/www.juntospelaame.com.br\/pt_BR\/home\/oraropodeacontecer\/no-mes-das-criancas--novo-video-da-serie--historias-para-se-vive.html\" target=\"_blank\" rel=\"noopener\">\u00faltimo v\u00eddeo da s\u00e9rie, intitulado &#8220;Um Dia No Parque&#8221;<\/a>. Nele, os quatro personagens das anima\u00e7\u00f5es anteriores &#8211; Zeca, Cora, Sara e Chuchu &#8211; se re\u00fanem para uma aventura final recheada de informa\u00e7\u00f5es importantes sobre alguns dos marcos motores de desenvolvimento. Um piquenique no parque \u00e9 o cen\u00e1rio desse encontro, onde cada um mostrar\u00e1 sua jornada e quais os movimentos j\u00e1 conseguem realizar sozinhos, de acordo com a faixa et\u00e1ria de cada um.\u00a0<\/p>\n<p>A import\u00e2ncia do tema se d\u00e1 pois, o quanto antes a AME \u00e9 diagnosticada e tratada, maiores s\u00e3o as chances de que as crian\u00e7as se desenvolvam dentro do esperado\u00b9. Por isso, \u00e9 essencial munir os pais, m\u00e3es, cuidadores e profissionais de sa\u00fade de informa\u00e7\u00e3o sobre o valor do monitoramento e acompanhamento dos marcos motores para identificar atrasos ou perdas de habilidades.\u00a0<\/p>\n<p><b>A campanha O Raro Tamb\u00e9m Pode Acontecer\u00a0<\/b>\u00a0<\/p>\n<p>Junto a &#8220;Um Dia No Parque&#8221;, as anima\u00e7\u00f5es anteriores &#8220;Zeca Vai Deitar e Rolar&#8221;, &#8220;Cora, A Surfista Voadora&#8221; e &#8220;Momento Sideral&#8221; tamb\u00e9m est\u00e3o dispon\u00edveis no hotsite <a href=\"https:\/\/mcas-proxyweb.mcas.ms\/certificate-checker?login=false&amp;originalUrl=https%3A%2F%2Fwww.juntospelaame.com.br.mcas.ms%2Fpt_BR%2Fhome%2Foraropodeacontecer.html%3FMcasTsid%3D20892&amp;McasCSRF=0af75ee66c09c2b02bc10a5ee8d87665fee957dae783f72282bf50c96e597564\" target=\"_blank\" rel=\"noopener\">Juntos Pela AME<\/a>. Ali \u00e9 poss\u00edvel encontrar conte\u00fado sobre marcos motores, sobre a AME e seu contexto no pa\u00eds, ferramentas para monitorar e cuidar dos(as) filhos(as) e ler depoimentos de diferentes lados dessa mesma hist\u00f3ria. A cole\u00e7\u00e3o de flipbooks da primeira fase do &#8220;Hist\u00f3rias para se viver&#8221; tamb\u00e9m est\u00e1 dispon\u00edvel no site.\u00a0<\/p>\n<p>&#8220;Acompanhar a rotina de um beb\u00ea n\u00e3o \u00e9 uma tarefa f\u00e1cil, requer muitos cuidados e aten\u00e7\u00e3o redobrada, por isso essa campanha \u00e9 t\u00e3o fundamental. Temos um firme e duradouro compromisso com os pacientes, profissionais de sa\u00fade e todas as pessoas envolvidas na vida de quem tem AME. Desde 2020, estamos trabalhando de maneira cada vez mais abrangente e diversificada com a campanha para conscientizar a popula\u00e7\u00e3o sobre a import\u00e2ncia da aten\u00e7\u00e3o aos marcos motores, a quest\u00e3o do diagn\u00f3stico pr\u00e9-sintom\u00e1tico na AME e a relev\u00e2ncia de se enxergar al\u00e9m da doen\u00e7a e perceber o que cada pessoa precisa&#8221;, afirma Carolina Cavanha, gerente s\u00eanior de assuntos corporativos na Biogen Brasil.\u00a0<\/p>\n<p><b>Os marcos motores de desenvolvimento<\/b>\u00a0<\/p>\n<p>A maneira que os pequenos brincam, aprendem, falam, agem e at\u00e9 se movimentam d\u00e3o indica\u00e7\u00f5es importantes sobre o seu crescimento. Assim, os marcos motores de desenvolvimento s\u00e3o movimentos que os beb\u00eas e crian\u00e7as conseguem fazer em uma determinada idade<sup>3<\/sup>. Pequenas a\u00e7\u00f5es t\u00eam grande impacto no neurodesenvolvimento e, por isso, \u00e9 t\u00e3o importante observar de perto a evolu\u00e7\u00e3o de cada fase. O n\u00e3o cumprimento de um ou mais desses padr\u00f5es pode ser sinal de que algo est\u00e1 errado e pode ter impacto negativo no neurodesenvolvimento do beb\u00ea ou da crian\u00e7a.\u00a0<\/p>\n<p>&#8220;O tempo \u00e9 um fator determinante e, conseguir identificar que o beb\u00ea ainda n\u00e3o conquistou algum movimento no tempo esperado, ou que tenha conquistado, mas posteriormente perdido a habilidade, \u00e9 muito importante para que haja o diagn\u00f3stico precoce de doen\u00e7as raras como a atrofia muscular espinhal (AME). Isso vai ser fundamental para que as fam\u00edlias consigam um cuidado mais apropriado para a pessoa e que ela, consequentemente, viva uma vida com muito mais qualidade&#8221;, explica Dra. <span class=\"xn-person\">Tatiana Branco<\/span>, diretora m\u00e9dica para o Brasil, na Biogen.\u00a0<\/p>\n<p><b>Alguns sinais para ficar atento(a) no desenvolvimento da primeira inf\u00e2ncia<\/b><b><sup>4-5<\/sup><\/b><b>:<\/b>\u00a0<\/p>\n<p>Para baixar os cartazes e ler mais sobre os marcos motores, acesse <a href=\"https:\/\/www.juntospelaame.com.br\/pt_BR\/home\/oraropodeacontecer\/cartazes-que-educam-sobre-o-diagnostico-precoce-na-AME.html\" target=\"_blank\" rel=\"noopener\">o site do Juntos pela AME<\/a><\/p>\n<p><b>Saiba mais sobre a atrofia muscular espinhal &#8211; AME<\/b>\u00a0<\/p>\n<p>A AME \u00e9 uma das mais de 8 mil doen\u00e7as raras conhecidas no mundo e afeta, aproximadamente, entre 7 e 10 beb\u00eas a cada 100 mil nascidos vivos<sup>4<\/sup>, sendo a maior causa gen\u00e9tica de morte em crian\u00e7as de at\u00e9 dois anos de idade<sup>6<\/sup>. Se caracteriza por uma fraqueza progressiva, que compromete fun\u00e7\u00f5es como respirar, comer e andar<sup>8<\/sup>. No Brasil, ainda n\u00e3o h\u00e1 um estudo epidemiol\u00f3gico que indique o n\u00famero exato de indiv\u00edduos afetados pela doen\u00e7a. A AME \u00e9 classificada clinicamente em tipos (que v\u00e3o do tipo 0 ao 4), com base no in\u00edcio dos sinais e sintomas e nos marcos motores atingidos pelos pacientes<sup>4<\/sup>.\u00a0<\/p>\n<p>Por ser rara, ainda que o exame diagn\u00f3stico esteja dispon\u00edvel no sistema p\u00fablico de sa\u00fade, a identifica\u00e7\u00e3o da AME ainda \u00e9 complexa e demorada, especialmente pela falta de conhecimento sobre os sinais e sintomas da doen\u00e7a, tanto por parte da popula\u00e7\u00e3o geral, como tamb\u00e9m por parte de profissionais da sa\u00fade. Quanto mais r\u00e1pido houver a confirma\u00e7\u00e3o da AME, mais cedo as fam\u00edlias ter\u00e3o a chance de realizar uma interven\u00e7\u00e3o precoce. Como resultado, podemos esperar um cuidado espec\u00edfico e que poder\u00e1 mudar o futuro dessa pessoa e de sua fam\u00edlia<sup>7<\/sup>, dado que a AME tamb\u00e9m \u00e9 uma doen\u00e7a progressiva.\u00a0\u00a0<\/p>\n<p><b>Refer\u00eancias bibliogr\u00e1ficas:<\/b>\u00a0<\/p>\n<ul>\n<li>Araujo A, Campos P de Q, Giuliani A, Bomfim D, Loriato D, Zanotelli E, et al. Guia de Discuss\u00e3o sobre Atrofia Muscular Espinhal (AME) no Brasil: Trabalhando hoje para mudar o amanh\u00e3. Biogen. 2019. p. 84.\u00a0<\/li>\n<li>Verhaart IEC, Robertson A, Wilson IJ, Aartsma-Rus A, Cameron S, Jones CC, et al. Prevalence, incidence and carrier frequency of 5q?linked spinal muscular atrophy ? a literature review. Orphanet J Rare Dis. 2017;12(1):124.<\/li>\n<li>Minist\u00e9rio da Sa\u00fade. Como acompanhar o desenvolvimento da crian\u00e7a. Dispon\u00edvel em <a href=\"https:\/\/mcas-proxyweb.mcas.ms\/certificate-checker?login=false&amp;originalUrl=http%3A%2F%2Fwww.blog.saude.gov.br.mcas.ms%2Findex.php%2Fpromocao-da-saude%2F53047-como-acompanhar-o-desenvolvimento-da-crianca.%2520%C3%9Altimo%2520acesso%2520em%2520maio%2520de%25202020%3FMcasTsid%3D20892&amp;McasCSRF=0af75ee66c09c2b02bc10a5ee8d87665fee957dae783f72282bf50c96e597564\" target=\"_blank\" rel=\"noopener\">http:\/\/www.blog.saude.gov.br\/index.php\/promocao-da-saude\/53047-como-acompanhar-o-desenvolvimento-da-crianca. \u00daltimo acesso em maio de 2020<\/a>\u00a0<\/li>\n<li>Lunn MR, <span class=\"xn-person\">Wang CH. Spinal<\/span> muscular atrophy. Lancet 2008;371:2120?33. doi:10.1016\/S0140-6736(08)60921-6.\u00a0<\/li>\n<li>Sociedade Brasileira de Neurologia Infantil (SBNI). Aprenda os Sinais. Aja cedo. 2019. Dispon\u00edvel em:\u00a0<a href=\"https:\/\/mcas-proxyweb.mcas.ms\/certificate-checker?login=false&amp;originalUrl=https%3A%2F%2Fsbni.org.br.mcas.ms%2Fwp-content%2Fuploads%2F2019%2F09%2F1568137484_livreto_alta.pdf%3FMcasTsid%3D20892&amp;McasCSRF=0af75ee66c09c2b02bc10a5ee8d87665fee957dae783f72282bf50c96e597564\" target=\"_blank\" rel=\"noopener\">https:\/\/sbni.org.br\/wp-content\/uploads\/2019\/09\/1568137484_livreto_alta.pdf<\/a><u>. <\/u><a href=\"https:\/\/mcas-proxyweb.mcas.ms\/certificate-checker?login=false&amp;originalUrl=https%3A%2F%2Fwww.juntospelaame.com.br.mcas.ms%2Fpt_BR%2Fhome%2Fentender%2Fsobre-a-ame%2Fguia-introdutorio-para-entender-o-universo-da-ame11.html%3FMcasTsid%3D20892&amp;McasCSRF=0af75ee66c09c2b02bc10a5ee8d87665fee957dae783f72282bf50c96e597564\" target=\"_blank\" rel=\"noopener\">\u00daltimo acesso em maio de 2020<\/a><u>.<\/u><\/li>\n<li>Farrar MA, Kiernan MC. The Genetics of Spinal Muscular Atrophy:Progress and Challenges. Neurotherapeutics; 2015; 12:290?302.<\/li>\n<li>Lin CW, Kalb SJ, Yeh WS. Delay in Diagnosis of Spinal Muscular Atrophy: A Systematic Literature Review. Pediatr Neurol. 2015;53(4):293?300.\u00a0<\/li>\n<li>Mercuri E et al. Diagnosis and management of spinal muscular atrophy: part 1: recommendations for diagnosis, rehabilitation, orthopedic and nutritional care. Neuromuscul Disord. 2017.<\/li>\n<\/ul>\n<p><b>Sobre a Biogen<\/b>\u00a0<\/p>\n<p>Na Biogen, nossa miss\u00e3o \u00e9 clara: somos pioneiros em neuroci\u00eancia. A Biogen descobre, desenvolve e oferece terapias inovadoras em todo mundo para pessoas que vivem com doen\u00e7as neurol\u00f3gicas e neurodegenerativas graves, assim como terapias sintom\u00e1ticas relacionadas a essas doen\u00e7as. Uma das primeiras empresas globais de biotecnologia do mundo, a Biogen foi fundada em 1978 por <span class=\"xn-person\">Charles Weissmann<\/span>, <span class=\"xn-person\">Heinz Schaller<\/span>, <span class=\"xn-person\">Kenneth Murray<\/span> e pelos ganhadores do Pr\u00eamio Nobel Walter Gilbert e <span class=\"xn-person\">Phillip Sharp<\/span>. Hoje a Biogen possui o principal portf\u00f3lio de medicamentos para tratar a esclerose m\u00faltipla, introduziu o primeiro tratamento aprovado para atrofia muscular espinhal, e est\u00e1 focada no desenvolvimento de programas de pesquisa em neuroci\u00eancia para esclerose m\u00faltipla e neuroimunologia, dist\u00farbios neuromusculares, dist\u00farbios do movimento, doen\u00e7a de Alzheimer e dem\u00eancia, oftalmologia, imunologia, dist\u00farbios neurocognitivos, neurologia aguda e dor.\u00a0Continuamente, divulgamos informa\u00e7\u00f5es que podem ser importantes aos investidores em nosso website em <a href=\"https:\/\/mcas-proxyweb.mcas.ms\/certificate-checker?login=false&amp;originalUrl=http%3A%2F%2Fwww.biogen.com.mcas.ms%2F%3FMcasTsid%3D20892&amp;McasCSRF=0af75ee66c09c2b02bc10a5ee8d87665fee957dae783f72282bf50c96e597564\" target=\"_blank\" rel=\"noopener\">www.biogen.com<\/a>?e ?<a href=\"https:\/\/mcas-proxyweb.mcas.ms\/certificate-checker?login=false&amp;originalUrl=http%3A%2F%2Fwww.br.biogen.com.mcas.ms%2F%3FMcasTsid%3D20892&amp;McasCSRF=0af75ee66c09c2b02bc10a5ee8d87665fee957dae783f72282bf50c96e597564\" target=\"_blank\" rel=\"noopener\">www.br.biogen.com<\/a>. Nos siga nas redes sociais ??<a href=\"https:\/\/mcas-proxyweb.mcas.ms\/certificate-checker?login=false&amp;originalUrl=https%3A%2F%2Ftwitter.com.mcas.ms%2Fbiogen%3FMcasTsid%3D20892&amp;McasCSRF=0af75ee66c09c2b02bc10a5ee8d87665fee957dae783f72282bf50c96e597564\" target=\"_blank\" rel=\"noopener\">Twitter<\/a>,?<a href=\"https:\/\/mcas-proxyweb.mcas.ms\/certificate-checker?login=false&amp;originalUrl=https%3A%2F%2Fwww.linkedin.com.mcas.ms%2Fcompany%2Fbiogen-%2F%3FMcasTsid%3D20892&amp;McasCSRF=0af75ee66c09c2b02bc10a5ee8d87665fee957dae783f72282bf50c96e597564\" target=\"_blank\" rel=\"noopener\">LinkedIn<\/a>,?<a href=\"https:\/\/mcas-proxyweb.mcas.ms\/certificate-checker?login=false&amp;originalUrl=https%3A%2F%2Fwww.facebook.com.mcas.ms%2Fbiogen%3FMcasTsid%3D20892&amp;McasCSRF=0af75ee66c09c2b02bc10a5ee8d87665fee957dae783f72282bf50c96e597564\" target=\"_blank\" rel=\"noopener\">Facebook<\/a>,?<a href=\"https:\/\/mcas-proxyweb.mcas.ms\/certificate-checker?login=false&amp;originalUrl=https%3A%2F%2Fwww.youtube.com.mcas.ms%2Fbiogen%3FMcasTsid%3D20892&amp;McasCSRF=0af75ee66c09c2b02bc10a5ee8d87665fee957dae783f72282bf50c96e597564\" target=\"_blank\" rel=\"noopener\">YouTube<\/a>.\u00a0<\/p>\n<p><b><i>Aviso legal:<\/i><\/b>\u00a0<i>Material institucional e n\u00e3o promocional, destinado exclusivamente a profissionais de comunica\u00e7\u00e3o. Recomenda-se que o conte\u00fado n\u00e3o seja reproduzido integralmente. As informa\u00e7\u00f5es veiculadas neste documento t\u00eam car\u00e1ter apenas informativo e n\u00e3o podem substituir, em qualquer hip\u00f3tese, as recomenda\u00e7\u00f5es do profissional de sa\u00fade assistente. <\/i><i>Biogen Brasil. Outubro de 2022. <\/i><i>Biogen-185830<\/i>\u00a0<\/p>\n<p>Foto &#8211; <a href=\"https:\/\/mma.prnewswire.com\/media\/1931776\/1.jpg\" target=\"_blank\" rel=\"noopener\">https:\/\/mma.prnewswire.com\/media\/1931776\/1.jpg<\/a><br \/>Foto &#8211; <a href=\"https:\/\/mma.prnewswire.com\/media\/1931774\/2.jpg\" target=\"_blank\" rel=\"noopener\">https:\/\/mma.prnewswire.com\/media\/1931774\/2.jpg<\/a><br \/>Foto &#8211; <a href=\"https:\/\/mma.prnewswire.com\/media\/1931773\/3.jpg\" target=\"_blank\" rel=\"noopener\">https:\/\/mma.prnewswire.com\/media\/1931773\/3.jpg<\/a><br \/>Foto &#8211; <a href=\"https:\/\/mma.prnewswire.com\/media\/1931772\/4.jpg\" target=\"_blank\" rel=\"noopener\">https:\/\/mma.prnewswire.com\/media\/1931772\/4.jpg<\/a><\/p>\n<div class=\"PRN_ImbeddedAssetReference\" id=\"DivAssetPlaceHolder2\">\n<a href=\"https:\/\/mma.prnewswire.com\/media\/1931774\/2.html\" target=\"_blank\" rel=\"noopener\">  <img decoding=\"async\" src=\"https:\/\/mma.prnewswire.com\/media\/1931774\/2.jpg\" alt=\"\" \/><\/a>\n <\/p>\n<p><a href=\"https:\/\/mma.prnewswire.com\/media\/1931773\/3.html\" target=\"_blank\" rel=\"noopener\">  <img decoding=\"async\" src=\"https:\/\/mma.prnewswire.com\/media\/1931773\/3.jpg\" alt=\"\" \/><\/a>\n <\/p>\n<p><a href=\"https:\/\/mma.prnewswire.com\/media\/1931772\/4.html\" target=\"_blank\" rel=\"noopener\">  <img decoding=\"async\" src=\"https:\/\/mma.prnewswire.com\/media\/1931772\/4.jpg\" alt=\"\" \/><\/a>\n <\/p>\n<\/div>\n<p>FONTE  Biogen<\/p>\n<\/div>\n<p><img decoding=\"async\" alt=\"\" src=\"https:\/\/rt.prnewswire.com\/rt.gif?NewsItemId=PT17503&amp;Transmission_Id=202210311000PR_NEWS_LATAM____PT17503&amp;DateId=20221031\" \/><\/p>\n<p>A <b>OESP<\/b> nao e(sao) responsavel(is) por erros, incorrecoes, atrasos ou quaisquer decisoes tomadas por seus clientes com base nos Conteudos ora disponibilizados, bem como tais Conteudos nao representam a opiniao da <b>OESP<\/b> e sao de inteira responsabilidade da <b>PR Newswire Ltda<\/b><\/p>\n","protected":false},"excerpt":{"rendered":"PR NEWSWIRE &#8220;O Raro Tamb\u00e9m Pode Acontecer&#8221;: no m\u00eas das crian\u00e7as, um desenho animado refor\u00e7a marcos importantes do desenvolvimento neurol\u00f3gico dos beb\u00eas PR Newswire S\u00c3O PAULO, 31 de","protected":false},"author":1,"featured_media":42335,"comment_status":"closed","ping_status":"closed","sticky":false,"template":"","format":"standard","meta":{"_acf_changed":false,"inline_featured_image":false,"_monsterinsights_skip_tracking":false,"_monsterinsights_sitenote_active":false,"_monsterinsights_sitenote_note":"","_monsterinsights_sitenote_category":0,"footnotes":""},"categories":[31],"tags":[],"class_list":["post-42334","post","type-post","status-publish","format-standard","has-post-thumbnail","hentry","category-prnewsinternacional"],"acf":[],"_links":{"self":[{"href":"https:\/\/bluestudio.estadao.com.br\/agencia-de-comunicacao\/wp-json\/wp\/v2\/posts\/42334","targetHints":{"allow":["GET"]}}],"collection":[{"href":"https:\/\/bluestudio.estadao.com.br\/agencia-de-comunicacao\/wp-json\/wp\/v2\/posts"}],"about":[{"href":"https:\/\/bluestudio.estadao.com.br\/agencia-de-comunicacao\/wp-json\/wp\/v2\/types\/post"}],"author":[{"embeddable":true,"href":"https:\/\/bluestudio.estadao.com.br\/agencia-de-comunicacao\/wp-json\/wp\/v2\/users\/1"}],"replies":[{"embeddable":true,"href":"https:\/\/bluestudio.estadao.com.br\/agencia-de-comunicacao\/wp-json\/wp\/v2\/comments?post=42334"}],"version-history":[{"count":0,"href":"https:\/\/bluestudio.estadao.com.br\/agencia-de-comunicacao\/wp-json\/wp\/v2\/posts\/42334\/revisions"}],"wp:featuredmedia":[{"embeddable":true,"href":"https:\/\/bluestudio.estadao.com.br\/agencia-de-comunicacao\/wp-json\/"}],"wp:attachment":[{"href":"https:\/\/bluestudio.estadao.com.br\/agencia-de-comunicacao\/wp-json\/wp\/v2\/media?parent=42334"}],"wp:term":[{"taxonomy":"category","embeddable":true,"href":"https:\/\/bluestudio.estadao.com.br\/agencia-de-comunicacao\/wp-json\/wp\/v2\/categories?post=42334"},{"taxonomy":"post_tag","embeddable":true,"href":"https:\/\/bluestudio.estadao.com.br\/agencia-de-comunicacao\/wp-json\/wp\/v2\/tags?post=42334"}],"curies":[{"name":"wp","href":"https:\/\/api.w.org\/{rel}","templated":true}]}}