{"id":41935,"date":"2022-10-21T11:58:00","date_gmt":"2022-10-21T11:58:00","guid":{"rendered":"https:\/\/patrocinados.estadao.com.br\/medialab\/agenciacomunicacao\/prnewswire\/prnewsbrasil\/fibra-prologis-declara-distribuicao-trimestral-2\/"},"modified":"2022-10-21T11:58:00","modified_gmt":"2022-10-21T11:58:00","slug":"fibra-prologis-declara-distribuicao-trimestral-2","status":"publish","type":"post","link":"https:\/\/bluestudio.estadao.com.br\/agencia-de-comunicacao\/prnewswire\/prnewseconomia\/fibra-prologis-declara-distribuicao-trimestral-2\/","title":{"rendered":"FIBRA Prologis declara distribui\u00e7\u00e3o trimestral"},"content":{"rendered":"<p><b>PR NEWSWIRE<\/b><\/p>\n<div class=\"xn-newslines\">\n<h1 class=\"xn-hedline\">FIBRA Prologis declara distribui\u00e7\u00e3o trimestral<\/h1>\n<p class=\"xn-distributor\">PR Newswire<\/p>\n<p class=\"xn-dateline\">CIDADE DO M\u00c9XICO, 21 de outubro de 2022<\/p>\n<\/div>\n<div class=\"xn-content\">\n<span class=\"legendSpanClass\">CIDADE DO M\u00c9XICO<\/span>, <span class=\"legendSpanClass\">21 de outubro de 2022<\/span> \/PRNewswire\/ &#8212; A FIBRA Prologis (BMV:FIBRAPL 14), uma das principais propriet\u00e1rias e operadoras de bens im\u00f3veis industriais de classe A no M\u00e9xico, declarou hoje uma distribui\u00e7\u00e3o em dinheiro de Ps. 605,3 milh\u00f5es (<span class=\"xn-money\">USD 30,3<\/span> milh\u00f5es), ou Ps. 0,5997 por <i>Certificado Burs\u00e1til Fiduciario Inmobiliario<\/i> (&#8220;CBFI&#8221;) (<span class=\"xn-money\">USD 0,0300<\/span> por CBFI) em rela\u00e7\u00e3o aos resultados do terceiro trimestre findo em 30 de setembro de 2022.<\/p>\n<p>A distribui\u00e7\u00e3o ser\u00e1 paga em 28 de outubro de 2022 aos titulares de CBFI com uma data ex-dividendos de 26 de outubro de 2022 e data de registro de 27 de outubro de 2022.<\/p>\n<p><b>SOBRE A FIBRA PROLOGIS<\/b>\u00a0<\/p>\n<p>A FIBRA Prologis \u00e9 uma propriet\u00e1ria e operadora l\u00edder de im\u00f3veis industriais de Classe A no M\u00e9xico. Em 30 de setembro de 2022, a FIBRA Prologis possu\u00eda 228 instala\u00e7\u00f5es de log\u00edstica e de manufatura em seis mercados industriais do M\u00e9xico, totalizando quatro milh\u00f5es de metros quadrados (43,4 milh\u00f5es de p\u00e9s quadrados) de \u00e1rea bruta alug\u00e1vel.<\/p>\n<p><b>DECLARA\u00c7\u00d5ES PROSPECTIVAS<\/b>\u00a0<\/p>\n<p>As declara\u00e7\u00f5es nesse comunicado que n\u00e3o sejam fatos hist\u00f3ricos s\u00e3o declara\u00e7\u00f5es prospectivas. Essas declara\u00e7\u00f5es prospectivas s\u00e3o baseadas em expectativas, estimativas e proje\u00e7\u00f5es atuais sobre o setor e os mercados em que a FIBRA Prologis atua, convic\u00e7\u00f5es e suposi\u00e7\u00f5es feitas pela administra\u00e7\u00e3o.\u00a0 Essas declara\u00e7\u00f5es envolvem incertezas que podem impactar significativamente os resultados financeiros da FIBRA Prologis. Palavras como &#8220;espera&#8221;, &#8220;prev\u00ea&#8221;, &#8220;pretende&#8221;, &#8220;planeja&#8221;, &#8220;acredita&#8221;, &#8220;busca&#8221;, &#8220;estima&#8221;, varia\u00e7\u00f5es de tais palavras e express\u00f5es semelhantes destinam-se a identificar essas declara\u00e7\u00f5es prospectivas, que geralmente n\u00e3o t\u00eam natureza hist\u00f3rica.\u00a0 Todas as declara\u00e7\u00f5es que abordam o desempenho operacional, eventos ou desenvolvimentos que esperamos ou antecipamos que ocorram no futuro, incluindo declara\u00e7\u00f5es relacionadas ao aumento de aluguel e de ocupa\u00e7\u00e3o, atividade de aquisi\u00e7\u00e3o, atividade de desenvolvimento, atividade de disposi\u00e7\u00e3o, condi\u00e7\u00f5es gerais nas \u00e1reas geogr\u00e1ficas onde atuamos, nossa d\u00edvida e posi\u00e7\u00e3o financeira s\u00e3o declara\u00e7\u00f5es prospectivas. Essas declara\u00e7\u00f5es n\u00e3o s\u00e3o garantias de desempenho futuro e envolvem certos riscos, incertezas e suposi\u00e7\u00f5es dif\u00edceis de prever. Embora acreditemos que as expectativas refletidas em quaisquer declara\u00e7\u00f5es prospectivas sejam baseadas em suposi\u00e7\u00f5es razo\u00e1veis, n\u00e3o podemos garantir que nossas expectativas ser\u00e3o alcan\u00e7adas e, portanto, os resultados reais podem diferir materialmente do que \u00e9 expresso ou previsto em tais declara\u00e7\u00f5es prospectivas. Alguns dos fatores que podem afetar os desfechos e resultados incluem, mas n\u00e3o est\u00e3o limitados a: (i) clima econ\u00f4mico nacional, internacional, regionais e locais, (ii) mudan\u00e7as nos mercados financeiros, taxas de juros e taxas de c\u00e2mbio de moeda estrangeira, (iii) concorr\u00eancia aumentada ou antecipada para nossas propriedades, (iv) riscos associados a aquisi\u00e7\u00f5es, deposi\u00e7\u00f5es e desenvolvimento de propriedades, (v) manuten\u00e7\u00e3o do status de investimento imobili\u00e1rio (&#8220;FIBRA&#8221;) e estrutura\u00e7\u00e3o fiscal, (vi) disponibilidade de financiamento e capital, os n\u00edveis de d\u00edvida que mantemos e as nossas classifica\u00e7\u00f5es de cr\u00e9dito, (vii) riscos relacionados a nossos investimentos (viii) incertezas ambientais, incluindo riscos de desastres naturais, (ix) riscos relacionados \u00e0 pandemia do coronav\u00edrus, e (x) fatores adicionais discutidos em relat\u00f3rios apresentados \u00e0 &#8220;Comisi\u00f3n Nacional Bancaria y de Valores&#8221; e\u00a0a bolsa de valores mexicana da FIBRA Prologis sob o cabe\u00e7alho &#8220;Fatores de Risco.&#8221; A FIBRA Prologis n\u00e3o tem a obriga\u00e7\u00e3o de atualizar quaisquer declara\u00e7\u00f5es prospectivas que apare\u00e7am nesse comunicado.<\/p>\n<p>N\u00e3o solicita\u00e7\u00e3o &#8211; Quaisquer valores imobili\u00e1rios aqui discutidos ou discutidos nas apresenta\u00e7\u00f5es em anexo, se houver alguma, n\u00e3o foram registrados de acordo com a Lei de Valores Imobili\u00e1rios de 1933 ou com nenhuma lei de valores imobili\u00e1rios de qualquer estado e n\u00e3o podem ser oferecidos ou vendidos nos Estados Unidos sem registro ou em conformidade com uma isen\u00e7\u00e3o dispon\u00edvel nos requisitos para registro de acordo com a Lei de Valores Imobili\u00e1rios ou qualquer outra lei imobili\u00e1ria estadual aplic\u00e1vel. Qualquer an\u00fancio desse tipo n\u00e3o constitui oferta de venda ou solicita\u00e7\u00e3o de uma oferta de compra dos valores mobili\u00e1rios discutidos aqui ou nas apresenta\u00e7\u00f5es, se e como aplic\u00e1vel.<\/p>\n<div id=\"prni_dvprnejpgb2beleft\"><img decoding=\"async\" src=\"https:\/\/mma.prnewswire.com\/media\/528012\/FIBRA__Logo.jpg\" alt=\"\" \/><\/div>\n<p>Logotipo &#8211; <a href=\"https:\/\/c212.net\/c\/link\/?t=0&amp;l=pt&amp;o=3683069-1&amp;h=1601673842&amp;u=https%3A%2F%2Fc212.net%2Fc%2Flink%2F%3Ft%3D0%26l%3Den%26o%3D3683069-1%26h%3D1913970857%26u%3Dhttps%253A%252F%252Fmma.prnewswire.com%252Fmedia%252F528012%252FFIBRA__Logo.jpg%26a%3Dhttps%253A%252F%252Fmma.prnewswire.com%252Fmedia%252F528012%252FFIBRA__Logo.jpg&amp;a=https%3A%2F%2Fmma.prnewswire.com%2Fmedia%2F528012%2FFIBRA__Logo.jpg\" target=\"_blank\" rel=\"noopener\">https:\/\/mma.prnewswire.com\/media\/528012\/FIBRA__Logo.jpg<\/a><\/p>\n<p>\u00a0<\/p>\n<p>\u00a0<\/p>\n<p>FONTE  FIBRA Prologis<\/p>\n<\/div>\n<p><img decoding=\"async\" alt=\"\" src=\"https:\/\/rt.prnewswire.com\/rt.gif?NewsItemId=PT08804&amp;Transmission_Id=202210191750PR_NEWS_LATAM____PT08804&amp;DateId=20221021\" \/><\/p>\n","protected":false},"excerpt":{"rendered":"PR NEWSWIRE FIBRA Prologis declara distribui\u00e7\u00e3o trimestral PR Newswire CIDADE DO M\u00c9XICO, 21 de outubro de 2022 CIDADE DO M\u00c9XICO, 21 de outubro de 2022 \/PRNewswire\/ &#8212; A FIBRA Prologis","protected":false},"author":1,"featured_media":41928,"comment_status":"closed","ping_status":"closed","sticky":false,"template":"","format":"standard","meta":{"_acf_changed":false,"inline_featured_image":false,"_monsterinsights_skip_tracking":false,"_monsterinsights_sitenote_active":false,"_monsterinsights_sitenote_note":"","_monsterinsights_sitenote_category":0,"footnotes":""},"categories":[29],"tags":[],"class_list":["post-41935","post","type-post","status-publish","format-standard","has-post-thumbnail","hentry","category-prnewseconomia"],"acf":[],"_links":{"self":[{"href":"https:\/\/bluestudio.estadao.com.br\/agencia-de-comunicacao\/wp-json\/wp\/v2\/posts\/41935","targetHints":{"allow":["GET"]}}],"collection":[{"href":"https:\/\/bluestudio.estadao.com.br\/agencia-de-comunicacao\/wp-json\/wp\/v2\/posts"}],"about":[{"href":"https:\/\/bluestudio.estadao.com.br\/agencia-de-comunicacao\/wp-json\/wp\/v2\/types\/post"}],"author":[{"embeddable":true,"href":"https:\/\/bluestudio.estadao.com.br\/agencia-de-comunicacao\/wp-json\/wp\/v2\/users\/1"}],"replies":[{"embeddable":true,"href":"https:\/\/bluestudio.estadao.com.br\/agencia-de-comunicacao\/wp-json\/wp\/v2\/comments?post=41935"}],"version-history":[{"count":0,"href":"https:\/\/bluestudio.estadao.com.br\/agencia-de-comunicacao\/wp-json\/wp\/v2\/posts\/41935\/revisions"}],"wp:featuredmedia":[{"embeddable":true,"href":"https:\/\/bluestudio.estadao.com.br\/agencia-de-comunicacao\/wp-json\/wp\/v2\/media\/41928"}],"wp:attachment":[{"href":"https:\/\/bluestudio.estadao.com.br\/agencia-de-comunicacao\/wp-json\/wp\/v2\/media?parent=41935"}],"wp:term":[{"taxonomy":"category","embeddable":true,"href":"https:\/\/bluestudio.estadao.com.br\/agencia-de-comunicacao\/wp-json\/wp\/v2\/categories?post=41935"},{"taxonomy":"post_tag","embeddable":true,"href":"https:\/\/bluestudio.estadao.com.br\/agencia-de-comunicacao\/wp-json\/wp\/v2\/tags?post=41935"}],"curies":[{"name":"wp","href":"https:\/\/api.w.org\/{rel}","templated":true}]}}