{"id":41741,"date":"2022-10-18T12:28:00","date_gmt":"2022-10-18T12:28:00","guid":{"rendered":""},"modified":"2022-10-18T12:28:00","modified_gmt":"2022-10-18T12:28:00","slug":"fabricante-alema-de-veiculos-eletricos-next-e-go-mobile-se-faz-varios-anuncios-no-paris-motor-show-incluindo-a-apresentacao-do-e-xpress-um-novo-veiculo-compacto-de-entregas-comerciais-rapidas-com-em-2","status":"publish","type":"post","link":"https:\/\/bluestudio.estadao.com.br\/agencia-de-comunicacao\/prnewswire\/prnewseconomia\/fabricante-alema-de-veiculos-eletricos-next-e-go-mobile-se-faz-varios-anuncios-no-paris-motor-show-incluindo-a-apresentacao-do-e-xpress-um-novo-veiculo-compacto-de-entregas-comerciais-rapidas-com-em-2\/","title":{"rendered":"Fabricante alem\u00e3 de ve\u00edculos el\u00e9tricos Next.e.GO Mobile SE faz v\u00e1rios an\u00fancios no Paris Motor Show, incluindo a apresenta\u00e7\u00e3o do e.Xpress, um novo ve\u00edculo compacto de entregas comerciais r\u00e1pidas com emiss\u00e3o zero"},"content":{"rendered":"<p><b>PR NEWSWIRE<\/b><\/p>\n<div class=\"xn-newslines\">\n<h1 class=\"xn-hedline\">Fabricante alem\u00e3 de ve\u00edculos el\u00e9tricos Next.e.GO Mobile SE faz v\u00e1rios an\u00fancios no Paris Motor Show, incluindo a apresenta\u00e7\u00e3o do e.Xpress, um novo ve\u00edculo compacto de entregas comerciais r\u00e1pidas com emiss\u00e3o zero<\/h1>\n<p class=\"xn-distributor\">PR Newswire<\/p>\n<p class=\"xn-dateline\">AACHEN, Alemanha, e PARIS, 18 de outubro de 2022<\/p>\n<\/div>\n<div class=\"xn-content\">\n<ul>\n<li>Next.e.GO Mobile SE anuncia o lan\u00e7amento das vendas do novo modelo e.wave X em 17 de outubro, exclusivamente para clientes com reservas<\/li>\n<li>Next<span> e.GO <\/span><span>Mobile<\/span><span> SE tamb\u00e9m apresentar\u00e1 um novo ve\u00edculo compacto de entregas comerciais r\u00e1pidas com emiss\u00e3o zero, o e.<\/span><span>Xpress<\/span><\/li>\n<li>Next<span>.e.GO <\/span><span>Mobile<\/span><span> SE anuncia parceria estrat\u00e9gica com <\/span><span>Ample<\/span> <span>Inc<\/span><span>., dos Estados Unidos, para apresentar uma troca de bateria automatizada diferenciada, r\u00e1pida e conveniente<\/span><\/li>\n<li>Next<span>.e.GO <\/span><span>Mobile<\/span><span> SE anuncia coopera\u00e7\u00e3o estrat\u00e9gica com a empresa <\/span><span>fintech<\/span><span> alem\u00e3 <\/span><span>OneFor<\/span> <span>Holding<\/span> <span>GmbH<\/span><span>, para oferecer aos clientes acesso a empr\u00e9stimos pessoais <\/span><span>instant\u00e2neos<\/span><span> de autom\u00f3veis de at\u00e9 <\/span><span>EUR<\/span><span> 25 mil<\/span><\/li>\n<\/ul>\n<p><span class=\"legendSpanClass\">AACHEN, Alemanha, e <span class=\"xn-location\">PARIS<\/span><\/span>, <span class=\"legendSpanClass\">18 de outubro de 2022<\/span> \/PRNewswire\/ &#8212;\u00a0A fabricante alem\u00e3 independente de ve\u00edculos el\u00e9tricos Next.e.GO Mobile SE (&#8220;e.GO&#8221;) fez v\u00e1rios an\u00fancios hoje no Paris Motor Show, incluindo o lan\u00e7amento das <b>vendas do ve\u00edculo el\u00e9trico e.wave X<\/b>. Os primeiros ve\u00edculos e.wave X a sa\u00edrem da linha de montagem ser\u00e3o destinados aos clientes que fizeram reservas desde o in\u00edcio do ver\u00e3o (do hemisf\u00e9rio norte) deste ano. As novas cores e linhas de acabamento dispon\u00edveis por meio do configurador e.GO permitem que esses clientes sejam os primeiros a configurarem e fazerem o pedido de seu ve\u00edculo individual durante esse per\u00edodo de exclusividade. Ap\u00f3s atender aos pedidos com reserva, o configurador de vendas da e.GO estar\u00e1 dispon\u00edvel para o p\u00fablico a partir de 1<sup>o<\/sup> de dezembro de 2022. Todos os detalhes sobre dados t\u00e9cnicos, op\u00e7\u00f5es e equipamentos especiais e pre\u00e7os est\u00e3o dispon\u00edveis nos cat\u00e1logos de produtos e no configurador.<\/p>\n<div id=\"prni_dvprnejpg6dc2left\"><img decoding=\"async\" src=\"https:\/\/mma.prnewswire.com\/media\/1922687\/eGO_Booth_Paris_Motorshow.jpg\" alt=\"The e.GO booth at Paris Motorshow\" \/><\/div>\n<p>A e.GO tamb\u00e9m anunciou a apresenta\u00e7\u00e3o de um novo ve\u00edculo el\u00e9trico compacto de entregas comerciais urbanas r\u00e1pidas, o <b>e.Xpress<\/b>, no Paris Motor Show. O ve\u00edculo foi desenvolvido para atender \u00e0 crescente demanda por entregas urbanas e frotas comerciais com emiss\u00e3o zero. O e.Xpress tem como objetivo abordar as principais \u00e1reas de foco dos gerentes de frotas comerciais, como tempo de atividade, velocidade de carregamento e valor residual, oferecendo uma solu\u00e7\u00e3o diferenciada e universal de troca de bateria que seja t\u00e3o r\u00e1pida e conveniente quanto abastecer os antigos ve\u00edculos. A solu\u00e7\u00e3o \u00e9 o resultado de uma <b>coopera\u00e7\u00e3o estrat\u00e9gica entre a e.GO e a Ample<\/b>, uma provedora americana de solu\u00e7\u00f5es de tecnologia e energia que utiliza rob\u00f3tica aut\u00f4noma e estrutura de bateria modular para melhorar o fornecimento de energia para o transporte el\u00e9trico.<\/p>\n<p>O e.Xpress vem com uma pele polim\u00e9rica dur\u00e1vel destinada a reduzir o custo e o tempo de reparo durante o ciclo de vida. Ele oferece um volume de carga de at\u00e9 940 litros, dependendo da configura\u00e7\u00e3o selecionada, com carga bruta de at\u00e9 240 quilos. Ele estar\u00e1 dispon\u00edvel com a bateria permut\u00e1vel e, dependendo da configura\u00e7\u00e3o selecionada, dever\u00e1 oferecer uma autonomia urbana de at\u00e9 230 km e um tempo de troca de bateria de apenas alguns minutos. O e.Xpress ser\u00e1 oferecido a clientes, empresas e operadores de frotas, com as op\u00e7\u00f5es de bateria inclu\u00edda em sua compra ou com um modelo de assinatura, pelo qual o cliente n\u00e3o precisa comprar a bateria e, em vez disso, assina um plano de fornecimento e utiliza\u00e7\u00e3o de energia. O in\u00edcio das reservas do e.Xpress est\u00e1 programado para 2 de novembro de 2022.<\/p>\n<p>Al\u00e9m disso, a e.GO anunciou o in\u00edcio de uma <b>coopera\u00e7\u00e3o estrat\u00e9gica com a OneFor<\/b>, uma empresa fintech alem\u00e3 inovadora com foco em finan\u00e7as e pagamentos digitais de consumo. A coopera\u00e7\u00e3o tem como objetivo oferecer aos clientes acesso a empr\u00e9stimos pessoais instant\u00e2neos de autom\u00f3veis de at\u00e9 <span class=\"xn-money\">EUR 25 mil<\/span>.<sup>[1]<\/sup>\u00a0Os empr\u00e9stimos pessoais de autom\u00f3veis s\u00e3o processados com rapidez e t\u00eam taxas de juros fixas e um per\u00edodo de retorno de at\u00e9 84 meses.<sup>[2]<\/sup><\/p>\n<p>&#8220;Na e.GO, tornamos <i>a simplicidade, a praticidade e a circularidade em escala<\/i> nossa miss\u00e3o e a solu\u00e7\u00e3o para alguns dos desafios que enfrentamos como ra\u00e7a humana. \u00c9 por isso que utilizamos inova\u00e7\u00e3o e tecnologia para capacitar as pessoas em seu caminho rumo \u00e0 sustentabilidade. Oferecer um ve\u00edculo el\u00e9trico urbano com uma solu\u00e7\u00e3o de carregamento que seja t\u00e3o r\u00e1pida e conveniente quanto o abastecimento tradicional, mas n\u00e3o t\u00e3o pesada em termos de recursos limitados do planeta ou de infraestrutura energ\u00e9tica, ou oferecer aos clientes acesso a solu\u00e7\u00f5es financeiras inovadoras que possam viabilizar sua op\u00e7\u00e3o pela mobilidade sustent\u00e1vel s\u00e3o reflexos desse compromisso&#8221;, explicou Ali Vezvaei, presidente da diretoria da e.GO.<\/p>\n<p><b>Sobre a Ample:<\/b>\u00a0Sediada em S\u00e3o Francisco, nos EUA, a Ample Inc. \u00e9 uma provedora de solu\u00e7\u00f5es de tecnologia que utiliza rob\u00f3tica aut\u00f4noma e tecnologia de bateria modular inteligente para melhorar o fornecimento de energia para o transporte el\u00e9trico. Ela criou uma plataforma econ\u00f4mica, de r\u00e1pida implementa\u00e7\u00e3o e amplamente acess\u00edvel que oferece uma carga total a ve\u00edculos el\u00e9tricos em minutos. (<a href=\"http:\/\/www.ample.com\/\" target=\"_blank\" rel=\"noopener\">www.ample.com<\/a>)<\/p>\n<p><b>Sobre a OneFor:<\/b>\u00a0A OneFor Holding GmbH \u00e9 uma empresa fintech da Alemanha que oferece v\u00e1rias aplica\u00e7\u00f5es e servi\u00e7os de dinheiro digital, como contas sem fronteiras, servi\u00e7os de pagamento e cart\u00e3o, bem como empr\u00e9stimos e investimentos pessoais. A solu\u00e7\u00e3o de cart\u00e3o tem o suporte da Mastercard International. A OneFor permite uma conta familiar sem fronteiras, transformando transa\u00e7\u00f5es \u00fanicas em momentos de conex\u00e3o, criando experi\u00eancias compartilhadas e aumentando a inclus\u00e3o financeira, que alimenta o desenvolvimento econ\u00f4mico. (<a href=\"http:\/\/www.onefor.com\/\" target=\"_blank\" rel=\"noopener\">www.onefor.com<\/a>)<\/p>\n<p>1) Termos e condi\u00e7\u00f5es da OneFor se aplicam.\u00a0<br \/>2) Termos e condi\u00e7\u00f5es da OneFor se aplicam.<\/p>\n<p>Foto &#8211; <a href=\"https:\/\/mma.prnewswire.com\/media\/1922687\/eGO_Booth_Paris_Motorshow.jpg\" target=\"_blank\" rel=\"noopener\">https:\/\/mma.prnewswire.com\/media\/1922687\/eGO_Booth_Paris_Motorshow.jpg<\/a><br \/>Foto &#8211; <a href=\"https:\/\/mma.prnewswire.com\/media\/1922689\/e_wave_X_and_e_Xpress.jpg\" target=\"_blank\" rel=\"noopener\">https:\/\/mma.prnewswire.com\/media\/1922689\/e_wave_X_and_e_Xpress.jpg<\/a><\/p>\n<div id=\"prni_dvprnejpg35d0left\"><img decoding=\"async\" src=\"https:\/\/mma.prnewswire.com\/media\/1922689\/e_wave_X_and_e_Xpress.jpg\" alt=\"e.wave X and e.Xpress\" \/><\/div>\n<p>FONTE  Next.e.GO Mobile<\/p>\n<\/div>\n<p><img decoding=\"async\" alt=\"\" src=\"https:\/\/rt.prnewswire.com\/rt.gif?NewsItemId=PT04704&amp;Transmission_Id=202210181122PR_NEWS_LATAM____PT04704&amp;DateId=20221018\" \/><\/p>\n","protected":false},"excerpt":{"rendered":"PR NEWSWIRE Fabricante alem\u00e3 de ve\u00edculos el\u00e9tricos Next.e.GO Mobile SE faz v\u00e1rios an\u00fancios no Paris Motor Show, incluindo a apresenta\u00e7\u00e3o do e.Xpress, um novo ve\u00edculo compacto de entregas","protected":false},"author":1,"featured_media":41730,"comment_status":"closed","ping_status":"closed","sticky":false,"template":"","format":"standard","meta":{"_acf_changed":false,"inline_featured_image":false,"_monsterinsights_skip_tracking":false,"_monsterinsights_sitenote_active":false,"_monsterinsights_sitenote_note":"","_monsterinsights_sitenote_category":0,"footnotes":""},"categories":[29],"tags":[],"class_list":["post-41741","post","type-post","status-publish","format-standard","has-post-thumbnail","hentry","category-prnewseconomia"],"acf":[],"_links":{"self":[{"href":"https:\/\/bluestudio.estadao.com.br\/agencia-de-comunicacao\/wp-json\/wp\/v2\/posts\/41741","targetHints":{"allow":["GET"]}}],"collection":[{"href":"https:\/\/bluestudio.estadao.com.br\/agencia-de-comunicacao\/wp-json\/wp\/v2\/posts"}],"about":[{"href":"https:\/\/bluestudio.estadao.com.br\/agencia-de-comunicacao\/wp-json\/wp\/v2\/types\/post"}],"author":[{"embeddable":true,"href":"https:\/\/bluestudio.estadao.com.br\/agencia-de-comunicacao\/wp-json\/wp\/v2\/users\/1"}],"replies":[{"embeddable":true,"href":"https:\/\/bluestudio.estadao.com.br\/agencia-de-comunicacao\/wp-json\/wp\/v2\/comments?post=41741"}],"version-history":[{"count":0,"href":"https:\/\/bluestudio.estadao.com.br\/agencia-de-comunicacao\/wp-json\/wp\/v2\/posts\/41741\/revisions"}],"wp:featuredmedia":[{"embeddable":true,"href":"https:\/\/bluestudio.estadao.com.br\/agencia-de-comunicacao\/wp-json\/wp\/v2\/media\/41730"}],"wp:attachment":[{"href":"https:\/\/bluestudio.estadao.com.br\/agencia-de-comunicacao\/wp-json\/wp\/v2\/media?parent=41741"}],"wp:term":[{"taxonomy":"category","embeddable":true,"href":"https:\/\/bluestudio.estadao.com.br\/agencia-de-comunicacao\/wp-json\/wp\/v2\/categories?post=41741"},{"taxonomy":"post_tag","embeddable":true,"href":"https:\/\/bluestudio.estadao.com.br\/agencia-de-comunicacao\/wp-json\/wp\/v2\/tags?post=41741"}],"curies":[{"name":"wp","href":"https:\/\/api.w.org\/{rel}","templated":true}]}}