{"id":41573,"date":"2022-10-14T15:12:00","date_gmt":"2022-10-14T15:12:00","guid":{"rendered":"https:\/\/patrocinados.estadao.com.br\/medialab\/agenciacomunicacao\/prnewswire\/prnewsinternacional\/as-metropoles-na-floresta-sao-os-destaques-da-publicacao-que-analisa-perspectivas-e-visao-de-futuro-da-amazonia-legal\/"},"modified":"2022-10-14T15:12:00","modified_gmt":"2022-10-14T15:12:00","slug":"as-metropoles-na-floresta-sao-os-destaques-da-publicacao-que-analisa-perspectivas-e-visao-de-futuro-da-amazonia-legal","status":"publish","type":"post","link":"https:\/\/bluestudio.estadao.com.br\/agencia-de-comunicacao\/prnewswire\/prnewsinternacional\/as-metropoles-na-floresta-sao-os-destaques-da-publicacao-que-analisa-perspectivas-e-visao-de-futuro-da-amazonia-legal\/","title":{"rendered":"AS METR\u00d3POLES NA FLORESTA S\u00c3O OS DESTAQUES DA PUBLICA\u00c7\u00c3O QUE ANALISA PERSPECTIVAS E VIS\u00c3O DE FUTURO DA AMAZ\u00d4NIA LEGAL"},"content":{"rendered":"<p><b>PR NEWSWIRE<\/b><\/p>\n<div class=\"xn-newslines\">\n<h1 class=\"xn-hedline\">AS METR\u00d3POLES NA FLORESTA S\u00c3O OS DESTAQUES DA PUBLICA\u00c7\u00c3O QUE ANALISA PERSPECTIVAS E VIS\u00c3O DE FUTURO DA AMAZ\u00d4NIA LEGAL<\/h1>\n<p class=\"xn-distributor\">PR Newswire<\/p>\n<p class=\"xn-dateline\">S\u00c3O PAULO, 14 de outubro de 2022<\/p>\n<\/div>\n<div class=\"xn-content\">\n<i><span>O Volume 4 da S\u00e9rie Amaz\u00f4nia Brasileira: perspectivas territoriais integradas e vis\u00e3o de futuro \u00e9 dedicado ao indigenista <span class=\"xn-person\">Bruno Pereira<\/span> e ao jornalista Dom Phillips, assassinados na Amaz\u00f4nia durante a elabora\u00e7\u00e3o da edi\u00e7\u00e3o<\/span><\/i>\u00a0<\/p>\n<p><span class=\"legendSpanClass\">S\u00c3O PAULO<\/span>, <span class=\"legendSpanClass\">14 de outubro de 2022<\/span> \/PRNewswire\/ &#8212; Oficialmente, apenas Bel\u00e9m e Manaus s\u00e3o reconhecidas como \u00e1reas metropolitanas na Amaz\u00f4nia Legal. Avan\u00e7ar, portanto, na an\u00e1lise de suas capitais e no processo de urbaniza\u00e7\u00e3o da Amaz\u00f4nia, sem se arrogar a esgotar a multiplicidade de aspectos do campo do urbano, \u00e9 essencial para compreender as macrotend\u00eancias de mudan\u00e7a no uso e ocupa\u00e7\u00e3o do solo no territ\u00f3rio amaz\u00f4nico. A isso se prop\u00f5e o Volume 4 da S\u00e9rie Amaz\u00f4nia Brasileira: perspectivas territoriais integradas e vis\u00e3o de futuro, da Synergia.<\/p>\n<div class=\"PRN_ImbeddedAssetReference\" id=\"DivAssetPlaceHolder1\">\n<a href=\"https:\/\/mma.prnewswire.com\/media\/1921695\/1.html\" target=\"_blank\" rel=\"noopener\">  <img decoding=\"async\" src=\"https:\/\/mma.prnewswire.com\/media\/1921695\/1.jpg\" alt=\"\" \/><\/a>\n <\/p>\n<\/p><\/div>\n<p><span>Para buscar esse objetivo, a consultoria agregou alguns elementos na compreens\u00e3o da complexidade do territ\u00f3rio amaz\u00f4nico, reconhecido muitas vezes no senso comum nacional, n\u00e3o amaz\u00f4nico, como um territ\u00f3rio de dom\u00ednio da paisagem florestal ou agr\u00edcola, mas que possui um processo de urbaniza\u00e7\u00e3o r\u00e1pido, recente, pujante e complexo, al\u00e9m de problem\u00e1tico em diversos aspectos. <\/span><\/p>\n<p><span>Al\u00e9m de trazer a demografia das nove capitais da Amaz\u00f4nia Legal (tabela abaixo), a edi\u00e7\u00e3o tamb\u00e9m se debru\u00e7a sobre aspectos fundantes da regi\u00e3o, como a incid\u00eancia de aglomerados subnormais, a problem\u00e1tica do saneamento, da viol\u00eancia e um cap\u00edtulo espec\u00edfico dedicado \u00e0 Zona Franca de Manaus, seu modelo econ\u00f4mico e o seu impacto no desenvolvimento da regi\u00e3o.<\/span><\/p>\n<p><span>Para al\u00e9m de dados oficiais e an\u00e1lises, o Volume 4 novamente amplifica os relatos e an\u00e1lises por meio da colabora\u00e7\u00e3o de representantes da regi\u00e3o. Com o desejo de enriquecer a leitura e penetrar na alma do\/a leitor\/a, o cap\u00edtulo Vozes da Amaz\u00f4nia traz a narrativa de <span class=\"xn-person\">Kelvyn Gomes<\/span>, da <span class=\"xn-location\">Vila<\/span> da Barca, no Par\u00e1, e de <span class=\"xn-person\">Heitor Pinheiro<\/span>, de Manaus.<\/span><\/p>\n<p><span>Conhecer a hist\u00f3ria da <span class=\"xn-location\">Vila<\/span> da Barca, maior conjunto de palafitas da Am\u00e9rica Latina, situado \u00e0s margens da Ba\u00eda do Guajar\u00e1, em Bel\u00e9m, no Par\u00e1, \u00e9 uma viagem ao universo de mulheres, homens, pretos, ind\u00edgenas, indiv\u00edduos e fam\u00edlias que lutam para sobreviver e serem reconhecidos como indiv\u00edduos de direitos. <span class=\"xn-person\">Kelvyn Gomes<\/span>, morador da <span class=\"xn-location\">Vila<\/span> da Barca nos conduz a conhecer melhor a g\u00eanese do local, seus principais problemas, dificuldades e desafios, mas principalmente seu potencial pol\u00edtico, econ\u00f4mico e social.<\/span><\/p>\n<p><span>A leitura do texto de <span class=\"xn-person\">Heitor Pinheiro<\/span>, ge\u00f3grafo que atua na Funda\u00e7\u00e3o Vit\u00f3ria Amaz\u00f4nica e faz parte do Observat\u00f3rio da Regi\u00e3o Metropolitana de Manaus (ORMM) e da iniciativa Uma Concerta\u00e7\u00e3o pela Amaz\u00f4nia, conduz ao entendimento da Regi\u00e3o Metropolitana de Manaus, com suas sub-regi\u00f5es e centralidades. Ele aponta a import\u00e2ncia do fortalecimento das cadeias produtivas locais, das Unidades de Conserva\u00e7\u00e3o, e das Terras Ind\u00edgenas como pe\u00e7as-chave para o combate ao desmatamento ilegal e \u00e0 manuten\u00e7\u00e3o da biodiversidade, capazes de formar um escudo verde em torno da \u00e1rea urbanizada.<\/span><\/p>\n<p><span>A S\u00e9rie Amaz\u00f4nia Brasileira: perspectivas territoriais integradas e vis\u00e3o de futuro \u00e9 um projeto do Centro de Estudos Synergia, criado como um espa\u00e7o dedicado \u00e0 constru\u00e7\u00e3o da inova\u00e7\u00e3o no campo socioambiental brasileiro, abrigando iniciativas voltadas \u00e0 pesquisa e ao conhecimento, por meio da troca, debate e compartilhamento de conhecimentos e experi\u00eancias adquiridas pela Synergia em diversos territ\u00f3rios e contextos socioambientais do pa\u00eds.\u00a0 O Volume 4 da S\u00e9rie Amaz\u00f4nia Brasileira \u00e9 dedicado ao indigenista <span class=\"xn-person\">Bruno Pereira<\/span> e ao jornalista Dom Phillips, assassinados na Amaz\u00f4nia durante a elabora\u00e7\u00e3o da edi\u00e7\u00e3o.<\/span><\/p>\n<p><span>Foto &#8211; <\/span><a href=\"https:\/\/mma.prnewswire.com\/media\/1921695\/1.jpg\" target=\"_blank\" rel=\"noopener\">https:\/\/mma.prnewswire.com\/media\/1921695\/1.jpg<\/a><\/p>\n<div class=\"PRN_ImbeddedAssetReference\" id=\"DivAssetPlaceHolder2\"><\/div>\n<p>FONTE  Synergia<\/p>\n<\/div>\n<p><img decoding=\"async\" alt=\"\" src=\"https:\/\/rt.prnewswire.com\/rt.gif?NewsItemId=PT03158&amp;Transmission_Id=202210141400PR_NEWS_LATAM____PT03158&amp;DateId=20221014\" \/><\/p>\n","protected":false},"excerpt":{"rendered":"PR NEWSWIRE AS METR\u00d3POLES NA FLORESTA S\u00c3O OS DESTAQUES DA PUBLICA\u00c7\u00c3O QUE ANALISA PERSPECTIVAS E VIS\u00c3O DE FUTURO DA AMAZ\u00d4NIA LEGAL PR Newswire S\u00c3O PAULO, 14 de outubro de 2022 O Volume 4 da","protected":false},"author":1,"featured_media":41574,"comment_status":"closed","ping_status":"closed","sticky":false,"template":"","format":"standard","meta":{"_acf_changed":false,"inline_featured_image":false,"_monsterinsights_skip_tracking":false,"_monsterinsights_sitenote_active":false,"_monsterinsights_sitenote_note":"","_monsterinsights_sitenote_category":0,"footnotes":""},"categories":[31],"tags":[],"class_list":["post-41573","post","type-post","status-publish","format-standard","has-post-thumbnail","hentry","category-prnewsinternacional"],"acf":[],"_links":{"self":[{"href":"https:\/\/bluestudio.estadao.com.br\/agencia-de-comunicacao\/wp-json\/wp\/v2\/posts\/41573","targetHints":{"allow":["GET"]}}],"collection":[{"href":"https:\/\/bluestudio.estadao.com.br\/agencia-de-comunicacao\/wp-json\/wp\/v2\/posts"}],"about":[{"href":"https:\/\/bluestudio.estadao.com.br\/agencia-de-comunicacao\/wp-json\/wp\/v2\/types\/post"}],"author":[{"embeddable":true,"href":"https:\/\/bluestudio.estadao.com.br\/agencia-de-comunicacao\/wp-json\/wp\/v2\/users\/1"}],"replies":[{"embeddable":true,"href":"https:\/\/bluestudio.estadao.com.br\/agencia-de-comunicacao\/wp-json\/wp\/v2\/comments?post=41573"}],"version-history":[{"count":0,"href":"https:\/\/bluestudio.estadao.com.br\/agencia-de-comunicacao\/wp-json\/wp\/v2\/posts\/41573\/revisions"}],"wp:featuredmedia":[{"embeddable":true,"href":"https:\/\/bluestudio.estadao.com.br\/agencia-de-comunicacao\/wp-json\/"}],"wp:attachment":[{"href":"https:\/\/bluestudio.estadao.com.br\/agencia-de-comunicacao\/wp-json\/wp\/v2\/media?parent=41573"}],"wp:term":[{"taxonomy":"category","embeddable":true,"href":"https:\/\/bluestudio.estadao.com.br\/agencia-de-comunicacao\/wp-json\/wp\/v2\/categories?post=41573"},{"taxonomy":"post_tag","embeddable":true,"href":"https:\/\/bluestudio.estadao.com.br\/agencia-de-comunicacao\/wp-json\/wp\/v2\/tags?post=41573"}],"curies":[{"name":"wp","href":"https:\/\/api.w.org\/{rel}","templated":true}]}}