{"id":40890,"date":"2022-09-28T15:58:00","date_gmt":"2022-09-28T15:58:00","guid":{"rendered":"https:\/\/patrocinados.estadao.com.br\/medialab\/agenciacomunicacao\/prnewswire\/prnewsbrasil\/o-institute-for-the-future-of-education-do-instituto-tecnologico-e-de-estudos-superiores-de-monterrey-sera-o-anfitriao-do-global-impact-summit-2022\/"},"modified":"2022-09-28T15:58:00","modified_gmt":"2022-09-28T15:58:00","slug":"o-institute-for-the-future-of-education-do-instituto-tecnologico-e-de-estudos-superiores-de-monterrey-sera-o-anfitriao-do-global-impact-summit-2022","status":"publish","type":"post","link":"https:\/\/bluestudio.estadao.com.br\/agencia-de-comunicacao\/prnewswire\/prnewsbrasil\/o-institute-for-the-future-of-education-do-instituto-tecnologico-e-de-estudos-superiores-de-monterrey-sera-o-anfitriao-do-global-impact-summit-2022\/","title":{"rendered":"O Institute for the Future of Education do Instituto Tecnol\u00f3gico e de Estudos Superiores de Monterrey ser\u00e1 o anfitri\u00e3o do Global Impact Summit 2022"},"content":{"rendered":"<p><b>PR NEWSWIRE<\/b><\/p>\n<div class=\"xn-newslines\">\n<h1 class=\"xn-hedline\">O Institute for the Future of Education do Instituto Tecnol\u00f3gico e de Estudos Superiores de Monterrey ser\u00e1 o anfitri\u00e3o do Global Impact Summit 2022<\/h1>\n<p class=\"xn-distributor\">PR Newswire<\/p>\n<p class=\"xn-dateline\">CIDADE DO M\u00c9XICO, 28 de setembro de 2022<\/p>\n<\/div>\n<div class=\"xn-content\">\n<p class=\"prntac\">A HolonIQ, em colabora\u00e7\u00e3o com o <i>Institute for the Future of Education<\/i> (IFE) do Instituto Tecnol\u00f3gico e de Estudos Superiores de Monterrey (ITESM), ir\u00e1 organizar dois dias de confer\u00eancias e pain\u00e9is com especialistas que ir\u00e3o abordar t\u00f3picos sobre o futuro do ambiente, da educa\u00e7\u00e3o e das tecnologias da sa\u00fade no campus da Cidade do M\u00e9xico.<\/p>\n<p><span class=\"legendSpanClass\">CIDADE DO M\u00c9XICO<\/span>, <span class=\"legendSpanClass\">28 de setembro de 2022<\/span> \/PRNewswire\/ &#8212; Nos dias 28 e 29 de setembro, o campus do ITESM na Cidade do M\u00e9xico ir\u00e1 receber o <i>Global Impact Summit<\/i> da HolonIQ. O principal objetivo deste evento \u00e9 dar a conhecer as novas tend\u00eancias e o futuro do ambiente, da educa\u00e7\u00e3o e das tecnologias da sa\u00fade.<\/p>\n<p>Comentando a parceria, <span class=\"xn-person\">Michael Fung<\/span>, Diretor Executivo do <i>Institute for the Future of Education<\/i>, declarou: &#8220;As economias e sociedades do mundo est\u00e3o a sofrer perturba\u00e7\u00f5es e mudan\u00e7as sem precedentes no ambiente, na educa\u00e7\u00e3o e na sa\u00fade. Tra\u00e7ar o caminho para o futuro requer compreender onde estamos hoje e o que queremos alcan\u00e7ar coletivamente nestas \u00e1reas. O <i>Institute for the Future of Education<\/i> (IFE) do ITESM tem muito orgulho de criar esta alian\u00e7a estrat\u00e9gica com a HolonIQ, a plataforma l\u00edder em intelig\u00eancia de mercado com impacto global, para adquirir informa\u00e7\u00f5es centradas na explora\u00e7\u00e3o de solu\u00e7\u00f5es para os problemas atuais.&#8221;<\/p>\n<p>Com mais de 80 oradores de toda a Am\u00e9rica Latina, o Summit na Cidade do M\u00e9xico ir\u00e1 reunir uma onda global de ideias, conhecimentos e liga\u00e7\u00f5es para melhorar o futuro da sociedade.<\/p>\n<p>As conversa\u00e7\u00f5es ir\u00e3o centrar-se em v\u00e1rios temas principais:<\/p>\n<ul>\n<li>desde energias renov\u00e1veis a alternativas nucleares e de hidrog\u00e9nio, at\u00e9 ao armazenamento energ\u00e9tico em baterias avan\u00e7adas e redes de carregamento.<\/li>\n<li>O papel da educa\u00e7\u00e3o digital na sequ\u00eancia do impacto significativo da pandemia COVID-19 ser\u00e1 crucial para o futuro da aprendizagem, desde a primeira inf\u00e2ncia, passando pelo ensino b\u00e1sico e superior, at\u00e9 \u00e0 requalifica\u00e7\u00e3o da m\u00e3o de obra.<\/li>\n<li>A inova\u00e7\u00e3o e a tecnologia est\u00e3o a acelerar e a transformar fundamentalmente a sa\u00fade e o bem-estar para criar sistemas de sa\u00fade mais resilientes, eficientes e justos.<\/li>\n<\/ul>\n<p>Os principais oradores incluem: <span class=\"xn-person\">Michael Fung<\/span>, Diretor Executivo; Jos\u00e9 Escamilla, Diretor Associado; <span class=\"xn-person\">Sabrina Seltzer<\/span>, Diretora de Transfer\u00eancia e Empreendedorismo <i>do Institute for the Future of Education<\/i> do ITESM, e <span class=\"xn-person\">Maria Spies<\/span> e <span class=\"xn-person\">Patrick Brothers<\/span>, Codiretores Gerais Executivos da HolonIQ. Tamb\u00e9m estar\u00e3o presentes <span class=\"xn-person\">Rosa Wolpert<\/span>, Oficial Nacional de Educa\u00e7\u00e3o da UNESCO, e <span class=\"xn-person\">Marco Serrato<\/span>, Diretor Executivo e Professor de Pr\u00e1ticas da Universidade do <span class=\"xn-location\">Arizona<\/span>, entre outros reitores universit\u00e1rios reconhecidos pelos seus conhecimentos e experi\u00eancia nas mat\u00e9rias acima mencionadas.<\/p>\n<p><span class=\"xn-person\">Maria Spies<\/span>, Codiretora Geral Executiva da HolonIQ, comentou: &#8220;Hoje, mais do que nunca, \u00e9 crucial que nos liguemos e colaboremos em inova\u00e7\u00f5es no ambiente, educa\u00e7\u00e3o e sa\u00fade. O Summit d\u00e1 aos l\u00edderes e inovadores a oportunidade de partilharem solu\u00e7\u00f5es e gerarem ideias para ajudar a resolver os problemas que mais afetam a humanidade.&#8221;<\/p>\n<p>Hoje, mais do que nunca, \u00e9 tempo de refletir sobre os grandes desafios que o mundo enfrenta no que diz respeito ao futuro do ambiente, educa\u00e7\u00e3o e sa\u00fade. O Global Impact Summit da Holon IQ, em colabora\u00e7\u00e3o com o<i> Institute for the Future of Education<\/i> do ITESM, \u00e9 o espa\u00e7o ideal para o di\u00e1logo, colabora\u00e7\u00e3o, experimenta\u00e7\u00e3o e empreendedorismo para construirmos juntos o futuro que queremos.<\/p>\n<p><b>Instituto Tecnol\u00f3gico e de Estudos Superiores de Monterrey<br \/><\/b>Gressia Ar\u00e9valo<br \/>Tel.: 66 7520 4747<br \/><a href=\"mailto:gressia.arevalo@tec.mx\" target=\"_blank\" rel=\"noopener\">gressia.arevalo@tec.mx<\/a><\/p>\n<p>Alterpraxis<br \/>Fernanda Guti\u00e9rrez<br \/>Tel.: 55 5401 7537<br \/><a href=\"mailto:Ferrnanda.gutierrez@alterpraxis.com\" target=\"_blank\" rel=\"noopener\">fernanda.gutierrez@alterpraxis.com<\/a><\/p>\n<p>Visite <a href=\"https:\/\/tec.mx\/es\/newsroom\" target=\"_blank\" rel=\"noopener\">Newsroom<\/a>, o espa\u00e7o de imprensa do Instituto Tecnol\u00f3gico e de Estudos Superiores de Monterrey\u00a0<\/p>\n<p><b>Sobre o Instituto Tecnol\u00f3gico e de Estudos Superiores de Monterrey<\/b><\/p>\n<p><i>O Instituto Tecnol\u00f3gico e de Estudos Superiores de Monterrey (<\/i> <i><a href=\"http:\/\/www.tec.mx\/\" target=\"_blank\" rel=\"noopener\">http:\/\/www.tec.mx<\/a><\/i>\u00a0<i>) \u00e9 um sistema universit\u00e1rio privado sem fins lucrativos, com v\u00e1rios campus. Desde a sua funda\u00e7\u00e3o em 1943, tem-se destacado pela sua excel\u00eancia acad\u00e9mica, inova\u00e7\u00e3o educacional, empreendedorismo e internacionaliza\u00e7\u00e3o, bem como pelas suas liga\u00e7\u00f5es \u00e0 ind\u00fastria e aos empregadores, e pela sua grande capacidade de execu\u00e7\u00e3o<b>.<\/b> Tem campus em 29 cidades no M\u00e9xico, mais de 67 mil estudantes matriculados de n\u00edvel profissional e p\u00f3s-gradua\u00e7\u00e3o, e quase 7000 professores. Tamb\u00e9m conta com mais de 26 mil estudantes do ensino secund\u00e1rio e 2500 professores do ensino secund\u00e1rio. O instituto est\u00e1 acreditado pela Commission on Colleges of the Southern Association of Colleges and Schools (SACSCOC) desde 1950. De acordo com o QS World University Ranking (2022), est\u00e1 classificado em 161.\u00ba lugar e em 30.\u00ba lugar entre as universidades privadas do mundo. No QS Graduate Employability Ranking (2022), encontra-se em n.\u00ba 1 na Am\u00e9rica Latina e em 26.\u00ba a n\u00edvel mundial. No Times Higher Education Latin America University Ranking (2022), ocupa o 4.\u00ba lugar na Am\u00e9rica Latina, sendo tamb\u00e9m a \u00fanica universidade fora dos Estados Unidos da Am\u00e9rica no Top Schools for Entrepreneurship Ranking (2022) da Princeton Review e Entrepreneur, ao ocupar o 6.\u00ba lugar em programas de empreendimento a n\u00edvel de licenciatura. Pertence a diversas redes de prest\u00edgio internacional, tais como a Asociaci\u00f3n de Universidades de la Cuenca del Pac\u00edfico (APRU), Universitas 21 (U21) e The Worldwide Universities Network (WUN), entre outras.<\/i>\u00a0<\/p>\n<p><b>Sobre a HolonIQ<\/b>\u00a0<\/p>\n<p><i>A HolonIQ \u00e9 uma plataforma de intelig\u00eancia de mercado para a economia de impacto global. Impulsionamos decis\u00f5es importantes sobre o ambiente, educa\u00e7\u00e3o e sa\u00fade, fornecendo dados e informa\u00e7\u00f5es que apoiam o crescimento, a inova\u00e7\u00e3o e a intelig\u00eancia de risco. Os nossos clientes incluem governos, institui\u00e7\u00f5es, empresas e investidores em todo o mundo que s\u00e3o l\u00edderes em inova\u00e7\u00e3o, tecnologia, pol\u00edticas p\u00fablicas e investimento na economia de impacto global. <a href=\"http:\/\/www.holoniq.com\">www.holoniq.com<\/a><\/i>\u00a0<\/p>\n<p>FONTE  Tecnol\u00f3gico de Monterrey<\/p>\n<\/div>\n<p><img decoding=\"async\" alt=\"\" src=\"https:\/\/rt.prnewswire.com\/rt.gif?NewsItemId=PT86370&amp;Transmission_Id=202209281450PR_NEWS_LATAM____PT86370&amp;DateId=20220928\" \/><\/p>\n","protected":false},"excerpt":{"rendered":"PR NEWSWIRE O Institute for the Future of Education do Instituto Tecnol\u00f3gico e de Estudos Superiores de Monterrey ser\u00e1 o anfitri\u00e3o do Global Impact Summit 2022 PR Newswire CIDADE DO M\u00c9XICO, 28 de","protected":false},"author":1,"featured_media":40889,"comment_status":"closed","ping_status":"closed","sticky":false,"template":"","format":"standard","meta":{"_acf_changed":false,"inline_featured_image":false,"_monsterinsights_skip_tracking":false,"_monsterinsights_sitenote_active":false,"_monsterinsights_sitenote_note":"","_monsterinsights_sitenote_category":0,"footnotes":""},"categories":[28],"tags":[],"class_list":["post-40890","post","type-post","status-publish","format-standard","has-post-thumbnail","hentry","category-prnewsbrasil"],"acf":[],"_links":{"self":[{"href":"https:\/\/bluestudio.estadao.com.br\/agencia-de-comunicacao\/wp-json\/wp\/v2\/posts\/40890","targetHints":{"allow":["GET"]}}],"collection":[{"href":"https:\/\/bluestudio.estadao.com.br\/agencia-de-comunicacao\/wp-json\/wp\/v2\/posts"}],"about":[{"href":"https:\/\/bluestudio.estadao.com.br\/agencia-de-comunicacao\/wp-json\/wp\/v2\/types\/post"}],"author":[{"embeddable":true,"href":"https:\/\/bluestudio.estadao.com.br\/agencia-de-comunicacao\/wp-json\/wp\/v2\/users\/1"}],"replies":[{"embeddable":true,"href":"https:\/\/bluestudio.estadao.com.br\/agencia-de-comunicacao\/wp-json\/wp\/v2\/comments?post=40890"}],"version-history":[{"count":0,"href":"https:\/\/bluestudio.estadao.com.br\/agencia-de-comunicacao\/wp-json\/wp\/v2\/posts\/40890\/revisions"}],"wp:featuredmedia":[{"embeddable":true,"href":"https:\/\/bluestudio.estadao.com.br\/agencia-de-comunicacao\/wp-json\/wp\/v2\/media\/40889"}],"wp:attachment":[{"href":"https:\/\/bluestudio.estadao.com.br\/agencia-de-comunicacao\/wp-json\/wp\/v2\/media?parent=40890"}],"wp:term":[{"taxonomy":"category","embeddable":true,"href":"https:\/\/bluestudio.estadao.com.br\/agencia-de-comunicacao\/wp-json\/wp\/v2\/categories?post=40890"},{"taxonomy":"post_tag","embeddable":true,"href":"https:\/\/bluestudio.estadao.com.br\/agencia-de-comunicacao\/wp-json\/wp\/v2\/tags?post=40890"}],"curies":[{"name":"wp","href":"https:\/\/api.w.org\/{rel}","templated":true}]}}