{"id":40681,"date":"2022-09-23T07:27:00","date_gmt":"2022-09-23T07:27:00","guid":{"rendered":"https:\/\/bluestudio.estadao.com.br\/agencia-de-comunicacao\/\/2022\/09\/23\/setor-de-energia-eolica-adverte-sao-necessarias-acoes-nao-palavras-por-parte-dos-governos-para-abordar-a-seguranca-energetica-e-as-crises-climaticas-em-antecipacao-a-cop27-2\/"},"modified":"2022-09-23T07:27:00","modified_gmt":"2022-09-23T07:27:00","slug":"setor-de-energia-eolica-adverte-sao-necessarias-acoes-nao-palavras-por-parte-dos-governos-para-abordar-a-seguranca-energetica-e-as-crises-climaticas-em-antecipacao-a-cop27-2","status":"publish","type":"post","link":"https:\/\/bluestudio.estadao.com.br\/agencia-de-comunicacao\/prnewswire\/prnewseconomia\/setor-de-energia-eolica-adverte-sao-necessarias-acoes-nao-palavras-por-parte-dos-governos-para-abordar-a-seguranca-energetica-e-as-crises-climaticas-em-antecipacao-a-cop27-2\/","title":{"rendered":"Setor de energia e\u00f3lica adverte: s\u00e3o necess\u00e1rias a\u00e7\u00f5es, n\u00e3o palavras, por parte dos governos para abordar a seguran\u00e7a energ\u00e9tica e as crises clim\u00e1ticas em antecipa\u00e7\u00e3o \u00e0 COP27"},"content":{"rendered":"<p><b>PR NEWSWIRE<\/b><\/p>\n<div class=\"xn-newslines\">\n<h1 class=\"xn-hedline\">Setor de energia e\u00f3lica adverte: s\u00e3o necess\u00e1rias a\u00e7\u00f5es, n\u00e3o palavras, por parte dos governos para abordar a seguran\u00e7a energ\u00e9tica e as crises clim\u00e1ticas em antecipa\u00e7\u00e3o \u00e0 COP27<\/h1>\n<p class=\"xn-distributor\">PR Newswire<\/p>\n<p class=\"xn-dateline\">NOVA YORK, 23 de setembro de 2022<\/p>\n<\/div>\n<div class=\"xn-content\">\n<b><i><span class=\"xn-person\">Mais de<\/span> 100 empresas l\u00edderes em energia e\u00f3lica convocam os pa\u00edses signat\u00e1rios do Acordo de <span class=\"xn-location\">Paris<\/span> para que simplifiquem o planejamento e licenciamento, atualizem a infraestrutura da rede e promovam a evolu\u00e7\u00e3o dos mercados de energia, a fim de acelerar a implementa\u00e7\u00e3o da energia renov\u00e1vel.<\/i><\/b>\u00a0<\/p>\n<p><span class=\"legendSpanClass\"><span class=\"xn-person\">NOVA YORK<\/span><\/span>, <span class=\"legendSpanClass\">23 de setembro de 2022<\/span> \/PRNewswire\/ &#8212; Uma coaliz\u00e3o global de 108 empresas e associa\u00e7\u00f5es l\u00edderes em energia e\u00f3lica, representando 81% da energia e\u00f3lica instalada em todo o mundo, desafiou os governos a tomar medidas dr\u00e1sticas para ampliar a energia e\u00f3lica e renov\u00e1vel ainda nesta d\u00e9cada.<\/p>\n<div id=\"prni_dvprnejpg6a5eleft\"><img decoding=\"async\" src=\"https:\/\/mma.prnewswire.com\/media\/1661794\/GWEC_Logo.jpg\" alt=\"Logo\" \/><\/div>\n<p>Se o mundo quiser cumprir o compromisso de limitar o aumento da temperatura em 1,5 \u00b0C e zerar as emiss\u00f5es l\u00edquidas de carbono, as instala\u00e7\u00f5es anuais de energia e\u00f3lica do mundo dever\u00e3o ser <u>quadruplicadas<\/u> at\u00e9 2030 para cerca de 390 GW por ano, de acordo com a<a href=\"https:\/\/iea.blob.core.windows.net\/assets\/4719e321-6d3d-41a2-bd6b-461ad2f850a8\/NetZeroby2050-ARoadmapfortheGlobalEnergySector.pdf\" target=\"_blank\" rel=\"noopener\">\u00a0<\/a><a href=\"https:\/\/iea.blob.core.windows.net\/assets\/4719e321-6d3d-41a2-bd6b-461ad2f850a8\/NetZeroby2050-ARoadmapfortheGlobalEnergySector.pdf\" target=\"_blank\" rel=\"noopener\">Ag\u00eancia Internacional de Energia<\/a>, e at\u00e9 2050, a energia e\u00f3lica precisa gerar mais de um ter\u00e7o da eletricidade mundial, bem acima dos atuais 6%.<\/p>\n<p>Mas medidas urgentes devem ser tomadas para atingir esse objetivo e liberar todo o potencial da tecnologia e\u00f3lica para fornecer energia segura, acess\u00edvel e limpa para comunidades em todo o mundo.<\/p>\n<p>O Manifesto Global de Energia E\u00f3lica para a <span class=\"xn-money\">COP27<\/span> alerta que, embora a energia e\u00f3lica seja uma das tecnologias de energia mais competitivas, maduras e de r\u00e1pida implanta\u00e7\u00e3o que temos hoje, para prosperar, ela precisa de volumes grandes, est\u00e1veis e vis\u00edveis para implanta\u00e7\u00e3o e uma cadeia de suprimentos global robusta.<\/p>\n<p>Isso s\u00f3 pode ser alcan\u00e7ado por meio de a\u00e7\u00f5es claras e pr\u00e1ticas estabelecidas no manifesto, incluindo:<\/p>\n<ul>\n<li>simplifica\u00e7\u00e3o urgente do planejamento e dos esquemas de licenciamento para projetos de energias renov\u00e1veis em escala de rede;<\/li>\n<li>constru\u00e7\u00e3o r\u00e1pida de infraestrutura de rede vital para integra\u00e7\u00e3o de energia limpa e descarboniza\u00e7\u00e3o intersetorial;<\/li>\n<li>evolu\u00e7\u00e3o dos mercados de energia, a fim de incentivar o investimento em gera\u00e7\u00e3o de energia renov\u00e1vel e permitir que os cidad\u00e3os se beneficiem com a gera\u00e7\u00e3o segura e mais acess\u00edvel financeiramente.<\/li>\n<\/ul>\n<p>Deixando claro que a ind\u00fastria e\u00f3lica est\u00e1 pronta para trabalhar em conjunto para atingir o aumento r\u00e1pido necess\u00e1rio das instala\u00e7\u00f5es e\u00f3licas ainda nesta d\u00e9cada, os signat\u00e1rios do manifesto incluem as maiores empresas do setor, como Iberdrola, \u00d8rsted, EDP Renewables, Vestas, Siemens Gamesa Renewable Energy, Copenhagen Infrastructure Partners, al\u00e9m de associa\u00e7\u00f5es da ind\u00fastria e\u00f3lica na <span class=\"xn-location\">China<\/span>, no Brasil, na \u00c1frica do Sul, na Europa, no Reino Unido, na Austr\u00e1lia e muitos outros pa\u00edses.<\/p>\n<p>O setor de energia e\u00f3lica j\u00e1 est\u00e1 gerando crescimento e benef\u00edcios significativos para o sistema global de energia em seguran\u00e7a, custo e clima. Em 2021, 94 GW de capacidade de energia e\u00f3lica foram adicionados globalmente, produzindo cerca de 275 TWh de eletricidade por ano ? mais do que a atual demanda anual de eletricidade na Austr\u00e1lia e o suficiente para substituir mais de um ter\u00e7o das importa\u00e7\u00f5es de g\u00e1s da R\u00fassia pela UE antes da invas\u00e3o.<\/p>\n<p>Mas as decis\u00f5es tomadas na <span class=\"xn-money\">COP27<\/span> e nos pr\u00f3ximos anos determinar\u00e3o se o mundo pode alavancar a energia e\u00f3lica e renov\u00e1vel para entrar no caminho certo para atingir zero emiss\u00f5es l\u00edquidas de carbono e garantir uma transi\u00e7\u00e3o energ\u00e9tica sustent\u00e1vel, justa e igualit\u00e1ria.<\/p>\n<p>Encontre o manifesto e as cita\u00e7\u00f5es em: <a href=\"https:\/\/gwec.net\/cop27-coalition-manifesto-released\/\" target=\"_blank\" rel=\"noopener\">https:\/\/gwec.net\/cop27-coalition-manifesto-released\/<\/a>\u00a0<\/p>\n<p>Logotipo &#8211; <a href=\"https:\/\/mma.prnewswire.com\/media\/1661794\/GWEC_Logo.jpg\" target=\"_blank\" rel=\"noopener\">https:\/\/mma.prnewswire.com\/media\/1661794\/GWEC_Logo.jpg<\/a><\/p>\n<p>FONTE  Global Wind Energy Council<\/p>\n<\/div>\n<p><img decoding=\"async\" alt=\"\" src=\"https:\/\/rt.prnewswire.com\/rt.gif?NewsItemId=PT80574&amp;Transmission_Id=202209230617PR_NEWS_LATAM____PT80574&amp;DateId=20220923\" \/><\/p>\n","protected":false},"excerpt":{"rendered":"PR NEWSWIRE Setor de energia e\u00f3lica adverte: s\u00e3o necess\u00e1rias a\u00e7\u00f5es, n\u00e3o palavras, por parte dos governos para abordar a seguran\u00e7a energ\u00e9tica e as crises clim\u00e1ticas em antecipa\u00e7\u00e3o \u00e0 COP27","protected":false},"author":1,"featured_media":40682,"comment_status":"closed","ping_status":"closed","sticky":false,"template":"","format":"standard","meta":{"_acf_changed":false,"inline_featured_image":false,"_monsterinsights_skip_tracking":false,"_monsterinsights_sitenote_active":false,"_monsterinsights_sitenote_note":"","_monsterinsights_sitenote_category":0,"footnotes":""},"categories":[29],"tags":[],"class_list":["post-40681","post","type-post","status-publish","format-standard","has-post-thumbnail","hentry","category-prnewseconomia"],"acf":[],"_links":{"self":[{"href":"https:\/\/bluestudio.estadao.com.br\/agencia-de-comunicacao\/wp-json\/wp\/v2\/posts\/40681","targetHints":{"allow":["GET"]}}],"collection":[{"href":"https:\/\/bluestudio.estadao.com.br\/agencia-de-comunicacao\/wp-json\/wp\/v2\/posts"}],"about":[{"href":"https:\/\/bluestudio.estadao.com.br\/agencia-de-comunicacao\/wp-json\/wp\/v2\/types\/post"}],"author":[{"embeddable":true,"href":"https:\/\/bluestudio.estadao.com.br\/agencia-de-comunicacao\/wp-json\/wp\/v2\/users\/1"}],"replies":[{"embeddable":true,"href":"https:\/\/bluestudio.estadao.com.br\/agencia-de-comunicacao\/wp-json\/wp\/v2\/comments?post=40681"}],"version-history":[{"count":0,"href":"https:\/\/bluestudio.estadao.com.br\/agencia-de-comunicacao\/wp-json\/wp\/v2\/posts\/40681\/revisions"}],"wp:featuredmedia":[{"embeddable":true,"href":"https:\/\/bluestudio.estadao.com.br\/agencia-de-comunicacao\/wp-json\/"}],"wp:attachment":[{"href":"https:\/\/bluestudio.estadao.com.br\/agencia-de-comunicacao\/wp-json\/wp\/v2\/media?parent=40681"}],"wp:term":[{"taxonomy":"category","embeddable":true,"href":"https:\/\/bluestudio.estadao.com.br\/agencia-de-comunicacao\/wp-json\/wp\/v2\/categories?post=40681"},{"taxonomy":"post_tag","embeddable":true,"href":"https:\/\/bluestudio.estadao.com.br\/agencia-de-comunicacao\/wp-json\/wp\/v2\/tags?post=40681"}],"curies":[{"name":"wp","href":"https:\/\/api.w.org\/{rel}","templated":true}]}}