{"id":40495,"date":"2022-09-06T15:13:00","date_gmt":"2022-09-06T15:13:00","guid":{"rendered":"https:\/\/patrocinados.estadao.com.br\/medialab\/agenciacomunicacao\/prnewswire\/prnewsesportes\/apos-patrocinio-a-atletas-e-eventos-de-ponta-bv-apresenta-cartao-de-credito-para-skatistas\/"},"modified":"2022-09-06T15:13:00","modified_gmt":"2022-09-06T15:13:00","slug":"apos-patrocinio-a-atletas-e-eventos-de-ponta-bv-apresenta-cartao-de-credito-para-skatistas","status":"publish","type":"post","link":"https:\/\/bluestudio.estadao.com.br\/agencia-de-comunicacao\/prnewswire\/prnewsesportes\/apos-patrocinio-a-atletas-e-eventos-de-ponta-bv-apresenta-cartao-de-credito-para-skatistas\/","title":{"rendered":"Ap\u00f3s patroc\u00ednio a atletas e eventos de ponta, BV apresenta cart\u00e3o de cr\u00e9dito para skatistas"},"content":{"rendered":"<p><b>PR NEWSWIRE<\/b><\/p>\n<div class=\"xn-newslines\">\n<h1 class=\"xn-hedline\">Ap\u00f3s patroc\u00ednio a atletas e eventos de ponta, BV apresenta cart\u00e3o de cr\u00e9dito para skatistas<\/h1>\n<p class=\"xn-distributor\">PR Newswire<\/p>\n<p class=\"xn-dateline\">S\u00c3O PAULO, 6 de setembro de 2022<\/p>\n<\/div>\n<div class=\"xn-content\">\n<b><i><span class=\"xn-location\">Banco<\/span> ser\u00e1 o primeiro no pa\u00eds a ter cart\u00e3o com benef\u00edcios\u00a0<\/i><\/b><b><i>voltada ao p\u00fablico praticante e profissionais da modalidade<\/i><\/b><\/p>\n<p><span class=\"legendSpanClass\">S\u00c3O PAULO<\/span>, <span class=\"legendSpanClass\">6 de setembro de 2022<\/span> \/PRNewswire\/ &#8212; Desde 2018 com protagonismo no skate brasileiro, patrocinando grandes nomes e eventos da modalidade, o BV segue inovando na modalidade. Desta vez o banco lan\u00e7ar\u00e1, em parceria com a plataforma STU, o primeiro cart\u00e3o de cr\u00e9dito voltado aos praticantes de skate com uma s\u00e9rie de benef\u00edcios para os apaixonados pelo esporte. O produto ser\u00e1 desenvolvido pelo time BV em conjunto com a comunidade do skate.<\/p>\n<div class=\"PRN_ImbeddedAssetReference\" id=\"DivAssetPlaceHolder2054\">\n<a href=\"https:\/\/mma.prnewswire.com\/media\/1892721\/imagemdivulgacao_bvnoskate_03.html\" target=\"_blank\" rel=\"noopener\"><img decoding=\"async\" src=\"https:\/\/mma.prnewswire.com\/media\/1892721\/imagemdivulgacao_bvnoskate_03.jpg\" alt=\"\" \/><\/a><\/p>\n<\/div>\n<p>At\u00e9 o primeiro trimestre de 2023, quando o cart\u00e3o ser\u00e1 lan\u00e7ado, o BV fomentar\u00e1 as v\u00e1rias etapas do processo de cocria\u00e7\u00e3o junto \u00e0 comunidade do skate. <span class=\"xn-person\">Luna Bastos<\/span>, Mottilaa e Ngritoo, os tr\u00eas artistas urbanos selecionados para o projeto, far\u00e3o seus desenhos e o p\u00fablico escolher\u00e1 qual modelo estampar\u00e1 os primeiros cart\u00f5es.<\/p>\n<p>Al\u00e9m disso, P\u00e2mela Rosa, Yndiara Asp, <span class=\"xn-person\">Kelvin Hoefler<\/span> e <span class=\"xn-person\">Murilo Peres<\/span>, os quatro skatistas patrocinados pelo banco, far\u00e3o ampla divulga\u00e7\u00e3o das artes em suas redes sociais, engajando seus seguidores na escolha dos modelos preferidos.<\/p>\n<p>Os f\u00e3s da modalidade poder\u00e3o escolher sua arte favorita no site <a href=\"https:\/\/www.skatetotalurbe.com.br\" target=\"_blank\" rel=\"noopener\">https:\/\/www.skatetotalurbe.com.br<\/a>\u00a0e tamb\u00e9m presencialmente, durante o STU Open (Park e Street) &#8211; competi\u00e7\u00e3o que tem patroc\u00ednio do BV e ser\u00e1 realizada pela plataforma STU no m\u00eas de outubro, no <span class=\"xn-location\">Rio de Janeiro<\/span> (RJ). Nesta etapa do projeto e ao longo dos pr\u00f3ximos meses, a comunidade do skate poder\u00e1 opinar sobre quais benef\u00edcios gostaria de ter ao adquirir o cart\u00e3o.<\/p>\n<p>&#8220;O BV se consolidou como um banco atuante no skate brasileiro e chegou a hora de se conectar ainda mais com quem fomenta esse estilo de vida. Com o cart\u00e3o do skate nos aproximaremos ainda mais desta comunidade, que \u00e9 t\u00e3o representativa, e tamb\u00e9m movimentaremos outros segmentos importantes da modalidade, como a arte, por exemplo&#8221;, comenta <span class=\"xn-person\">Tiago Soares<\/span>, gerente executivo de Sustentabilidade e Brand Experience.<\/p>\n<p><b>Hist\u00f3rico no skate brasileiro:<\/b>\u00a0O BV come\u00e7ou sua atua\u00e7\u00e3o junto ao esporte brasileiro em 2018. Com diversas a\u00e7\u00f5es em diferentes modalidades, o banco investiu no skate com reformas de pistas, patroc\u00ednio a campeonatos como o STU e etapas de Mundial, al\u00e9m patroc\u00ednio de atletas, entre outras iniciativas.<\/p>\n<p>Foto &#8211;\u00a0<a href=\"https:\/\/mma.prnewswire.com\/media\/1892721\/imagemdivulgacao_bvnoskate_03.jpg\" target=\"_blank\" rel=\"noopener\">https:\/\/mma.prnewswire.com\/media\/1892721\/imagemdivulgacao_bvnoskate_03.jpg<\/a><\/p>\n<p>\u00a0<\/p>\n<div class=\"PRN_ImbeddedAssetReference\" id=\"DivAssetPlaceHolder0\"><\/div>\n<p>FONTE  <span class=\"xn-location\">BANCO<\/span> BV<\/p>\n<\/div>\n<p><img decoding=\"async\" alt=\"\" src=\"https:\/\/rt.prnewswire.com\/rt.gif?NewsItemId=PT64202&amp;Transmission_Id=202209061411PR_NEWS_LATAM____PT64202&amp;DateId=20220906\" \/><\/p>\n","protected":false},"excerpt":{"rendered":"PR NEWSWIRE Ap\u00f3s patroc\u00ednio a atletas e eventos de ponta, BV apresenta cart\u00e3o de cr\u00e9dito para skatistas PR Newswire S\u00c3O PAULO, 6 de setembro de 2022 Banco ser\u00e1 o primeiro no pa\u00eds a ter cart\u00e3o","protected":false},"author":1,"featured_media":40496,"comment_status":"closed","ping_status":"closed","sticky":false,"template":"","format":"standard","meta":{"_acf_changed":false,"inline_featured_image":false,"_monsterinsights_skip_tracking":false,"_monsterinsights_sitenote_active":false,"_monsterinsights_sitenote_note":"","_monsterinsights_sitenote_category":0,"footnotes":""},"categories":[30],"tags":[],"class_list":["post-40495","post","type-post","status-publish","format-standard","has-post-thumbnail","hentry","category-prnewsesportes"],"acf":[],"_links":{"self":[{"href":"https:\/\/bluestudio.estadao.com.br\/agencia-de-comunicacao\/wp-json\/wp\/v2\/posts\/40495","targetHints":{"allow":["GET"]}}],"collection":[{"href":"https:\/\/bluestudio.estadao.com.br\/agencia-de-comunicacao\/wp-json\/wp\/v2\/posts"}],"about":[{"href":"https:\/\/bluestudio.estadao.com.br\/agencia-de-comunicacao\/wp-json\/wp\/v2\/types\/post"}],"author":[{"embeddable":true,"href":"https:\/\/bluestudio.estadao.com.br\/agencia-de-comunicacao\/wp-json\/wp\/v2\/users\/1"}],"replies":[{"embeddable":true,"href":"https:\/\/bluestudio.estadao.com.br\/agencia-de-comunicacao\/wp-json\/wp\/v2\/comments?post=40495"}],"version-history":[{"count":0,"href":"https:\/\/bluestudio.estadao.com.br\/agencia-de-comunicacao\/wp-json\/wp\/v2\/posts\/40495\/revisions"}],"wp:featuredmedia":[{"embeddable":true,"href":"https:\/\/bluestudio.estadao.com.br\/agencia-de-comunicacao\/wp-json\/"}],"wp:attachment":[{"href":"https:\/\/bluestudio.estadao.com.br\/agencia-de-comunicacao\/wp-json\/wp\/v2\/media?parent=40495"}],"wp:term":[{"taxonomy":"category","embeddable":true,"href":"https:\/\/bluestudio.estadao.com.br\/agencia-de-comunicacao\/wp-json\/wp\/v2\/categories?post=40495"},{"taxonomy":"post_tag","embeddable":true,"href":"https:\/\/bluestudio.estadao.com.br\/agencia-de-comunicacao\/wp-json\/wp\/v2\/tags?post=40495"}],"curies":[{"name":"wp","href":"https:\/\/api.w.org\/{rel}","templated":true}]}}