{"id":40481,"date":"2022-09-19T12:13:00","date_gmt":"2022-09-19T12:13:00","guid":{"rendered":"https:\/\/patrocinados.estadao.com.br\/medialab\/agenciacomunicacao\/prnewswire\/prnewsinternacional\/international-meal-company-firmou-acordo-de-venda-de-us-40-milhoes-para-operacao-de-restaurantes-do-aeroporto-no-panama\/"},"modified":"2022-09-19T12:13:00","modified_gmt":"2022-09-19T12:13:00","slug":"international-meal-company-firmou-acordo-de-venda-de-us-40-milhoes-para-operacao-de-restaurantes-do-aeroporto-no-panama","status":"publish","type":"post","link":"https:\/\/bluestudio.estadao.com.br\/agencia-de-comunicacao\/prnewswire\/prnewsinternacional\/international-meal-company-firmou-acordo-de-venda-de-us-40-milhoes-para-operacao-de-restaurantes-do-aeroporto-no-panama\/","title":{"rendered":"International Meal Company firmou acordo de venda de US$ 40 milh\u00f5es para opera\u00e7\u00e3o de restaurantes do Aeroporto no Panam\u00e1"},"content":{"rendered":"<p><b>PR NEWSWIRE<\/b><\/p>\n<div class=\"xn-newslines\">\n<h1 class=\"xn-hedline\">International Meal Company firmou acordo de venda de US$ 40 milh\u00f5es para opera\u00e7\u00e3o de restaurantes do Aeroporto no Panam\u00e1<\/h1>\n<p class=\"xn-distributor\">PR Newswire<\/p>\n<p class=\"xn-dateline\">S\u00c3O PAULO, 19 de setembro de 2022<\/p>\n<\/div>\n<div class=\"xn-content\">\n<i>Negocia\u00e7\u00e3o envolve 13 lojas no <\/i><i>Terminal 1 e a concess\u00e3o para operar por 10 anos outras 11 unidades no Terminal 2, com inaugura\u00e7\u00e3o prevista para esse ano<\/i><\/p>\n<p><span class=\"legendSpanClass\">S\u00c3O PAULO<\/span>, <span class=\"legendSpanClass\">19 de setembro de 2022<\/span> \/PRNewswire\/ &#8212; A International Meal Company Alimenta\u00e7\u00e3o S.A.\u00a0(B3: MEAL3) firmou uma oferta de\u00a0venda para toda sua opera\u00e7\u00e3o do Aeroporto Internacional de Tocum\u00e9n, no Panam\u00e1, para a Inflight Holdings Cayman Ltd por <span class=\"xn-money\">US$ 40<\/span> milh\u00f5es. A proposta prev\u00ea a aquisi\u00e7\u00e3o integral da IMC Panam\u00e1, que abrange 13 lojas em funcionamento no Terminal 1 de passageiros e a concess\u00e3o para operar outras 11 unidades no Terminal 2, que tem previs\u00e3o de inaugura\u00e7\u00e3o ainda no terceiro trimestre deste ano.<\/p>\n<p>Esta negocia\u00e7\u00e3o \u00e9 um marco importante na execu\u00e7\u00e3o da estrat\u00e9gia da IMC, com impacto direto na simplifica\u00e7\u00e3o do neg\u00f3cio, que tem como objetivo extrair sinergias entre as opera\u00e7\u00f5es existentes e reduzir a complexidade de gest\u00e3o. Os recursos obtidos com a opera\u00e7\u00e3o ser\u00e3o destinados ao balanceamento da estrutura de capital e redu\u00e7\u00e3o da d\u00edvida.<\/p>\n<p>Atualmente, a IMC \u00e9 a maior operadora de restaurantes do Aeroporto de Tocum\u00e9n, com 60% das lojas do Terminal 1, e em 2021 registrou localmente vendas totais de <span class=\"xn-money\">US$ 14<\/span> milh\u00f5es. O valor da oferta equivale a aproximadamente 6x o EBITDA do ano passado.<\/p>\n<p>Para <span class=\"xn-person\">Alexandre Santoro<\/span>, CEO da IMC, a negocia\u00e7\u00e3o permite que a empresa fortale\u00e7a a posi\u00e7\u00e3o de caixa e reduza a complexidade de gest\u00e3o de seus ativos. &#8220;A sa\u00edda do Panam\u00e1 contribui diretamente para dois pilares importantes de nossa estrat\u00e9gia, que s\u00e3o a simplifica\u00e7\u00e3o do neg\u00f3cio e disciplina financeira. Iremos destinar os recursos para um melhor balanceamento da estrutura de capital e redu\u00e7\u00e3o da nossa d\u00edvida. Com isso, ficamos ainda mais fortes para acelerar a nossa agenda de transforma\u00e7\u00e3o, investindo na efici\u00eancia operacional e no desenvolvimento de nossas marcas&#8221;, diz ele.<\/p>\n<p>A conclus\u00e3o da venda, que depende da aprova\u00e7\u00e3o de credores e outras condi\u00e7\u00f5es precedentes, deve acontecer em meados de outubro deste ano. Em agosto, a IMC negociou a master franquia e a opera\u00e7\u00e3o das nove lojas do Carl&#8217;s Jr no Panam\u00e1 com a Excelencia Y Superaci\u00f3n S.A., pelo valor aproximado de <span class=\"xn-money\">US$ 2,1<\/span> milh\u00f5es.<\/p>\n<p>\u00a0<\/p>\n<p>FONTE  International Meal Company<\/p>\n<\/div>\n<p><img decoding=\"async\" alt=\"\" src=\"https:\/\/rt.prnewswire.com\/rt.gif?NewsItemId=PT77070&amp;Transmission_Id=202209191105PR_NEWS_LATAM____PT77070&amp;DateId=20220919\" \/><\/p>\n","protected":false},"excerpt":{"rendered":"PR NEWSWIRE International Meal Company firmou acordo de venda de US$ 40 milh\u00f5es para opera\u00e7\u00e3o de restaurantes do Aeroporto no Panam\u00e1 PR Newswire S\u00c3O PAULO, 19 de setembro de 2022 Negocia\u00e7\u00e3o","protected":false},"author":1,"featured_media":40482,"comment_status":"closed","ping_status":"closed","sticky":false,"template":"","format":"standard","meta":{"_acf_changed":false,"inline_featured_image":false,"_monsterinsights_skip_tracking":false,"_monsterinsights_sitenote_active":false,"_monsterinsights_sitenote_note":"","_monsterinsights_sitenote_category":0,"footnotes":""},"categories":[31],"tags":[],"class_list":["post-40481","post","type-post","status-publish","format-standard","has-post-thumbnail","hentry","category-prnewsinternacional"],"acf":[],"_links":{"self":[{"href":"https:\/\/bluestudio.estadao.com.br\/agencia-de-comunicacao\/wp-json\/wp\/v2\/posts\/40481","targetHints":{"allow":["GET"]}}],"collection":[{"href":"https:\/\/bluestudio.estadao.com.br\/agencia-de-comunicacao\/wp-json\/wp\/v2\/posts"}],"about":[{"href":"https:\/\/bluestudio.estadao.com.br\/agencia-de-comunicacao\/wp-json\/wp\/v2\/types\/post"}],"author":[{"embeddable":true,"href":"https:\/\/bluestudio.estadao.com.br\/agencia-de-comunicacao\/wp-json\/wp\/v2\/users\/1"}],"replies":[{"embeddable":true,"href":"https:\/\/bluestudio.estadao.com.br\/agencia-de-comunicacao\/wp-json\/wp\/v2\/comments?post=40481"}],"version-history":[{"count":0,"href":"https:\/\/bluestudio.estadao.com.br\/agencia-de-comunicacao\/wp-json\/wp\/v2\/posts\/40481\/revisions"}],"wp:featuredmedia":[{"embeddable":true,"href":"https:\/\/bluestudio.estadao.com.br\/agencia-de-comunicacao\/wp-json\/"}],"wp:attachment":[{"href":"https:\/\/bluestudio.estadao.com.br\/agencia-de-comunicacao\/wp-json\/wp\/v2\/media?parent=40481"}],"wp:term":[{"taxonomy":"category","embeddable":true,"href":"https:\/\/bluestudio.estadao.com.br\/agencia-de-comunicacao\/wp-json\/wp\/v2\/categories?post=40481"},{"taxonomy":"post_tag","embeddable":true,"href":"https:\/\/bluestudio.estadao.com.br\/agencia-de-comunicacao\/wp-json\/wp\/v2\/tags?post=40481"}],"curies":[{"name":"wp","href":"https:\/\/api.w.org\/{rel}","templated":true}]}}