{"id":40467,"date":"2022-09-20T12:12:00","date_gmt":"2022-09-20T12:12:00","guid":{"rendered":"https:\/\/patrocinados.estadao.com.br\/medialab\/agenciacomunicacao\/prnewswire\/prnewsinternacional\/como-realizar-o-descarte-de-medicamentos\/"},"modified":"2022-09-20T12:12:00","modified_gmt":"2022-09-20T12:12:00","slug":"como-realizar-o-descarte-de-medicamentos","status":"publish","type":"post","link":"https:\/\/bluestudio.estadao.com.br\/agencia-de-comunicacao\/prnewswire\/prnewsinternacional\/como-realizar-o-descarte-de-medicamentos\/","title":{"rendered":"Como realizar o descarte de medicamentos?"},"content":{"rendered":"<p><b>PR NEWSWIRE<\/b><\/p>\n<div class=\"xn-newslines\">\n<h1 class=\"xn-hedline\">Como realizar o descarte de medicamentos?<\/h1>\n<p class=\"xn-distributor\">PR Newswire<\/p>\n<p class=\"xn-dateline\">SAO PAULO, 20 de setembro de 2022<\/p>\n<\/div>\n<div class=\"xn-content\">\nEm S\u00e3o Paulo, maioria da popula\u00e7\u00e3o efetua procedimento de maneira inadequada<\/p>\n<p><span class=\"legendSpanClass\"><span class=\"xn-location\">SAO PAULO<\/span><\/span>, <span class=\"legendSpanClass\">20 de setembro de 2022<\/span> \/PRNewswire\/ &#8212;\u00a0<span>Especialistas apontam que a falta de &#8220;log\u00edstica reversa&#8221; por parte das autoridades sanit\u00e1rias influencia nesse quadro. Para <span class=\"xn-person\">Rodrigo Pereira<\/span>, farmac\u00eautico da empresa de log\u00edstica de medicamentos RV \u00cdmola, <\/span><span>&#8220;A unitariza\u00e7\u00e3o de medicamentos tem in\u00fameros benef\u00edcios para o sistema de dispensa\u00e7\u00e3o, como a redu\u00e7\u00e3o dos custos com a farmacoterapia. &#8220;<\/span><\/p>\n<p><span>Voc\u00ea j\u00e1 se deparou com um medicamento vencido ou que n\u00e3o precisava mais e n\u00e3o sabia o melhor local para descart\u00e1-lo? Desfazer-se de medicamentos \u00e9 um assunto s\u00e9rio e mesmo com campanhas de conscientiza\u00e7\u00e3o, a popula\u00e7\u00e3o, em sua maioria, efetua o descarte de forma inadequada.\u00a0<\/span><\/p>\n<p><span>Segundo levantamento das Faculdades Oswaldo Cruz, 75% da popula\u00e7\u00e3o de S\u00e3o Paulo descarta as medica\u00e7\u00f5es no lixo dom\u00e9stico e 6% na pia ou no vaso sanit\u00e1rio. Esses m\u00e9todos s\u00e3o danosos do ponto de vista da seguran\u00e7a e da sa\u00fade p\u00fablica. Al\u00e9m disso, t\u00eam potencial de contamina\u00e7\u00e3o do solo, do len\u00e7ol fre\u00e1tico e at\u00e9 de pessoas que manejam lixos. At\u00e9 mesmo os animais podem ser afetados.<\/span><\/p>\n<p><span>O Farmac\u00eautico <span class=\"xn-person\">Rodrigo Pereira<\/span> ainda completou, a respeito da unitariza\u00e7\u00e3o de medicamentos: &#8220;<\/span><span>Dessa forma, a quantidade de perdas reduz significativamente e apenas os medicamentos que ser\u00e3o utilizados s\u00e3o separados. Mas o principal benef\u00edcio \u00e9 a redu\u00e7\u00e3o de eventos adversos relacionados \u00e0 administra\u00e7\u00e3o de f\u00e1rmacos. Isto porque, ap\u00f3s o processo de individualiza\u00e7\u00e3o as medica\u00e7\u00f5es s\u00e3o etiquetadas com as informa\u00e7\u00f5es relevantes para garantir a rastreabilidade e auxiliar a enfermagem na prepara\u00e7\u00e3o e administra\u00e7\u00e3o desses produtos. &#8220;<\/span><\/p>\n<p><span>Ao encontrar um medicamento vencido em casa, voc\u00ea deve lev\u00e1-lo a postos de coleta, geralmente presentes em farm\u00e1cias ou unidades de sa\u00fade. Essa \u00e9 inclusive a recomenda\u00e7\u00e3o da ABNT, estabelecida pela Norma Brasileira de Log\u00edstica Reversa. De l\u00e1, os res\u00edduos ser\u00e3o descartados corretamente, sendo encaminhados para incineradores industriais. No processo, a fuma\u00e7a \u00e9 tratada para n\u00e3o gerar g\u00e1s t\u00f3xico.<\/span><\/p>\n<p><span>Outro dado que preocupa as autoridades no Brasil \u00e9 o de que desde 1994, os f\u00e1rmacos s\u00e3o os principais respons\u00e1veis pelos casos de intoxica\u00e7\u00e3o no pa\u00eds, de acordo com levantamentos do Sistema Nacional de Informa\u00e7\u00f5es T\u00f3xico-Farmacol\u00f3gicas (Sinitox). Isso se d\u00e1 pelo seu uso indevido e tamb\u00e9m pelo descarte incorreto.<\/span><\/p>\n<p>FONTE  RV \u00cdmola<\/p>\n<\/div>\n<p><img decoding=\"async\" alt=\"\" src=\"https:\/\/rt.prnewswire.com\/rt.gif?NewsItemId=PT71512&amp;Transmission_Id=202209201111PR_NEWS_LATAM____PT71512&amp;DateId=20220920\" \/><\/p>\n","protected":false},"excerpt":{"rendered":"PR NEWSWIRE Como realizar o descarte de medicamentos? PR Newswire SAO PAULO, 20 de setembro de 2022 Em S\u00e3o Paulo, maioria da popula\u00e7\u00e3o efetua procedimento de maneira inadequada SAO PAULO, 20 de","protected":false},"author":1,"featured_media":40468,"comment_status":"closed","ping_status":"closed","sticky":false,"template":"","format":"standard","meta":{"_acf_changed":false,"inline_featured_image":false,"_monsterinsights_skip_tracking":false,"_monsterinsights_sitenote_active":false,"_monsterinsights_sitenote_note":"","_monsterinsights_sitenote_category":0,"footnotes":""},"categories":[31],"tags":[],"class_list":["post-40467","post","type-post","status-publish","format-standard","has-post-thumbnail","hentry","category-prnewsinternacional"],"acf":[],"_links":{"self":[{"href":"https:\/\/bluestudio.estadao.com.br\/agencia-de-comunicacao\/wp-json\/wp\/v2\/posts\/40467","targetHints":{"allow":["GET"]}}],"collection":[{"href":"https:\/\/bluestudio.estadao.com.br\/agencia-de-comunicacao\/wp-json\/wp\/v2\/posts"}],"about":[{"href":"https:\/\/bluestudio.estadao.com.br\/agencia-de-comunicacao\/wp-json\/wp\/v2\/types\/post"}],"author":[{"embeddable":true,"href":"https:\/\/bluestudio.estadao.com.br\/agencia-de-comunicacao\/wp-json\/wp\/v2\/users\/1"}],"replies":[{"embeddable":true,"href":"https:\/\/bluestudio.estadao.com.br\/agencia-de-comunicacao\/wp-json\/wp\/v2\/comments?post=40467"}],"version-history":[{"count":0,"href":"https:\/\/bluestudio.estadao.com.br\/agencia-de-comunicacao\/wp-json\/wp\/v2\/posts\/40467\/revisions"}],"wp:featuredmedia":[{"embeddable":true,"href":"https:\/\/bluestudio.estadao.com.br\/agencia-de-comunicacao\/wp-json\/"}],"wp:attachment":[{"href":"https:\/\/bluestudio.estadao.com.br\/agencia-de-comunicacao\/wp-json\/wp\/v2\/media?parent=40467"}],"wp:term":[{"taxonomy":"category","embeddable":true,"href":"https:\/\/bluestudio.estadao.com.br\/agencia-de-comunicacao\/wp-json\/wp\/v2\/categories?post=40467"},{"taxonomy":"post_tag","embeddable":true,"href":"https:\/\/bluestudio.estadao.com.br\/agencia-de-comunicacao\/wp-json\/wp\/v2\/tags?post=40467"}],"curies":[{"name":"wp","href":"https:\/\/api.w.org\/{rel}","templated":true}]}}