{"id":40359,"date":"2022-09-13T04:48:00","date_gmt":"2022-09-13T04:48:00","guid":{"rendered":"https:\/\/patrocinados.estadao.com.br\/medialab\/?p=40359"},"modified":"2022-09-13T04:48:00","modified_gmt":"2022-09-13T04:48:00","slug":"iceye-industria-pode-dar-protagonismo-que-brasil-merece-no-setor-aeroespacial","status":"publish","type":"post","link":"https:\/\/bluestudio.estadao.com.br\/agencia-de-comunicacao\/agencia-geocracia\/iceye-industria-pode-dar-protagonismo-que-brasil-merece-no-setor-aeroespacial\/","title":{"rendered":"ICEYE: Ind\u00fastria pode dar protagonismo que Brasil merece no setor aeroespacial"},"content":{"rendered":"\n<p><strong>Por Ag\u00eancia Geocracia<\/strong><\/p>\n\n\n\n<p><strong>Ana Paula Cordeiro, VP para AL diz que pa\u00eds tem ambiente prop\u00edcio e &#8216;m\u00e3o de obra extremamente qualificada&#8217;.<\/strong><\/p>\n\n\n\n<p>L\u00edder global em monitoramento persistente com imagens radar, sobretudo sat\u00e9lites SAR (Radar de Abertura Sint\u00e9tica, na sigla em ingl\u00eas), a finlandesa ICEYE tem intensificado, nos \u00faltimos anos, sua estrat\u00e9gia de lan\u00e7amento de sat\u00e9lites para in\u00fameros clientes globais, incluindo a\u00ed o setor brasileiro de Defesa. S\u00f3 a For\u00e7a A\u00e9rea Brasileira opera dois sat\u00e9lites-radar, capazes de captar imagens mesmo em dias nublados, e que est\u00e3o sendo usados em projetos de monitoramento da Amaz\u00f4nia e de fronteiras.<br>Em entrevista \u00e0 Ag\u00eancia Geocracia, a vice-presidente da ICEYE para a Am\u00e9rica Latina, Ana Paula Cordeiro, diz que o Brasil tem grande potencial no setor aeroespacial, n\u00e3o s\u00f3 pela estrat\u00e9gica localiza\u00e7\u00e3o geogr\u00e1fica, mas tamb\u00e9m pelo patrim\u00f4nio intelectual das nossas universidades e institui\u00e7\u00f5es como a AEB (Ag\u00eancia Espacial Brasileira), o INPE (Instituto Nacional de Pesquisas Espaciais), a AIAB (Associa\u00e7\u00e3o das Ind\u00fastrias Aeroespaciais do Brasil), entre outras: &#8220;Vemos na regi\u00e3o um grande potencial e um ambiente prop\u00edcio para o desenvolvimento de novas tecnologias, com m\u00e3o de obra extremamente qualificada, a exemplo do polo aeroespacial em S\u00e3o Jos\u00e9 dos Campos&#8221;.<br>Respons\u00e1vel pelo desenvolvimento do mercado regional, com foco em industrializa\u00e7\u00e3o e parcerias locais no segmento New Space (no qual a iniciativa privada \u00e9 parceira dos projetos aeroespaciais), Ana Paula acredita que a estrat\u00e9gia de envolver a ind\u00fastria local pode &#8220;trazer o Brasil para o protagonismo que ele merece no setor. Condi\u00e7\u00f5es para isso esse pa\u00eds tem de sobra&#8221;, afirma a executiva, com mais de 20 anos de experi\u00eancia no desenvolvimento de mercados internacionais nas \u00e1reas de defesa e seguran\u00e7a.<br>Leia a seguir a entrevista na \u00edntegra<\/p>\n\n\n\n<p><strong>Desde julho, usu\u00e1rios governamentais e privados podem adquirir seus pr\u00f3prios sat\u00e9lites de imageamento radar da ICEYE e oper\u00e1-los de forma independente, ou contratar a empresa para gerenciar todo o sistema. Como funciona esta contrata\u00e7\u00e3o e quais s\u00e3o as suas vantagens?<\/strong><\/p>\n\n\n\n<p>A ICEYE possui um portf\u00f3lio de ofertas extremamente flex\u00edvel para clientes de diversos perfis, seja do segmento p\u00fablico ou privado. Ofertamos um amplo espectro de produtos, desde o fornecimento de imageamento SAR de alta qualidade e inigual\u00e1vel temporalidade, passando pela venda da capacidade da nossa pr\u00f3pria constela\u00e7\u00e3o, at\u00e9 o fornecimento de constela\u00e7\u00f5es completas autonomamente operadas pelos nossos clientes. Os benef\u00edcios auferidos pelos nossos clientes no segmento New Space s\u00e3o muito maiores se comparados ao Old Space tradicional. Oferecemos real custo-benef\u00edcio e total flexibilidade \u00e0s necessidades operacionais dos nossos clientes.<br>Um cliente com uma demanda alta e priorit\u00e1ria de imageamento persistente, por exemplo, pode contratar a capacidade de um sat\u00e9lite da constela\u00e7\u00e3o ICEYE, ou seja, a exclusividade das passagens daquele sat\u00e9lite sobre determinado territ\u00f3rio, dentro de um per\u00edodo pr\u00e9-fixado. Isso em um modelo de subscri\u00e7\u00e3o direto com a ICEYE. Neste caso, n\u00e3o \u00e9 necess\u00e1rio estabelecer uma onerosa estrutura para o gerenciamento do sistema espacial &#8212; o que incluiria, al\u00e9m de equipamentos sofisticados, a forma\u00e7\u00e3o e o treinamento de uma equipe dedicada &#8212; , j\u00e1 que isso seria de responsabilidade da pr\u00f3pria ICEYE. O cliente interessado em comprar a capacidade de um de nossos sat\u00e9lites tem acesso \u00e0 observa\u00e7\u00e3o de sua \u00e1rea de interesse em tempo quase real, com a possibilidade de planejar os ciclos de aquisi\u00e7\u00e3o de imagens, alterar modos de imageamento e usufruir de um fluxo constante de insumos SAR completamente adaptado a sua realidade operacional.<br>J\u00e1 os clientes que querem operar seus pr\u00f3prios sat\u00e9lites, t\u00eam a op\u00e7\u00e3o de adquirirem suas pr\u00f3prias constela\u00e7\u00f5es diretamente da ICEYE. Para esses clientes, a ICEYE oferece pacotes que incluem os pr\u00f3prios sat\u00e9lites SAR, toda a infraestrutura em solo, treinamento personalizado e fornecimento de analytics, customizando a solu\u00e7\u00e3o para a real necessidade do cliente.<br>E h\u00e1 tamb\u00e9m os clientes que necessitam apenas dos dados SAR. Para eles, colocamos \u00e0 disposi\u00e7\u00e3o a possibilidade de monitorar persistentemente qualquer \u00e1rea do mundo, seja de dia ou de noite, com diversos modos de imagem entregues em poucas horas a partir do imageamento. Isso \u00e9 feito a partir da nossa inigual\u00e1vel e crescente constela\u00e7\u00e3o SAR, a maior do mundo<br>Vale ressaltar que toda a evolu\u00e7\u00e3o tecnol\u00f3gica que a ICEYE desenvolve para a sua pr\u00f3pria constela\u00e7\u00e3o \u00e9 disponibilizada aos nossos clientes em um per\u00edodo curto, independente do produto que eles consomem. Novos modos de imagem, novas gera\u00e7\u00f5es de sat\u00e9lite, menor tempo de downlink. Nossa oferta ao mercado \u00e9 comercialmente flex\u00edvel e tecnologicamente relevante, o que traz benef\u00edcios imediatos para qualquer setor.<\/p>\n\n\n\n<p><strong>O Brasil tem at\u00e9 oito meses de c\u00e9us nublados por ano. Como os sat\u00e9lites SAR podem &#8220;ver&#8221; o solo durante a noite ou atrav\u00e9s de nuvens? Qual sua import\u00e2ncia para diversos segmentos econ\u00f4micos do Brasil?<\/strong><\/p>\n\n\n\n<p>A tecnologia SAR n\u00e3o depende da luz do sol e captura imagens atrav\u00e9s da pr\u00f3pria radia\u00e7\u00e3o. Por utilizar est\u00edmulos internos, sua atua\u00e7\u00e3o ocorre sem a interfer\u00eancia de ocorr\u00eancias externas.<br>A grande vantagem \u00e9 o fato de haver coleta de imagens da superf\u00edcie da Terra, independe das condi\u00e7\u00f5es meteorol\u00f3gicas ou de ilumina\u00e7\u00e3o. N\u00e3o importa se \u00e9 dia ou noite, se o tempo est\u00e1 ensolarado, nublado ou mesmo chuvoso: o resultado s\u00e3o imagens claras e de alta defini\u00e7\u00e3o, prontas para uso. Essa capacidade \u00e9 vital para emprego governamental e comercial em v\u00e1rios setores, incluindo seguros, resposta e recupera\u00e7\u00e3o por ocasi\u00e3o de cat\u00e1strofes naturais, seguran\u00e7a nacional, defesa, socorro humanit\u00e1rio e monitoramento de mudan\u00e7as clim\u00e1ticas.<br>Devido ao seu uso dual, as imagens coletadas pelos sat\u00e9lites da ICEYE ser\u00e3o \u00fateis para uma s\u00e9rie de institui\u00e7\u00f5es, como Minist\u00e9rio da Defesa, Comandos da Aeron\u00e1utica, Marinha e Ex\u00e9rcito, Minist\u00e9rio do Meio Ambiente, Minist\u00e9rio da Agricultura, Minist\u00e9rio da Ci\u00eancia, Tecnologia e Inova\u00e7\u00f5es, Minist\u00e9rio da Infraestrutura, Minist\u00e9rio da Justi\u00e7a, Minist\u00e9rio das Minas e Energia, Pol\u00edcia Federal, Pol\u00edcia Rodovi\u00e1ria Federal etc.<\/p>\n\n\n\n<p><strong>A constela\u00e7\u00e3o de sat\u00e9lites ICEYE foi projetada para revisitar rapidamente qualquer \u00e1rea do globo, permitindo a aquisi\u00e7\u00e3o de imagens de repeti\u00e7\u00e3o da trilha terrestre a partir do mesmo local &#8211; diariamente ou at\u00e9 mesmo v\u00e1rias vezes por dia. Isso possibilita identificar e monitorar mudan\u00e7as ter um in\u00e9dito tempo-resposta para eventos como desastres naturais, quest\u00f5es de seguran\u00e7a nacional e enchentes. O que esse monitoramento em tempo real possibilita, por exemplo, para munic\u00edpios que buscam intelig\u00eancia na gest\u00e3o de seus ativos?<\/strong><\/p>\n\n\n\n<p>Isso significa o ganho de agilidade e precis\u00e3o na detec\u00e7\u00e3o e preven\u00e7\u00e3o de desastres naturais, de movimenta\u00e7\u00f5es suspeitas em diversos segmentos, assim como mudan\u00e7as geogr\u00e1ficas, que podem indicar uma s\u00e9rie de quest\u00f5es importantes aos munic\u00edpios. E com a nossa inigual\u00e1vel constela\u00e7\u00e3o, esses dados podem ser entregues em poucas horas a partir da comunica\u00e7\u00e3o do cliente.<br>Com respostas r\u00e1pidas, os gestores p\u00fablicos e privados conseguem tomar decis\u00f5es mais assertivas e se adiantar a poss\u00edveis crises.<\/p>\n\n\n\n<p><strong>Quais s\u00e3o os planos da ICEYE para o Brasil e a Am\u00e9rica Latina nos pr\u00f3ximos anos?<\/strong><\/p>\n\n\n\n<p>Queremos oferecer aos brasileiros o acesso a esse segmento New Space imediatamente, trazendo o Brasil para o protagonismo que ele merece no setor. Condi\u00e7\u00f5es para isso esse pa\u00eds tem de sobra, n\u00e3o s\u00f3 pela excelente localiza\u00e7\u00e3o geogr\u00e1fica, que oferece op\u00e7\u00f5es fant\u00e1sticas para lan\u00e7amentos de sat\u00e9lites, por exemplo, mas tamb\u00e9m pelo patrim\u00f4nio intelectual das nossas universidades e institui\u00e7\u00f5es como a AEB, o INPE, a AIAB, entre outras, com todo seu conhecimento de ponta.<br>Vemos na regi\u00e3o um grande potencial e um ambiente prop\u00edcio para o desenvolvimento de novas tecnologias, com m\u00e3o-de-obra extremamente qualificada, a exemplo do polo aeroespacial em S\u00e3o Jos\u00e9 dos Campos.<br>Temos total interesse em nos estabelecer no pa\u00eds e torn\u00e1-lo um hub para a Am\u00e9rica Latina.<\/p>\n\n\n\n<p><strong>Qual \u00e9 sua opini\u00e3o sobre a ind\u00fastria espacial brasileira e o seu real potencial?<\/strong><\/p>\n\n\n\n<p>O Brasil tem grande potencial para crescer neste segmento. Temos aqui uma localiza\u00e7\u00e3o privilegiada, al\u00e9m de m\u00e3o de obra qualificada e patrim\u00f4nio intelectual indiscut\u00edvel.<br>Nosso compromisso \u00e9 servir o pa\u00eds e contribuir para o desenvolvimento ainda maior da nossa grande ind\u00fastria aeroespacial, em pleno alinhamento com as agendas de ci\u00eancia, tecnologia e inova\u00e7\u00e3o no Brasil. Queremos agregar a estrutura internacionalmente reconhecida que j\u00e1 existe, mas tamb\u00e9m inovar, buscar parcerias e criar projetos que alavanquem o potencial New Space do Brasil<\/p>\n","protected":false},"excerpt":{"rendered":"Por Ag\u00eancia Geocracia Ana Paula Cordeiro, VP para AL diz que pa\u00eds tem ambiente prop\u00edcio e &#8216;m\u00e3o de obra extremamente qualificada&#8217;. L\u00edder global em monitoramento persistente com imagens","protected":false},"author":3,"featured_media":40362,"comment_status":"closed","ping_status":"closed","sticky":false,"template":"","format":"standard","meta":{"_acf_changed":false,"inline_featured_image":false,"_monsterinsights_skip_tracking":false,"_monsterinsights_sitenote_active":false,"_monsterinsights_sitenote_note":"","_monsterinsights_sitenote_category":0,"footnotes":""},"categories":[26],"tags":[],"class_list":["post-40359","post","type-post","status-publish","format-standard","has-post-thumbnail","hentry","category-agencia-geocracia"],"acf":[],"_links":{"self":[{"href":"https:\/\/bluestudio.estadao.com.br\/agencia-de-comunicacao\/wp-json\/wp\/v2\/posts\/40359","targetHints":{"allow":["GET"]}}],"collection":[{"href":"https:\/\/bluestudio.estadao.com.br\/agencia-de-comunicacao\/wp-json\/wp\/v2\/posts"}],"about":[{"href":"https:\/\/bluestudio.estadao.com.br\/agencia-de-comunicacao\/wp-json\/wp\/v2\/types\/post"}],"author":[{"embeddable":true,"href":"https:\/\/bluestudio.estadao.com.br\/agencia-de-comunicacao\/wp-json\/wp\/v2\/users\/3"}],"replies":[{"embeddable":true,"href":"https:\/\/bluestudio.estadao.com.br\/agencia-de-comunicacao\/wp-json\/wp\/v2\/comments?post=40359"}],"version-history":[{"count":0,"href":"https:\/\/bluestudio.estadao.com.br\/agencia-de-comunicacao\/wp-json\/wp\/v2\/posts\/40359\/revisions"}],"wp:featuredmedia":[{"embeddable":true,"href":"https:\/\/bluestudio.estadao.com.br\/agencia-de-comunicacao\/wp-json\/wp\/v2\/media\/40362"}],"wp:attachment":[{"href":"https:\/\/bluestudio.estadao.com.br\/agencia-de-comunicacao\/wp-json\/wp\/v2\/media?parent=40359"}],"wp:term":[{"taxonomy":"category","embeddable":true,"href":"https:\/\/bluestudio.estadao.com.br\/agencia-de-comunicacao\/wp-json\/wp\/v2\/categories?post=40359"},{"taxonomy":"post_tag","embeddable":true,"href":"https:\/\/bluestudio.estadao.com.br\/agencia-de-comunicacao\/wp-json\/wp\/v2\/tags?post=40359"}],"curies":[{"name":"wp","href":"https:\/\/api.w.org\/{rel}","templated":true}]}}