{"id":39746,"date":"2022-06-24T12:35:33","date_gmt":"2022-06-24T12:35:33","guid":{"rendered":"https:\/\/patrocinados.estadao.com.br\/medialab\/?p=39746"},"modified":"2022-06-24T12:35:33","modified_gmt":"2022-06-24T12:35:33","slug":"diante-de-crise-economica-especialistas-apontam-identidade-digital-como-alavanca-para-geracao-de-novos-negocios","status":"publish","type":"post","link":"https:\/\/bluestudio.estadao.com.br\/agencia-de-comunicacao\/agencia-unico\/diante-de-crise-economica-especialistas-apontam-identidade-digital-como-alavanca-para-geracao-de-novos-negocios\/","title":{"rendered":"Diante de crise econ\u00f4mica, especialistas apontam Identidade digital como alavanca para gera\u00e7\u00e3o de novos neg\u00f3cios"},"content":{"rendered":"<p><b>Por Ag\u00eancia Unico<\/b><\/p>\n<p><strong>Diante de crise econ\u00f4mica, especialistas apontam Identidade digital como alavanca para gera\u00e7\u00e3o de novos neg\u00f3cios<\/strong><\/p>\n<p class=\"Normal0\">Setores p\u00fablico e privado podem utilizar tecnologias como o reconhecimento facial por biometria para reduzir fraudes, gerar confian\u00e7a e estimular acesso a bens e servi\u00e7os.<\/p>\n<p class=\"Normal0\">A identidade digital vai al\u00e9m de tirar uma foto do RG ou ter uma CNH digital. \u00c9 o alicerce que pode contribuir com o desenvolvimento da economia e tornar mais simples e seguras as opera\u00e7\u00f5es dentro de um pa\u00eds. Dados de levantamento in\u00e9dito realizado pela IDtech U<a href=\"https:\/\/unico.io\/\"><span style=\"color: windowtext; text-decoration: none; text-underline: none;\">nico<\/span><\/a> em parceria com o Instituto Locomotiva e apresentados no <a href=\"https:\/\/www.youtube.com\/watch?v=zg8kx-h8mtI\"><span style=\"color: windowtext; text-decoration: none; text-underline: none;\">Summit de Identidade Digital<\/span><\/a> mostram que 71% das pessoas no Brasil enxergam uma grande dificuldade de comprovar quem s\u00e3o no setor p\u00fablico. Mesmo nas empresas privadas, a percep\u00e7\u00e3o de que \u00e9 complicado se identificar \u00e9 elevada, atingindo 64%. O setor financeiro, mesmo que mais digitalizado, ainda n\u00e3o conseguiu atingir o n\u00edvel de simplicidade desejado pelas pessoas pois, 85% delas sentem dificuldades com os grandes bancos enquanto 55% delas ainda precisam provar quem s\u00e3o com os bancos digitais.<\/p>\n<p class=\"Normal0\">A digitaliza\u00e7\u00e3o do cotidiano, al\u00e9m das in\u00fameras facilidades e possibilidades, tamb\u00e9m abriu caminho para tentativas de golpes e pr\u00e1ticas fraudulentas. De um lado est\u00e3o as empresas visando n\u00e3o dificultar os processos para usu\u00e1rios leg\u00edtimos; do outro, h\u00e1 o consumidor que exige uma experi\u00eancia sem fric\u00e7\u00e3o em toda a sua jornada. \u201cHoje, em torno de 40% da sociedade, j\u00e1 teve algum problema com fraude de identidade, ou seja, algu\u00e9m j\u00e1 tentou se passar por voc\u00ea em alguma situa\u00e7\u00e3o\u201d, explica Paulo de Alencastro, cofundador e VP executivo da Unico.<\/p>\n<p class=\"Normal0\">O executivo tamb\u00e9m explica que o problema de confian\u00e7a no Brasil \u00e9 hist\u00f3rico, reprime o mercado e degrada experi\u00eancias com consumidores em diversos segmentos. \u201cPrecisamos destravar as rela\u00e7\u00f5es econ\u00f4micas entre empresas e consumidores. Grandes movimentos s\u00e3o paralisados por conta de preenchimento de muitos dados, formul\u00e1rios, SMS, autentica\u00e7\u00f5es, senhas ou at\u00e9 a falta de um documento. A identidade digital deixa isso muito mais fluido, do in\u00edcio ao fim, com uma experi\u00eancia mais din\u00e2mica, onde o consumidor consome mais pela praticidade e facilidade\u2019.<\/p>\n<p class=\"Normal0\">Oportunidade e inclus\u00e3o<\/p>\n<p class=\"Normal0\">A economia informal voltou a avan\u00e7ar em 2021 no Brasil, segundo o \u00cdndice de Economia Subterr\u00e2nea (IES), divulgado pelo Instituto Brasileiro de \u00c9tica Concorrencial (ETCO) e pelo Ibre\/FGV. A chamada &#8220;economia subterr\u00e2nea&#8221; movimentou R$ 1,3 trilh\u00e3o ao longo do ano \u2013 o equivalente a 16,8% do Produto Interno Bruto (PIB) do pa\u00eds.<\/p>\n<p class=\"Normal0\">Paralelamente, no \u00e2mbito do setor privado, a Ag\u00eancia Brasileira de Desenvolvimento Industrial (ABDI) e a Funda\u00e7\u00e3o Get\u00falio Vargas (FGV), fizeram uma pesquisa no ano passado para avaliar a maturidade digital de micro e pequenas empresas. De quase 3 mil respondentes (2.572 respostas de empresas), 66% das MPEs est\u00e3o em est\u00e1gios iniciais de maturidade digital, sendo 18% anal\u00f3gicas (n\u00edvel 1) e 48% emergentes (n\u00edvel 2).<\/p>\n<p class=\"Normal0\">A falta de inclus\u00e3o de pessoas no acesso a servi\u00e7os e maior participa\u00e7\u00e3o c\u00edvica \u00e9 outro grande gargalo que afeta a gera\u00e7\u00e3o de riqueza e de desenvolvimento econ\u00f4mico do pa\u00eds. \u201cA principal diferen\u00e7a entre a Est\u00f4nia e o Brasil \u00e9 a falta de uma lideran\u00e7a e de uma governan\u00e7a para colocar o tema da digitaliza\u00e7\u00e3o como pol\u00edtica p\u00fablica. Este \u00e9 um grande desafio e temos uma oportunidade de formalizar essas pessoas que est\u00e3o fora do sistema, para que a gente possa ter um aumento, inclusive, de gera\u00e7\u00e3o de riqueza. A identidade digital \u00e9 um caminho fundamental para que possamos avan\u00e7ar nessa inclus\u00e3o, nessa formaliza\u00e7\u00e3o e digitaliza\u00e7\u00e3o\u201d, afirma, Tatiana Ribeiro, Diretora-Executiva do Movimento Brasil Competitivo.<\/p>\n<p class=\"Normal0\">Est\u00f4nia: exemplo de governo digital<\/p>\n<p class=\"Normal0\">Erika Piirmets, conselheira de Transforma\u00e7\u00e3o Digital no e-Estonia Briefing Centre, apresentou como a Est\u00f4nia tornou-se refer\u00eancia mundial em governo digital. Foram cerca de tr\u00eas d\u00e9cadas para o pa\u00eds construir sua rota de digitaliza\u00e7\u00e3o com apoio de regulamenta\u00e7\u00f5es e servi\u00e7os acess\u00edveis em \u00e1reas remotas para a aplica\u00e7\u00e3o da identidade digital. No pa\u00eds, \u00e9 poss\u00edvel ter acesso a quase todos os servi\u00e7os p\u00fablicos de casa, sem precisar ir a nenhum \u00f3rg\u00e3o do governo e enfrentar filas e burocracia.<\/p>\n<p class=\"Normal0\">Cerca de 98% da popula\u00e7\u00e3o j\u00e1 possui a identidade digital e pode, pela internet, abrir empresas, pagar impostos, registrar rec\u00e9m-nascidos, fechar contratos, matricular o filho na escola, marcar consultas m\u00e9dicas e at\u00e9 mesmo votar. Essas medidas economizam anualmente na Est\u00f4nia aproximadamente 2% do PIB, o que no Brasil significaria aproximadamente R$120 bilh\u00f5es ao ano.<\/p>\n<p class=\"Normal0\">Erika tamb\u00e9m ressaltou que ao iniciarem o processo de digitaliza\u00e7\u00e3o, o governo da Est\u00f4nia, come\u00e7ou pela identidade digital. \u201cDiminu\u00edmos os n\u00fameros e identifica\u00e7\u00f5es tornando a vida dos nossos cidad\u00e3os mais f\u00e1cil. Come\u00e7amos a construir esta hist\u00f3ria nos anos 90, tudo foi feito do zero. Em 2001, tivemos nossa identidade digital. Foi um momento crucial em nossa hist\u00f3ria, com foco na tecnologia para promover servi\u00e7os alternativos. Usamos essa oportunidade para construirmos um pa\u00eds mais democr\u00e1tico, transparente e \u00e9tico. Ter servi\u00e7os digitalizados era a base para isso\u201d, conta.<\/p>\n","protected":false},"excerpt":{"rendered":"Por Ag\u00eancia Unico Diante de crise econ\u00f4mica, especialistas apontam Identidade digital como alavanca para gera\u00e7\u00e3o de novos neg\u00f3cios Setores p\u00fablico e privado podem utilizar tecnologias como o","protected":false},"author":3,"featured_media":40122,"comment_status":"closed","ping_status":"closed","sticky":false,"template":"","format":"standard","meta":{"_acf_changed":false,"inline_featured_image":false,"_monsterinsights_skip_tracking":false,"_monsterinsights_sitenote_active":false,"_monsterinsights_sitenote_note":"","_monsterinsights_sitenote_category":0,"footnotes":""},"categories":[32],"tags":[],"class_list":["post-39746","post","type-post","status-publish","format-standard","has-post-thumbnail","hentry","category-agencia-unico"],"acf":[],"_links":{"self":[{"href":"https:\/\/bluestudio.estadao.com.br\/agencia-de-comunicacao\/wp-json\/wp\/v2\/posts\/39746","targetHints":{"allow":["GET"]}}],"collection":[{"href":"https:\/\/bluestudio.estadao.com.br\/agencia-de-comunicacao\/wp-json\/wp\/v2\/posts"}],"about":[{"href":"https:\/\/bluestudio.estadao.com.br\/agencia-de-comunicacao\/wp-json\/wp\/v2\/types\/post"}],"author":[{"embeddable":true,"href":"https:\/\/bluestudio.estadao.com.br\/agencia-de-comunicacao\/wp-json\/wp\/v2\/users\/3"}],"replies":[{"embeddable":true,"href":"https:\/\/bluestudio.estadao.com.br\/agencia-de-comunicacao\/wp-json\/wp\/v2\/comments?post=39746"}],"version-history":[{"count":0,"href":"https:\/\/bluestudio.estadao.com.br\/agencia-de-comunicacao\/wp-json\/wp\/v2\/posts\/39746\/revisions"}],"wp:featuredmedia":[{"embeddable":true,"href":"https:\/\/bluestudio.estadao.com.br\/agencia-de-comunicacao\/wp-json\/wp\/v2\/media\/40122"}],"wp:attachment":[{"href":"https:\/\/bluestudio.estadao.com.br\/agencia-de-comunicacao\/wp-json\/wp\/v2\/media?parent=39746"}],"wp:term":[{"taxonomy":"category","embeddable":true,"href":"https:\/\/bluestudio.estadao.com.br\/agencia-de-comunicacao\/wp-json\/wp\/v2\/categories?post=39746"},{"taxonomy":"post_tag","embeddable":true,"href":"https:\/\/bluestudio.estadao.com.br\/agencia-de-comunicacao\/wp-json\/wp\/v2\/tags?post=39746"}],"curies":[{"name":"wp","href":"https:\/\/api.w.org\/{rel}","templated":true}]}}