{"id":38278,"date":"2021-08-09T19:13:00","date_gmt":"2021-08-09T19:13:00","guid":{"rendered":"https:\/\/patrocinados.estadao.com.br\/medialab\/agenciacomunicacao\/prnewswire\/prnewsinternacional\/selgron-entrega-o-maior-projeto-de-empacotamento-e-enfardamento-do-setor-acucareiro-da-america-latina\/"},"modified":"2021-08-09T19:13:00","modified_gmt":"2021-08-09T19:13:00","slug":"selgron-entrega-o-maior-projeto-de-empacotamento-e-enfardamento-do-setor-acucareiro-da-america-latina","status":"publish","type":"post","link":"https:\/\/bluestudio.estadao.com.br\/agencia-de-comunicacao\/prnewswire\/prnewsinternacional\/selgron-entrega-o-maior-projeto-de-empacotamento-e-enfardamento-do-setor-acucareiro-da-america-latina\/","title":{"rendered":"Selgron entrega o maior projeto de empacotamento e enfardamento do setor a\u00e7ucareiro da Am\u00e9rica Latina"},"content":{"rendered":"<p><b>PR NEWSWIRE<\/b><\/p>\n<div class=\"xn-newslines\">\n<h1 class=\"xn-hedline\">Selgron entrega o maior projeto de empacotamento e enfardamento do setor a\u00e7ucareiro da Am\u00e9rica Latina<\/h1>\n<h2 class=\"xn-hedline\">O projeto de uma unidade de alto desempenho foi desenhado para a Camil Alimentos, conhecida pela marca do a\u00e7\u00facar Uni\u00e3o<\/h2>\n<p class=\"xn-distributor\">PR Newswire<\/p>\n<p class=\"xn-dateline\">BLUMENAU, Brasil, 9 de agosto de 2021<\/p>\n<\/div>\n<div class=\"xn-content\">\nBLUMENAU, <span class=\"xn-location\">Brasil<\/span>, 9 de agosto de 2021 \/PRNewswire\/ &#8212; A Selgron entregou o maior projeto de empacotamento e enfardamento de uma das maiores empresas da Am\u00e9rica Latina do setor a\u00e7ucareiro, a Camil Alimentos, dona das marcas Uni\u00e3o e Da Barra. O objetivo da proposta foi montar uma unidade onde todo o processo de empacotamento e enfardamento fosse automatizado e de alto desempenho. <\/p>\n<p>Para a implementa\u00e7\u00e3o, foram utilizadas m\u00e1quinas desenvolvidas especialmente para o a\u00e7\u00facar, visando atingir a alta produtividade com este produto. De acordo com o supervisor da Selgron, Sandro Ricardo Corr\u00eaa, o maior desafio foi desenvolver um projeto para um produto com tantas particularidades. &#8220;Com todo o corpo t\u00e9cnico, criamos uma solu\u00e7\u00e3o para a Camil, com uma produtividade que o concorrente n\u00e3o conseguiu alcan\u00e7ar&#8221;, explica. <\/p>\n<p>As usinas de a\u00e7\u00facar s\u00e3o ambientes complexos em rela\u00e7\u00e3o ao calor, umidade e contamina\u00e7\u00e3o do ar. Dessa forma, os equipamentos precisam de um cuidado maior, porque os componentes se desgastam com facilidade, existe a necessidade de maior precis\u00e3o de peso e aumento do volume produzido. A Selgron conseguiu atender as exig\u00eancias e entregou m\u00e1quinas com a maior produtividade j\u00e1 alcan\u00e7ada neste mercado.<\/p>\n<p>O projeto se estendeu por mais de um ano, com a realiza\u00e7\u00e3o dos estudos, testes na planta antiga, layout da planta nova, instala\u00e7\u00e3o, fluxo de produ\u00e7\u00e3o e com muitas horas de engenharia em busca de atingir o objetivo do cliente. <\/p>\n<p>Segundo o gerente industrial da Camil, <span class=\"xn-person\">Adolfo Galler Frisanco<\/span>, as m\u00e1quinas oferecem facilidade operacional, o operador tem pouco contato com os maquin\u00e1rios e a assist\u00eancia t\u00e9cnica \u00e9 muito pr\u00f3xima. &#8220;As 50 m\u00e1quinas automatizadas entregam o produto pronto: codificado, soldado, selado e enfardado&#8221;, completa. <\/p>\n<p>A parceria entre a Selgron e a Camil para implementa\u00e7\u00e3o do maior projeto a\u00e7ucareiro teve como foco a proximidade com o cliente e a excel\u00eancia t\u00e9cnica, com a busca cont\u00ednua de melhoria nos processos e equipamentos. <\/p>\n<p \/>\n<p \/>\n<div class=\"PRN_ImbeddedAssetReference\" id=\"DivAssetPlaceHolder3330\">\n<a href=\"https:\/\/mma.prnewswire.com\/media\/1591230\/Sandro.html\" target=\"_blank\" rel=\"noopener\"><img decoding=\"async\" src=\"https:\/\/mma.prnewswire.com\/media\/1591230\/Sandro.jpg\" alt=\"Sandro Corr\u00eaa\" \/><\/a><\/p>\n<\/div>\n<p><b>Sobre a Selgron<\/b><\/p>\n<p>Com 30 anos, uma empresa 100% nacional, especializada na fabrica\u00e7\u00e3o de equipamentos para o agroneg\u00f3cio, \u00fanica na Am\u00e9rica Latina a oferecer solu\u00e7\u00f5es completas em classificadoras, selecionadoras \u00f3pticas, empacotadoras, agrupadoras, encaixotadoras e sistemas robotizados de paletiza\u00e7\u00e3o. Realiza investimentos constantes em pesquisa e desenvolvimento para a produ\u00e7\u00e3o de m\u00e1quinas para mais de 140 diferentes tipos de mat\u00e9ria-prima e exporta para mais de 40 pa\u00edses. <\/p>\n<p>O v\u00eddeo case completo est\u00e1 dispon\u00edvel no <a target=\"_blank\" href=\"https:\/\/youtu.be\/VIEw5KTDDhc\" rel=\"noopener\">canal do YouTube da Selgron<\/a>. <\/p>\n<p>Foto &#8211; <a target=\"_blank\" href=\"https:\/\/mma.prnewswire.com\/media\/1591230\/Sandro.jpg\" rel=\"noopener\">https:\/\/mma.prnewswire.com\/media\/1591230\/Sandro.jpg<\/a><\/p>\n<div class=\"PRN_ImbeddedAssetReference\" id=\"DivAssetPlaceHolder0\"><\/div>\n<p>FONTE  Selgron<\/p>\n<\/div>\n<p><img decoding=\"async\" alt=\"\" src=\"https:\/\/rt.prnewswire.com\/rt.gif?NewsItemId=PT69768&amp;Transmission_Id=202108091803PR_NEWS_LATAM____PT69768&amp;DateId=20210809\" \/><\/p>\n","protected":false},"excerpt":{"rendered":"PR NEWSWIRE Selgron entrega o maior projeto de empacotamento e enfardamento do setor a\u00e7ucareiro da Am\u00e9rica Latina O projeto de uma unidade de alto desempenho foi desenhado para a Camil Alimentos,","protected":false},"author":1,"featured_media":38279,"comment_status":"closed","ping_status":"closed","sticky":false,"template":"","format":"standard","meta":{"_acf_changed":false,"inline_featured_image":false,"_monsterinsights_skip_tracking":false,"_monsterinsights_sitenote_active":false,"_monsterinsights_sitenote_note":"","_monsterinsights_sitenote_category":0,"footnotes":""},"categories":[31],"tags":[],"class_list":["post-38278","post","type-post","status-publish","format-standard","has-post-thumbnail","hentry","category-prnewsinternacional"],"acf":[],"_links":{"self":[{"href":"https:\/\/bluestudio.estadao.com.br\/agencia-de-comunicacao\/wp-json\/wp\/v2\/posts\/38278","targetHints":{"allow":["GET"]}}],"collection":[{"href":"https:\/\/bluestudio.estadao.com.br\/agencia-de-comunicacao\/wp-json\/wp\/v2\/posts"}],"about":[{"href":"https:\/\/bluestudio.estadao.com.br\/agencia-de-comunicacao\/wp-json\/wp\/v2\/types\/post"}],"author":[{"embeddable":true,"href":"https:\/\/bluestudio.estadao.com.br\/agencia-de-comunicacao\/wp-json\/wp\/v2\/users\/1"}],"replies":[{"embeddable":true,"href":"https:\/\/bluestudio.estadao.com.br\/agencia-de-comunicacao\/wp-json\/wp\/v2\/comments?post=38278"}],"version-history":[{"count":0,"href":"https:\/\/bluestudio.estadao.com.br\/agencia-de-comunicacao\/wp-json\/wp\/v2\/posts\/38278\/revisions"}],"wp:featuredmedia":[{"embeddable":true,"href":"https:\/\/bluestudio.estadao.com.br\/agencia-de-comunicacao\/wp-json\/"}],"wp:attachment":[{"href":"https:\/\/bluestudio.estadao.com.br\/agencia-de-comunicacao\/wp-json\/wp\/v2\/media?parent=38278"}],"wp:term":[{"taxonomy":"category","embeddable":true,"href":"https:\/\/bluestudio.estadao.com.br\/agencia-de-comunicacao\/wp-json\/wp\/v2\/categories?post=38278"},{"taxonomy":"post_tag","embeddable":true,"href":"https:\/\/bluestudio.estadao.com.br\/agencia-de-comunicacao\/wp-json\/wp\/v2\/tags?post=38278"}],"curies":[{"name":"wp","href":"https:\/\/api.w.org\/{rel}","templated":true}]}}