{"id":38144,"date":"2021-08-05T14:43:00","date_gmt":"2021-08-05T14:43:00","guid":{"rendered":"https:\/\/patrocinados.estadao.com.br\/medialab\/agenciacomunicacao\/prnewswire\/prnewsinternacional\/dr-vinicius-stawinski-medicina-reprodutiva-oferece-tratamentos-de-fertilidade-para-homens-cadeirantes\/"},"modified":"2021-08-05T14:43:00","modified_gmt":"2021-08-05T14:43:00","slug":"dr-vinicius-stawinski-medicina-reprodutiva-oferece-tratamentos-de-fertilidade-para-homens-cadeirantes","status":"publish","type":"post","link":"https:\/\/bluestudio.estadao.com.br\/agencia-de-comunicacao\/prnewswire\/prnewsinternacional\/dr-vinicius-stawinski-medicina-reprodutiva-oferece-tratamentos-de-fertilidade-para-homens-cadeirantes\/","title":{"rendered":"Dr. Vinicius Stawinski medicina reprodutiva oferece tratamentos de fertilidade para homens cadeirantes"},"content":{"rendered":"<p><b>PR NEWSWIRE<\/b><\/p>\n<div class=\"xn-newslines\">\n<h1 class=\"xn-hedline\">Dr. Vinicius Stawinski medicina reprodutiva oferece tratamentos de fertilidade para homens cadeirantes<\/h1>\n<h2 class=\"xn-hedline\">Homens cadeirantes podem ser pais?<\/h2>\n<p class=\"xn-distributor\">PR Newswire<\/p>\n<p class=\"xn-dateline\">LONDRINA, Brasil, 5 de agosto de 2021<\/p>\n<\/div>\n<div class=\"xn-content\">\n<p> <span class=\"legendSpanClass\">LONDRINA, Brasil<\/span>, <span class=\"legendSpanClass\">5 de agosto de 2021<\/span> \/PRNewswire\/ &#8212; A fertiliza\u00e7\u00e3o in vitro \u00e9 o caminho para realizar o sonho da paternidade nestes casos, segundo o especialista em reprodu\u00e7\u00e3o humana dr. Vin\u00edcius Stawinski,<\/p>\n<div class=\"PRN_ImbeddedAssetReference\" id=\"DivAssetPlaceHolder1\">\n<a href=\"https:\/\/mma.prnewswire.com\/media\/1589356\/casal_homem_cadeirante_pai.html\" target=\"_blank\" rel=\"noopener\">  <img decoding=\"async\" src=\"https:\/\/mma.prnewswire.com\/media\/1589356\/casal_homem_cadeirante_pai.jpg\" alt=\"O casal Reiche com seus filhos g\u00eameos nascidos do tratamento de fertilidade.\" \/><\/a>\n <\/p>\n<\/p><\/div>\n<p>A esperan\u00e7a ao sonho de se tornar pai est\u00e1 na medicina reprodutiva. E o casal Fl\u00e1via <span class=\"xn-person\">Cristina Reiche<\/span> e <span class=\"xn-person\">Adriano Diniz Reiche<\/span> \u00e9 a prova disso. A farmac\u00eautica de 31 anos e o agricultor de 48 anos, moradores de Astorga (PR), s\u00e3o pais de Heitor e Enrico, de sete meses.<\/p>\n<p>&#8220;Quando h\u00e1 uma les\u00e3o no sistema nervoso, ao longo da medula espinhal, h\u00e1 uma perda da movimenta\u00e7\u00e3o das pernas e tamb\u00e9m pode comprometer o funcionamento de reflexos naturais como a ere\u00e7\u00e3o e a ejacula\u00e7\u00e3o. Por isso, muitos homens acreditam que o sonho de ser pai chegou ao fim. Mas a medicina reprodutiva nos permite ajudar na realiza\u00e7\u00e3o desse sonho!&#8221;, afirma o m\u00e9dico especialista em reprodu\u00e7\u00e3o assistida Vin\u00edcius Stawinski.<\/p>\n<p>&#8220;Atrav\u00e9s de uma pun\u00e7\u00e3o diretamente no test\u00edculo\/epid\u00eddimo do paciente, conseguimos obter os espermatozoides para utilizarmos na fertiliza\u00e7\u00e3o dos \u00f3vulos da companheira. E assim, com os embri\u00f5es formados, podemos realizar a transfer\u00eancia para dentro do \u00fatero!&#8221;, explica.<\/p>\n<p>Foi assim no caso de Fl\u00e1via e Adriano, que est\u00e3o casados h\u00e1 tr\u00eas anos. &#8220;Por conta da les\u00e3o medular, n\u00e3o poder\u00edamos ter filhos de forma natural. Ele sofreu um acidente de trabalho aos 14 anos na fazenda do meu sogro. Eu j\u00e1 tenho uma filha de 8 anos, mas meu marido n\u00e3o tinha filhos e sempre foi o sonho dele e meu termos uma fam\u00edlia grande. Desde quando come\u00e7amos a namorar j\u00e1 fal\u00e1vamos em ter filhos&#8221;, lembra a farmac\u00eautica.<\/p>\n<p>Em dezembro de 2019, fizeram a primeira consulta com o dr. Vin\u00edcius, em janeiro de 2020, come\u00e7aram a tomar vitaminas e fazer exames. Em junho, houve a transfer\u00eancia e o t\u00e3o esperado positivo.\u00a0 A gesta\u00e7\u00e3o foi gemelar, e precisou de muito repouso devido a um descolamento de placenta. Em janeiro de 2021, nasceram Heitor e Enrico, que hoje est\u00e3o com 7 meses. &#8220;O segredo para positivo \u00e9 paci\u00eancia, persist\u00eancia e f\u00e9 em Deus&#8221;, agradece a farmac\u00eautica.<\/p>\n<p>&#8220;A Fl\u00e1via e o Adriano s\u00e3o exemplos de que a ci\u00eancia e a medicina s\u00e3o o caminho. Gra\u00e7as a Deus, com a correta orienta\u00e7\u00e3o profissional, a realiza\u00e7\u00e3o do sonho de ter filhos \u00e9 poss\u00edvel&#8221;, finaliza o dr. Vin\u00edcius Stawinski.<\/p>\n<p> <a href=\"https:\/\/drviniciusstawinski.com.br\/\" target=\"_blank\" rel=\"noopener\">https:\/\/drviniciusstawinski.com.br\/<\/a>\n  <\/p>\n<p>Contato: +55(43) 99914-8272<\/p>\n<p>Foto &#8211;\u00a0<a href=\"https:\/\/mma.prnewswire.com\/media\/1589356\/casal_homem_cadeirante_pai.jpg\" target=\"_blank\" rel=\"noopener\">https:\/\/mma.prnewswire.com\/media\/1589356\/casal_homem_cadeirante_pai.jpg<\/a><\/p>\n<div class=\"PRN_ImbeddedAssetReference\" id=\"DivAssetPlaceHolder2\"><\/div>\n<p>FONTE  Dr. Vinicius Stawinski Medicina Reprodutiva<\/p>\n<\/div>\n<p><img decoding=\"async\" alt=\"\" src=\"https:\/\/rt.prnewswire.com\/rt.gif?NewsItemId=PT66606&amp;Transmission_Id=202108051340PR_NEWS_LATAM____PT66606&amp;DateId=20210805\" \/><\/p>\n","protected":false},"excerpt":{"rendered":"PR NEWSWIRE Dr. Vinicius Stawinski medicina reprodutiva oferece tratamentos de fertilidade para homens cadeirantes Homens cadeirantes podem ser pais? PR Newswire LONDRINA, Brasil, 5 de agosto de 2021","protected":false},"author":1,"featured_media":38145,"comment_status":"closed","ping_status":"closed","sticky":false,"template":"","format":"standard","meta":{"_acf_changed":false,"inline_featured_image":false,"_monsterinsights_skip_tracking":false,"_monsterinsights_sitenote_active":false,"_monsterinsights_sitenote_note":"","_monsterinsights_sitenote_category":0,"footnotes":""},"categories":[31],"tags":[],"class_list":["post-38144","post","type-post","status-publish","format-standard","has-post-thumbnail","hentry","category-prnewsinternacional"],"acf":[],"_links":{"self":[{"href":"https:\/\/bluestudio.estadao.com.br\/agencia-de-comunicacao\/wp-json\/wp\/v2\/posts\/38144","targetHints":{"allow":["GET"]}}],"collection":[{"href":"https:\/\/bluestudio.estadao.com.br\/agencia-de-comunicacao\/wp-json\/wp\/v2\/posts"}],"about":[{"href":"https:\/\/bluestudio.estadao.com.br\/agencia-de-comunicacao\/wp-json\/wp\/v2\/types\/post"}],"author":[{"embeddable":true,"href":"https:\/\/bluestudio.estadao.com.br\/agencia-de-comunicacao\/wp-json\/wp\/v2\/users\/1"}],"replies":[{"embeddable":true,"href":"https:\/\/bluestudio.estadao.com.br\/agencia-de-comunicacao\/wp-json\/wp\/v2\/comments?post=38144"}],"version-history":[{"count":0,"href":"https:\/\/bluestudio.estadao.com.br\/agencia-de-comunicacao\/wp-json\/wp\/v2\/posts\/38144\/revisions"}],"wp:featuredmedia":[{"embeddable":true,"href":"https:\/\/bluestudio.estadao.com.br\/agencia-de-comunicacao\/wp-json\/"}],"wp:attachment":[{"href":"https:\/\/bluestudio.estadao.com.br\/agencia-de-comunicacao\/wp-json\/wp\/v2\/media?parent=38144"}],"wp:term":[{"taxonomy":"category","embeddable":true,"href":"https:\/\/bluestudio.estadao.com.br\/agencia-de-comunicacao\/wp-json\/wp\/v2\/categories?post=38144"},{"taxonomy":"post_tag","embeddable":true,"href":"https:\/\/bluestudio.estadao.com.br\/agencia-de-comunicacao\/wp-json\/wp\/v2\/tags?post=38144"}],"curies":[{"name":"wp","href":"https:\/\/api.w.org\/{rel}","templated":true}]}}