{"id":37840,"date":"2021-07-30T18:58:00","date_gmt":"2021-07-30T18:58:00","guid":{"rendered":"https:\/\/patrocinados.estadao.com.br\/medialab\/agenciacomunicacao\/prnewswire\/prnewsinternacional\/a-top-model-brasileira-maria-rita-xavier-encanta-atraves-das-lentes-de-renomados-fotografos-da-europa\/"},"modified":"2021-07-30T18:58:00","modified_gmt":"2021-07-30T18:58:00","slug":"a-top-model-brasileira-maria-rita-xavier-encanta-atraves-das-lentes-de-renomados-fotografos-da-europa","status":"publish","type":"post","link":"https:\/\/bluestudio.estadao.com.br\/agencia-de-comunicacao\/prnewswire\/prnewsinternacional\/a-top-model-brasileira-maria-rita-xavier-encanta-atraves-das-lentes-de-renomados-fotografos-da-europa\/","title":{"rendered":"A Top Model Brasileira Maria Rita Xavier, encanta atrav\u00e9s das lentes de renomados fot\u00f3grafos da Europa"},"content":{"rendered":"<p><b>PR NEWSWIRE<\/b><\/p>\n<div class=\"xn-newslines\">\n<h1 class=\"xn-hedline\">A Top Model Brasileira Maria Rita Xavier, encanta atrav\u00e9s das lentes de renomados fot\u00f3grafos da Europa<\/h1>\n<p class=\"xn-distributor\">PR Newswire<\/p>\n<p class=\"xn-dateline\">FLORIAN\u00d3POLIS, Brasil, 30 de julho de 2021<\/p>\n<\/div>\n<div class=\"xn-content\">\n<p> <span class=\"legendSpanClass\">FLORIAN\u00d3POLIS, Brasil<\/span>, <span class=\"legendSpanClass\">30 de julho de 2021<\/span> <span>\/PRNewswire\/ &#8211;O mundo da moda est\u00e1 constantemente mudando e sempre surgem novos rostos. Mas alguns deles, mesmo com o passar do tempo, continuar\u00e3o sendo lembrados. Gra\u00e7as ao carisma, energia e beleza \u00fanica, essas modelos devem continuar nas capas de revistas e nas passarelas dos principais eventos da moda.<\/span><\/p>\n<div class=\"PRN_ImbeddedAssetReference\" id=\"DivAssetPlaceHolder1\">\n<a href=\"https:\/\/mma.prnewswire.com\/media\/1585571\/Maria_Rita_Xavier.html\" target=\"_blank\" rel=\"noopener\">  <img decoding=\"async\" src=\"https:\/\/mma.prnewswire.com\/media\/1585571\/Maria_Rita_Xavier.jpg\" alt=\"Maria Rita Xavier\" \/><\/a>\n <\/p>\n<\/p><\/div>\n<p> <span>A modelo <span class=\"xn-person\">Maria Rita Xavier<\/span> ser\u00e1 o novo rosto da moda brasileira e europeia, em breve. Nova aposta da moda, ela foi clicada pelas lente do renomado fot\u00f3grafo, \u00a0Glauber Bassi.<\/span>\n  <\/p>\n<p> <span><span class=\"xn-person\">Maria Xavier de<\/span> 20 anos, rec\u00e9m completados, \u00e9 um dos novos rostos da moda brasileira e internacional. A jovem criada no interior de S\u00e3o Paulo, fala sobre \u00a0brilhar nas passarelas e campanhas. Vivendo atualmente em <span class=\"xn-location\">Milano<\/span>, It\u00e1lia, ela saboreia o sucesso, tendo iniciado sua carreira aos 16 anos e, sempre estudando, nos melhores cursos de moda, teatro e tv.<\/span>\n  <\/p>\n<p> <span><span class=\"xn-person\">Maria Rita<\/span> declara: &#8221; Sei que \u00e9 um mercado extremamente competitivo, mas sempre foi meu sonho, desde nova, e, por isso, toda a minha dedica\u00e7\u00e3o em cursos que ajudem \u00e0 minha profiss\u00e3o escolhida e t\u00e3o almejada. E, finaliza: Sonhem alto, sonhem muito, pois, acontece dentro no nosso merecimento e profissionalismo&#8221;<\/span>\n  <\/p>\n<p> <span>Model: @<\/span>mariaritasx<br \/><span>Photographer: @glauberbassi<br \/><\/span><span>Advisory agency: @marciodemari<br \/><\/span><span>Press: <span class=\"xn-person\">Marcio Demari<\/span> \/ 48-98834-8552<\/span><\/p>\n<p> <span>Foto &#8211; <a href=\"https:\/\/mma.prnewswire.com\/media\/1585571\/Maria_Rita_Xavier.jpg\" target=\"_blank\" rel=\"noopener\">https:\/\/mma.prnewswire.com\/media\/1585571\/Maria_Rita_Xavier.jpg<\/a><\/span>\n  <\/p>\n<p>\u00a0<\/p>\n<div class=\"PRN_ImbeddedAssetReference\" id=\"DivAssetPlaceHolder2\"><\/div>\n<p>FONTE  Maria Rita Xavier<\/p>\n<\/div>\n<p><img decoding=\"async\" alt=\"\" src=\"https:\/\/rt.prnewswire.com\/rt.gif?NewsItemId=PT60809&amp;Transmission_Id=202107301750PR_NEWS_LATAM____PT60809&amp;DateId=20210730\" \/><\/p>\n","protected":false},"excerpt":{"rendered":"PR NEWSWIRE A Top Model Brasileira Maria Rita Xavier, encanta atrav\u00e9s das lentes de renomados fot\u00f3grafos da Europa PR Newswire FLORIAN\u00d3POLIS, Brasil, 30 de julho de 2021 FLORIAN\u00d3POLIS, Brasil, 30","protected":false},"author":1,"featured_media":37841,"comment_status":"closed","ping_status":"closed","sticky":false,"template":"","format":"standard","meta":{"_acf_changed":false,"inline_featured_image":false,"_monsterinsights_skip_tracking":false,"_monsterinsights_sitenote_active":false,"_monsterinsights_sitenote_note":"","_monsterinsights_sitenote_category":0,"footnotes":""},"categories":[31],"tags":[],"class_list":["post-37840","post","type-post","status-publish","format-standard","has-post-thumbnail","hentry","category-prnewsinternacional"],"acf":[],"_links":{"self":[{"href":"https:\/\/bluestudio.estadao.com.br\/agencia-de-comunicacao\/wp-json\/wp\/v2\/posts\/37840","targetHints":{"allow":["GET"]}}],"collection":[{"href":"https:\/\/bluestudio.estadao.com.br\/agencia-de-comunicacao\/wp-json\/wp\/v2\/posts"}],"about":[{"href":"https:\/\/bluestudio.estadao.com.br\/agencia-de-comunicacao\/wp-json\/wp\/v2\/types\/post"}],"author":[{"embeddable":true,"href":"https:\/\/bluestudio.estadao.com.br\/agencia-de-comunicacao\/wp-json\/wp\/v2\/users\/1"}],"replies":[{"embeddable":true,"href":"https:\/\/bluestudio.estadao.com.br\/agencia-de-comunicacao\/wp-json\/wp\/v2\/comments?post=37840"}],"version-history":[{"count":0,"href":"https:\/\/bluestudio.estadao.com.br\/agencia-de-comunicacao\/wp-json\/wp\/v2\/posts\/37840\/revisions"}],"wp:featuredmedia":[{"embeddable":true,"href":"https:\/\/bluestudio.estadao.com.br\/agencia-de-comunicacao\/wp-json\/"}],"wp:attachment":[{"href":"https:\/\/bluestudio.estadao.com.br\/agencia-de-comunicacao\/wp-json\/wp\/v2\/media?parent=37840"}],"wp:term":[{"taxonomy":"category","embeddable":true,"href":"https:\/\/bluestudio.estadao.com.br\/agencia-de-comunicacao\/wp-json\/wp\/v2\/categories?post=37840"},{"taxonomy":"post_tag","embeddable":true,"href":"https:\/\/bluestudio.estadao.com.br\/agencia-de-comunicacao\/wp-json\/wp\/v2\/tags?post=37840"}],"curies":[{"name":"wp","href":"https:\/\/api.w.org\/{rel}","templated":true}]}}