{"id":37160,"date":"2021-05-24T01:57:00","date_gmt":"2021-05-24T01:57:00","guid":{"rendered":"https:\/\/bluestudio.estadao.com.br\/agencia-de-comunicacao\/\/2021\/05\/24\/alfandega-de-dubai-e-autoridade-alfandegaria-federal-dos-emirados-arabes-unidos-organizam-reuniao-sobre-a-cadeia-de-suprimentos-e-comercio-durante-a-5a-conferencia-global-de-oea-da-oma\/"},"modified":"2021-05-24T01:57:00","modified_gmt":"2021-05-24T01:57:00","slug":"alfandega-de-dubai-e-autoridade-alfandegaria-federal-dos-emirados-arabes-unidos-organizam-reuniao-sobre-a-cadeia-de-suprimentos-e-comercio-durante-a-5a-conferencia-global-de-oea-da-oma","status":"publish","type":"post","link":"https:\/\/bluestudio.estadao.com.br\/agencia-de-comunicacao\/prnewswire\/prnewseconomia\/alfandega-de-dubai-e-autoridade-alfandegaria-federal-dos-emirados-arabes-unidos-organizam-reuniao-sobre-a-cadeia-de-suprimentos-e-comercio-durante-a-5a-conferencia-global-de-oea-da-oma\/","title":{"rendered":"Alf\u00e2ndega de Dubai e Autoridade Alfandeg\u00e1ria Federal dos Emirados \u00c1rabes Unidos organizam reuni\u00e3o sobre a cadeia de suprimentos e com\u00e9rcio, durante a 5\u00aa Confer\u00eancia Global de OEA da OMA"},"content":{"rendered":"<p><b>PR NEWSWIRE<\/b><\/p>\n<div class=\"xn-newslines\">\n<h1 class=\"xn-hedline\">Alf\u00e2ndega de Dubai e Autoridade Alfandeg\u00e1ria Federal dos Emirados \u00c1rabes Unidos organizam reuni\u00e3o sobre a cadeia de suprimentos e com\u00e9rcio, durante a 5\u00aa Confer\u00eancia Global de OEA da OMA<\/h1>\n<p class=\"xn-distributor\">PR Newswire<\/p>\n<p class=\"xn-dateline\">DUBAI, Emirados \u00c1rabes Unidos, 24 de maio de 2021<\/p>\n<\/div>\n<div class=\"xn-content\">\n<span class=\"xn-location\">DUBAI<\/span>, Emirados \u00c1rabes Unidos, 24 de maio de 2021 \/PRNewswire\/ &#8212; A Alf\u00e2ndega de <span class=\"xn-location\">Dubai<\/span> est\u00e1 organizando a 5<sup>\u00aa<\/sup> Confer\u00eancia de Operadores Econ\u00f4micos Autorizados Globais da OMA em coopera\u00e7\u00e3o com a Autoridade Alfandeg\u00e1ria Federal dos Emirados \u00c1rabes Unidos, a ser realizada virtualmente entre 25 e 27 de maio de 2021. A Confer\u00eancia re\u00fane todas as partes interessadas do com\u00e9rcio global para explorar os desafios, oportunidades e o caminho a seguir para o programa de Operadores Econ\u00f4micos Autorizados.<\/p>\n<div id=\"prni_dvprnejpg2923left\"><img decoding=\"async\" alt=\"HE Ahmed Mahboob Musabih, Director General of Dubai Customs, asserted Dubai?s progressive attitude toward the adoption of global trade systems, information exchange, and its readiness for strategic partnerships within the Mutual Recognition Agreement (MRA) framework of the AEO programme.\" src=\"https:\/\/mma.prnewswire.com\/media\/1515620\/Ahmed_Mahboob_Musabih.jpg\" \/><\/div>\n<p \/>\n<p \/>\nA confer\u00eancia \u00e9 realizada sob o t\u00edtulo &#8220;OEA 2.0: avan\u00e7o em dire\u00e7\u00e3o a novos horizontes para o com\u00e9rcio sustent\u00e1vel e seguro&#8221;, com um programa movimentado que inclui discursos de v\u00e1rios dignit\u00e1rios: SE Sult\u00e3o bin Sulayem<i>, <\/i>presidente e CEO do DP World Group, CEO de Portos, Alf\u00e2ndega e <span class=\"xn-person\">Zona Franca<\/span>, CEO da C\u00e2mara de Com\u00e9rcio Internacional ? <span class=\"xn-location\">Dubai<\/span>; SE Ahmed Mahboob Musabih, diretor geral da Alf\u00e2ndega de <span class=\"xn-location\">Dubai<\/span>, Dr. <span class=\"xn-person\">Kunio Mikuriya<\/span>, secret\u00e1rio-geral da Organiza\u00e7\u00e3o Mundial das Alf\u00e2ndegas, e o Professor <span class=\"xn-person\">David Widdowson<\/span>, CEO do Centro de Pesquisa Alfandeg\u00e1ria e Impostos de Consumo da Universidade de <span class=\"xn-person\">Charles Sturt<\/span>. <\/p>\n<p>SE Ahmed Mahboob Musabih, diretor geral da Alf\u00e2ndega de <span class=\"xn-location\">Dubai<\/span>, atribuiu a atitude progressiva de <span class=\"xn-location\">Dubai<\/span> em rela\u00e7\u00e3o \u00e0 ado\u00e7\u00e3o de sistemas de com\u00e9rcio global, troca de informa\u00e7\u00f5es e sua prontid\u00e3o para parcerias estrat\u00e9gicas dentro da estrutura dos Acordos de Reconhecimento M\u00fatuo (ARM) do programa AEO. Sua Excel\u00eancia, ent\u00e3o, acrescentou: &#8220;Escolher Dubai como anfitri\u00e3o virtual da Confer\u00eancia reflete sua posi\u00e7\u00e3o de l\u00edder global como facilitador do com\u00e9rcio, bem como sua posi\u00e7\u00e3o como parceiro confi\u00e1vel para a implementa\u00e7\u00e3o e desenvolvimento do programa Operador Econ\u00f4mico Autorizado.&#8221; <\/p>\n<p>O Dr. <span class=\"xn-person\">Kunio Mikuriya<\/span>, secret\u00e1rio-geral da Organiza\u00e7\u00e3o Mundial das Alf\u00e2ndegas, comentou dizendo: &#8220;A pandemia da Covid-19 demonstrou a import\u00e2ncia da parceria entre alf\u00e2ndegas e neg\u00f3cios ap\u00f3s uma interrup\u00e7\u00e3o sem precedentes do com\u00e9rcio mundial. A alf\u00e2ndega conseguiu lidar com as complexidades impostas pela pandemia e as restri\u00e7\u00f5es que ela imp\u00f5e \u00e0 coopera\u00e7\u00e3o, e esta confer\u00eancia nos permitir\u00e1 discutir as li\u00e7\u00f5es aprendidas e o caminho a seguir. O programa OEA cresceu consideravelmente desde que foi introduzido pela primeira vez em 2012, e temos testemunhado o desenvolvimento de programas nacionais de OEA, acordos de reconhecimento m\u00fatuo e outros tipos de coopera\u00e7\u00e3o sob o guarda-chuva do programa. Nesses tempos de incertezas, a OMA deseja reiterar seu compromisso de ajudar a comunidade alfandeg\u00e1ria enquanto trabalha para tornar o sistema de com\u00e9rcio global mais seguro, confi\u00e1vel e resiliente.&#8221;<\/p>\n<p>A Alf\u00e2ndega de <span class=\"xn-location\">Dubai<\/span> e a Autoridade Alfandeg\u00e1ria Federal dos Emirados \u00c1rabes Unidos anunciaram que as inscri\u00e7\u00f5es est\u00e3o abertas neste link: <a target=\"_blank\" href=\"http:\/\/www.aeoconference2021.com\/\" rel=\"noopener\">http:\/\/www.AEOConference2021.com<\/a><\/p>\n<p>Foto &#8211; <a target=\"_blank\" href=\"https:\/\/mma.prnewswire.com\/media\/1515620\/Ahmed_Mahboob_Musabih.jpg\" rel=\"noopener\">https:\/\/mma.prnewswire.com\/media\/1515620\/Ahmed_Mahboob_Musabih.jpg<\/a><\/p>\n<p>\u00a0<\/p>\n<p>FONTE  Dubai Customs<\/p>\n<\/div>\n<p><img decoding=\"async\" alt=\"\" src=\"https:\/\/rt.prnewswire.com\/rt.gif?NewsItemId=PT85788&amp;Transmission_Id=202105240055PR_NEWS_LATAM____PT85788&amp;DateId=20210524\" \/><\/p>\n","protected":false},"excerpt":{"rendered":"PR NEWSWIRE Alf\u00e2ndega de Dubai e Autoridade Alfandeg\u00e1ria Federal dos Emirados \u00c1rabes Unidos organizam reuni\u00e3o sobre a cadeia de suprimentos e com\u00e9rcio, durante a 5\u00aa Confer\u00eancia Global de OEA da","protected":false},"author":1,"featured_media":37161,"comment_status":"closed","ping_status":"closed","sticky":false,"template":"","format":"standard","meta":{"_acf_changed":false,"inline_featured_image":false,"_monsterinsights_skip_tracking":false,"_monsterinsights_sitenote_active":false,"_monsterinsights_sitenote_note":"","_monsterinsights_sitenote_category":0,"footnotes":""},"categories":[29],"tags":[],"class_list":["post-37160","post","type-post","status-publish","format-standard","has-post-thumbnail","hentry","category-prnewseconomia"],"acf":[],"_links":{"self":[{"href":"https:\/\/bluestudio.estadao.com.br\/agencia-de-comunicacao\/wp-json\/wp\/v2\/posts\/37160","targetHints":{"allow":["GET"]}}],"collection":[{"href":"https:\/\/bluestudio.estadao.com.br\/agencia-de-comunicacao\/wp-json\/wp\/v2\/posts"}],"about":[{"href":"https:\/\/bluestudio.estadao.com.br\/agencia-de-comunicacao\/wp-json\/wp\/v2\/types\/post"}],"author":[{"embeddable":true,"href":"https:\/\/bluestudio.estadao.com.br\/agencia-de-comunicacao\/wp-json\/wp\/v2\/users\/1"}],"replies":[{"embeddable":true,"href":"https:\/\/bluestudio.estadao.com.br\/agencia-de-comunicacao\/wp-json\/wp\/v2\/comments?post=37160"}],"version-history":[{"count":0,"href":"https:\/\/bluestudio.estadao.com.br\/agencia-de-comunicacao\/wp-json\/wp\/v2\/posts\/37160\/revisions"}],"wp:featuredmedia":[{"embeddable":true,"href":"https:\/\/bluestudio.estadao.com.br\/agencia-de-comunicacao\/wp-json\/"}],"wp:attachment":[{"href":"https:\/\/bluestudio.estadao.com.br\/agencia-de-comunicacao\/wp-json\/wp\/v2\/media?parent=37160"}],"wp:term":[{"taxonomy":"category","embeddable":true,"href":"https:\/\/bluestudio.estadao.com.br\/agencia-de-comunicacao\/wp-json\/wp\/v2\/categories?post=37160"},{"taxonomy":"post_tag","embeddable":true,"href":"https:\/\/bluestudio.estadao.com.br\/agencia-de-comunicacao\/wp-json\/wp\/v2\/tags?post=37160"}],"curies":[{"name":"wp","href":"https:\/\/api.w.org\/{rel}","templated":true}]}}