{"id":36796,"date":"2021-05-18T11:42:00","date_gmt":"2021-05-18T11:42:00","guid":{"rendered":""},"modified":"2021-05-18T11:42:00","modified_gmt":"2021-05-18T11:42:00","slug":"fia-foundation-os-governos-devem-se-comprometer-com-a-iniciativa-streets-for-life-limitando-a-velocidade-em-30-km-h-em-ruas-urbanas-para-cidades-propicias-a-vida-segundo-as-ongs-afirmam-as-agencias","status":"publish","type":"post","link":"https:\/\/bluestudio.estadao.com.br\/agencia-de-comunicacao\/prnewswire\/prnewsinternacional\/fia-foundation-os-governos-devem-se-comprometer-com-a-iniciativa-streets-for-life-limitando-a-velocidade-em-30-km-h-em-ruas-urbanas-para-cidades-propicias-a-vida-segundo-as-ongs-afirmam-as-agencias\/","title":{"rendered":"FIA Foundation: Os governos devem se comprometer com a iniciativa Streets for Life limitando a velocidade em 30 km\/h em ruas urbanas para cidades prop\u00edcias \u00e0 vida, segundo as ONGs afirmam \u00e0s ag\u00eancias globais"},"content":{"rendered":"<p><b>PR NEWSWIRE<\/b><\/p>\n<div class=\"xn-newslines\">\n<h1 class=\"xn-hedline\">FIA Foundation: Os governos devem se comprometer com a iniciativa Streets for Life limitando a velocidade em 30 km\/h em ruas urbanas para cidades prop\u00edcias \u00e0 vida, segundo as ONGs afirmam \u00e0s ag\u00eancias globais<\/h1>\n<p class=\"xn-distributor\">PR Newswire<\/p>\n<p class=\"xn-dateline\">LONDRES, 18 de maio de 2021<\/p>\n<\/div>\n<div class=\"xn-content\">\n <span \/>\n  <\/p>\n<p>LONDRES, 18 de maio de 2021 \/PRNewswire\/ &#8211; Os governos precisam urgentemente limitar a velocidade a 30 km\/h em ruas onde as pessoas caminham, vivem e se divertem, diz uma <span><a target=\"_blank\" href=\"https:\/\/bit.ly\/streets-for-life\" rel=\"noopener\">nova convoca\u00e7\u00e3o das principais ag\u00eancias globais, ONGs e formuladores de pol\u00edticas<\/a><\/span><span> como parte da resposta e recupera\u00e7\u00e3o do COVID-19 durante a campanha &#8220;Streets For Life&#8221; (Ruas para a Vida) para a <\/span><span><a target=\"_blank\" href=\"https:\/\/www.unroadsafetyweek.org\/en\/home\" rel=\"noopener\">Semana Global de Seguran\u00e7a no Tr\u00e2nsito da ONU (17 a 23 de maio)<\/a><\/span><span> e al\u00e9m.<\/span><\/p>\n<p><span>Uma confer\u00eancia de imprensa especial da Organiza\u00e7\u00e3o Mundial da Sa\u00fade (OMS) foi realizada pelo Dr. <span class=\"xn-person\">Tedros Adhanom Ghebreyesus<\/span>, Diretor-Geral da OMS, e <span class=\"xn-person\">Zoleka Mandela<\/span>, Embaixadora Global da <\/span><span><a target=\"_blank\" href=\"https:\/\/www.childhealthinitiative.org\/\" rel=\"noopener\">Children Health Initiative<\/a><\/span><span>.<\/span><\/p>\n<p><span>A campanha &#8220;Streets for Life&#8221; destaca os benef\u00edcios das ruas com tr\u00e2nsito de baixa velocidade em \u00e1reas urbanas para reduzir os acidentes, respons\u00e1veis por 1,35 milh\u00e3o de mortes por ano e principal causa de morte de jovens no mundo, e oferecer co-benef\u00edcios por meio de uma altern\u00e2ncia para caminhadas e ciclismo, proporcionando melhor qualidade de ar, a\u00e7\u00e3o clim\u00e1tica e equidade que s\u00e3o essenciais para a reconstru\u00e7\u00e3o ap\u00f3s a Covid-19. <\/span><\/p>\n<p><span>Os signat\u00e1rios da chamada para a a\u00e7\u00e3o incluem: Jayathma Wickramanayake, enviada especial do secret\u00e1rio-geral da ONU para a Juventude; <span class=\"xn-person\">Henrietta Fore<\/span>, Diretora Executiva, UNICEF; \u00c1ngela Mar\u00eda Orozco G\u00f3mez, Ministra dos Transportes da Col\u00f4mbia; <span class=\"xn-person\">James Wainaina Macharia<\/span>, Secret\u00e1rio de Gabinete para os Transportes, Qu\u00eania; Lord Robertson, Presidente da Funda\u00e7\u00e3o FIA; e <span class=\"xn-person\">Michelle Yeoh<\/span>, Atriz e Embaixadora da Boa Vontade do Programa de Desenvolvimento das Na\u00e7\u00f5es Unidas para os Objetivos Globais.<\/span><\/p>\n<p><span>A chamada para a a\u00e7\u00e3o \u00e9 apoiada pelo an\u00fancio de um <\/span><span><a target=\"_blank\" href=\"https:\/\/bit.ly\/AdvoHub\" rel=\"noopener\">fundo de 15 milh\u00f5es de euros para um centro de defesa de ruas seguras<\/a><\/span><span> pela filantropia de mobilidade global, a <\/span><span><a target=\"_blank\" href=\"https:\/\/www.fiafoundation.org\/\" rel=\"noopener\">Funda\u00e7\u00e3o FIA para apoiar a mudan\u00e7a da pol\u00edtica para ruas seguras e de baixa velocidade em todo o mundo.<\/a><\/span><\/p>\n<p><span>A velocidade contribui significativamente para as mortes por acidente de tr\u00e2nsito: \u00a0para cada aumento de 1 km\/h em velocidade, estima-se que haja um aumento de 4 a 5% nos acidentes fatais e que 1 em cada 3 mortes em acidentes de tr\u00e2nsito em pa\u00edses de alta renda seja atribu\u00edda \u00e0 velocidade. <\/span><\/p>\n<p><span>&#8220;Precisamos de uma nova vis\u00e3o para criar cidades seguras, saud\u00e1veis, verdes e habit\u00e1veis&#8221;, disse o Dr. Tedros. &#8220;As ruas de tr\u00e2nsito de baixa velocidade s\u00e3o uma parte importante dessa vis\u00e3o. \u00c0 medida que nos recuperarmos e nos reconstruirmos da COVID-19, devemos incentivar estradas mais seguras para um mundo mais seguro.&#8221; <\/span><\/p>\n<p><span>&#8220;Nossa chamada para a a\u00e7\u00e3o lan\u00e7ada hoje \u00e9 para ruas de tr\u00e2nsito de baixa velocidade em todas as comunidades, em todo o mundo. Convoco l\u00edderes em todos os n\u00edveis para participar da chamada para a a\u00e7\u00e3o. \u00c0 medida que reagimos e nos recuperamos da COVID-19, fa\u00e7amos com que nossas ruas sejam mais prop\u00edcias \u00e0 vida. Ajude as pessoas a chegar ao trabalho e \u00e0 escola com seguran\u00e7a. Ajude-as a levar uma vida mais saud\u00e1vel e produtiva. Nossas ruas s\u00e3o para as pessoas. Nossas ruas s\u00e3o para o nosso planeta. Nossas ruas s\u00e3o para a vida&#8221;, acrescentou a Sra. Mandela. <\/span><\/p>\n<p><span>Assista \u00e0 coletiva de imprensa completa aqui: <\/span><span><a target=\"_blank\" href=\"https:\/\/www.youtube.com\/watch?v=VuzZhc3YePA\" rel=\"noopener\">(1) briefing de m\u00eddia sobre a COVID-19 &#8211; YouTube<\/a><\/span><\/p>\n<p><span>A transcri\u00e7\u00e3o do diretor-geral em v\u00e1rios idiomas estar\u00e1 dispon\u00edvel aqui: <\/span><span><a target=\"_blank\" href=\"https:\/\/www.who.int\/emergencies\/diseases\/novel-coronavirus-2019\/media-resources\/press-briefings\" rel=\"noopener\">briefings para a imprensa (who.int\/pt\/home)<\/a><\/span><\/p>\n<p \/>\n<p \/>\n<span \/>\u00a0<\/p>\n<p>FONTE  FIA Foundation<\/p>\n<\/div>\n<p><img decoding=\"async\" alt=\"\" src=\"https:\/\/rt.prnewswire.com\/rt.gif?NewsItemId=PT80382&amp;Transmission_Id=202105181029PR_NEWS_LATAM____PT80382&amp;DateId=20210518\" \/><\/p>\n","protected":false},"excerpt":{"rendered":"PR NEWSWIRE FIA Foundation: Os governos devem se comprometer com a iniciativa Streets for Life limitando a velocidade em 30 km\/h em ruas urbanas para cidades prop\u00edcias \u00e0 vida, segundo as ONGs","protected":false},"author":1,"featured_media":36797,"comment_status":"closed","ping_status":"closed","sticky":false,"template":"","format":"standard","meta":{"_acf_changed":false,"inline_featured_image":false,"_monsterinsights_skip_tracking":false,"_monsterinsights_sitenote_active":false,"_monsterinsights_sitenote_note":"","_monsterinsights_sitenote_category":0,"footnotes":""},"categories":[31],"tags":[],"class_list":["post-36796","post","type-post","status-publish","format-standard","has-post-thumbnail","hentry","category-prnewsinternacional"],"acf":[],"_links":{"self":[{"href":"https:\/\/bluestudio.estadao.com.br\/agencia-de-comunicacao\/wp-json\/wp\/v2\/posts\/36796","targetHints":{"allow":["GET"]}}],"collection":[{"href":"https:\/\/bluestudio.estadao.com.br\/agencia-de-comunicacao\/wp-json\/wp\/v2\/posts"}],"about":[{"href":"https:\/\/bluestudio.estadao.com.br\/agencia-de-comunicacao\/wp-json\/wp\/v2\/types\/post"}],"author":[{"embeddable":true,"href":"https:\/\/bluestudio.estadao.com.br\/agencia-de-comunicacao\/wp-json\/wp\/v2\/users\/1"}],"replies":[{"embeddable":true,"href":"https:\/\/bluestudio.estadao.com.br\/agencia-de-comunicacao\/wp-json\/wp\/v2\/comments?post=36796"}],"version-history":[{"count":0,"href":"https:\/\/bluestudio.estadao.com.br\/agencia-de-comunicacao\/wp-json\/wp\/v2\/posts\/36796\/revisions"}],"wp:featuredmedia":[{"embeddable":true,"href":"https:\/\/bluestudio.estadao.com.br\/agencia-de-comunicacao\/wp-json\/"}],"wp:attachment":[{"href":"https:\/\/bluestudio.estadao.com.br\/agencia-de-comunicacao\/wp-json\/wp\/v2\/media?parent=36796"}],"wp:term":[{"taxonomy":"category","embeddable":true,"href":"https:\/\/bluestudio.estadao.com.br\/agencia-de-comunicacao\/wp-json\/wp\/v2\/categories?post=36796"},{"taxonomy":"post_tag","embeddable":true,"href":"https:\/\/bluestudio.estadao.com.br\/agencia-de-comunicacao\/wp-json\/wp\/v2\/tags?post=36796"}],"curies":[{"name":"wp","href":"https:\/\/api.w.org\/{rel}","templated":true}]}}