{"id":36484,"date":"2021-05-13T08:12:00","date_gmt":"2021-05-13T08:12:00","guid":{"rendered":"https:\/\/patrocinados.estadao.com.br\/medialab\/agenciacomunicacao\/prnewswire\/prnewsinternacional\/ouro-preto-investe-em-tecnologia-para-construir-novos-caminhos-alem-da-mineracao\/"},"modified":"2021-05-13T08:12:00","modified_gmt":"2021-05-13T08:12:00","slug":"ouro-preto-investe-em-tecnologia-para-construir-novos-caminhos-alem-da-mineracao","status":"publish","type":"post","link":"https:\/\/bluestudio.estadao.com.br\/agencia-de-comunicacao\/prnewswire\/prnewsinternacional\/ouro-preto-investe-em-tecnologia-para-construir-novos-caminhos-alem-da-mineracao\/","title":{"rendered":"Ouro Preto investe em tecnologia para construir novos caminhos al\u00e9m da minera\u00e7\u00e3o"},"content":{"rendered":"<p><b>PR NEWSWIRE<\/b><\/p>\n<div class=\"xn-newslines\">\n<h1 class=\"xn-hedline\">Ouro Preto investe em tecnologia para construir novos caminhos al\u00e9m da minera\u00e7\u00e3o<\/h1>\n<h2 class=\"xn-hedline\">Valin Week traz proposta de discutir food tech na cidade hist\u00f3rica, em evento a ser realizado em junho<\/h2>\n<p class=\"xn-distributor\">PR Newswire<\/p>\n<p class=\"xn-dateline\">OURO PRETO, Brasil, 13 de maio de 2021<\/p>\n<\/div>\n<div class=\"xn-content\">\n<span class=\"xn-person\">OURO PRETO<\/span>, <span class=\"xn-location\">Brasil<\/span>, 13 de maio de 2021 \/PRNewswire\/ &#8212; Constru\u00edda devido \u00e0 minera\u00e7\u00e3o de ouro, no s\u00e9culo XVIII, a tricenten\u00e1ria cidade de <span class=\"xn-person\">Ouro Preto<\/span> busca, h\u00e1 anos, novos caminhos para reduzir a sua depend\u00eancia econ\u00f4mica da explora\u00e7\u00e3o mineral na regi\u00e3o. E, se depender de sua comunidade de inova\u00e7\u00e3o, ser\u00e1 com ajuda da tecnologia e da produ\u00e7\u00e3o de &#8220;comida de verdade&#8221; que a antiga Vila Rica far\u00e1 hist\u00f3ria novamente em Minas Gerais. <\/p>\n<div class=\"PRN_ImbeddedAssetReference\" id=\"DivAssetPlaceHolder2029\">\n<a href=\"https:\/\/mma.prnewswire.com\/media\/1505676\/Valin_Ouro_Preto.html\" target=\"_blank\" rel=\"noopener\"><img decoding=\"async\" src=\"https:\/\/mma.prnewswire.com\/media\/1505676\/Valin_Ouro_Preto.jpg\" alt=\"\" \/><\/a><\/p>\n<\/div>\n<p>Marcado para acontecer entre os dias 20 e 26 de junho, o Valin Week, evento organizado pelo Valin ? Vale dos Inconfidentes, comunidade de inova\u00e7\u00e3o e tecnologia da regi\u00e3o hist\u00f3rica de Minas, contar\u00e1 com palestras, workshops, mentorias e podcasts sobre o tema <i>Food Tech<\/i>. Toda a programa\u00e7\u00e3o ser\u00e1 gratuita, on-line e com foco no que tem sido produzido de mais moderno no mercado de tecnologia e de alimenta\u00e7\u00e3o nas proximidades de <span class=\"xn-person\">Ouro Preto<\/span>. <\/p>\n<p>De acordo com o fundador e <i>community leader<\/i> do Valin, Kelson Douglas, a ideia de falar de tecnologia e comida est\u00e1 relacionada ao atual cen\u00e1rio da cidade. &#8220;Al\u00e9m de boa parte da arrecada\u00e7\u00e3o de <span class=\"xn-person\">Ouro Preto<\/span> vir hoje de empresas de base tecnol\u00f3gica, como a fintech <a target=\"_blank\" href=\"https:\/\/gerencianet.com.br\/?utm_source=pr-newswire&amp;utm_medium=release&amp;utm_campaign=valin-week\" rel=\"noopener\">Gerencianet<\/a>, o segmento de produtos agroecol\u00f3gicos tamb\u00e9m j\u00e1 se mostra importante para a economia local, ainda que pouco explorado&#8221;, diz. <\/p>\n<p>Ainda segundo Douglas, que tamb\u00e9m \u00e9 organizador do Valin Week, buscar formas de desenvolvimento que v\u00e3o al\u00e9m da minera\u00e7\u00e3o \u00e9 fundamental para o futuro da regi\u00e3o. &#8220;Em momentos de crise no mercado de minera\u00e7\u00e3o, como durante a queda dos pre\u00e7os das commodities, em 2014, e na \u00e9poca do rompimento da Barragem de Fund\u00e3o, em 2015, a economia de Mariana e <span class=\"xn-person\">Ouro Preto<\/span> foi bastante impactada pelas demiss\u00f5es e paralisa\u00e7\u00f5es das mineradoras, que tamb\u00e9m aquecem outros tipos de empreendimentos na regi\u00e3o. No entanto, em todos estes momentos, os segmentos locais de tecnologia e de produ\u00e7\u00e3o agroecol\u00f3gica continuaram de p\u00e9 e contratando. S\u00e3o mercados que j\u00e1 se mostraram extremamente resilientes e importantes para o nosso caminho rumo \u00e0 diversifica\u00e7\u00e3o econ\u00f4mica&#8221;, completa. <\/p>\n<p>Dentre os palestrantes do Valin Week, j\u00e1 foram confirmados nomes como o de <span class=\"xn-person\">Preta Emmeline<\/span>, gerente regional da Techstars no <span class=\"xn-location\">Brasil<\/span>, marca respons\u00e1vel pelo evento Startup Weekend no pa\u00eds, do escritor e soci\u00f3logo Carlos D\u00f3ria, autor de &#8220;A forma\u00e7\u00e3o da culin\u00e1ria brasileira&#8221;, e do empres\u00e1rio Giuliano Bittencout, CEO e fundador da BeGreen, a primeira fazenda urbana da Am\u00e9rica Latina. <\/p>\n<p><b>Cidade hist\u00f3rica, atraente e inteligente <\/b><\/p>\n<p>Figurando nos \u00faltimos anos nas listas de <a target=\"_blank\" href=\"https:\/\/ranking.connectedsmartcities.com.br\/resultados.php\" rel=\"noopener\">cidades mais inteligentes<\/a> do pa\u00eds, <span class=\"xn-person\">Ouro Preto<\/span>, que conta com diversas empresas de base tecnol\u00f3gica e startups em seu territ\u00f3rio, agora busca criar, manter e atrair m\u00e3o de obra qualificada e investidores para o munic\u00edpio. Para isso, al\u00e9m dos eventos do Valin, o poder p\u00fablico local tem se movimentado para tirar do papel o projeto de cria\u00e7\u00e3o de um espa\u00e7o de fomento tecnol\u00f3gico, assim como a pol\u00edtica municipal de incentivo \u00e0 inova\u00e7\u00e3o e \u00e0 tecnologia, e a\u00e7\u00f5es que prometem tornar este importante destino tur\u00edstico do pa\u00eds tamb\u00e9m um destino mais atraente para investimentos financeiros. <\/p>\n<p>&#8220;Al\u00e9m de organizar Valin Week, temos conversado com o poder p\u00fablico e com as empresas locais para colocarmos de p\u00e9 a primeira fase do <i>Game Cluster<\/i> Minas, um projeto para fomentar a cria\u00e7\u00e3o de jogos digitais e anal\u00f3gicos no estado a partir de <span class=\"xn-person\">Ouro Preto<\/span> e outras ideias que visam tornar a cidade mais atraente para quem vem de fora e quer, al\u00e9m de trabalhar e morar, encontrar aqui um leque de ofertas culturais t\u00e3o boas quantas as que s\u00e3o encontradas em grandes centros urbanos, como <span class=\"xn-location\">Belo Horizonte<\/span>&#8220;, explica Kelson. <\/p>\n<p>Para saber mais sobre o Valin Week acesse o <a target=\"_blank\" href=\"https:\/\/www.instagram.com\/valedosinconfidentes\/\" rel=\"noopener\">instagram do evento<\/a> ou o site do <a target=\"_blank\" href=\"http:\/\/valedosinconfidentes.com.br\/\" rel=\"noopener\">Vale dos Inconfidentes<\/a><\/p>\n<p>Foto &#8211; <a target=\"_blank\" href=\"https:\/\/mma.prnewswire.com\/media\/1505676\/Ouro_Preto.jpg\" rel=\"noopener\">https:\/\/mma.prnewswire.com\/media\/1505676\/Ouro_Preto.jpg<\/a><\/p>\n<div class=\"PRN_ImbeddedAssetReference\" id=\"DivAssetPlaceHolder0\"><\/div>\n<p>FONTE  Valin<\/p>\n<\/div>\n<p><img decoding=\"async\" alt=\"\" src=\"https:\/\/rt.prnewswire.com\/rt.gif?NewsItemId=PT70476&amp;Transmission_Id=202105130700PR_NEWS_LATAM____PT70476&amp;DateId=20210513\" \/><\/p>\n","protected":false},"excerpt":{"rendered":"PR NEWSWIRE Ouro Preto investe em tecnologia para construir novos caminhos al\u00e9m da minera\u00e7\u00e3o Valin Week traz proposta de discutir food tech na cidade hist\u00f3rica, em evento a ser realizado em junho","protected":false},"author":1,"featured_media":36485,"comment_status":"closed","ping_status":"closed","sticky":false,"template":"","format":"standard","meta":{"_acf_changed":false,"inline_featured_image":false,"_monsterinsights_skip_tracking":false,"_monsterinsights_sitenote_active":false,"_monsterinsights_sitenote_note":"","_monsterinsights_sitenote_category":0,"footnotes":""},"categories":[31],"tags":[],"class_list":["post-36484","post","type-post","status-publish","format-standard","has-post-thumbnail","hentry","category-prnewsinternacional"],"acf":[],"_links":{"self":[{"href":"https:\/\/bluestudio.estadao.com.br\/agencia-de-comunicacao\/wp-json\/wp\/v2\/posts\/36484","targetHints":{"allow":["GET"]}}],"collection":[{"href":"https:\/\/bluestudio.estadao.com.br\/agencia-de-comunicacao\/wp-json\/wp\/v2\/posts"}],"about":[{"href":"https:\/\/bluestudio.estadao.com.br\/agencia-de-comunicacao\/wp-json\/wp\/v2\/types\/post"}],"author":[{"embeddable":true,"href":"https:\/\/bluestudio.estadao.com.br\/agencia-de-comunicacao\/wp-json\/wp\/v2\/users\/1"}],"replies":[{"embeddable":true,"href":"https:\/\/bluestudio.estadao.com.br\/agencia-de-comunicacao\/wp-json\/wp\/v2\/comments?post=36484"}],"version-history":[{"count":0,"href":"https:\/\/bluestudio.estadao.com.br\/agencia-de-comunicacao\/wp-json\/wp\/v2\/posts\/36484\/revisions"}],"wp:featuredmedia":[{"embeddable":true,"href":"https:\/\/bluestudio.estadao.com.br\/agencia-de-comunicacao\/wp-json\/"}],"wp:attachment":[{"href":"https:\/\/bluestudio.estadao.com.br\/agencia-de-comunicacao\/wp-json\/wp\/v2\/media?parent=36484"}],"wp:term":[{"taxonomy":"category","embeddable":true,"href":"https:\/\/bluestudio.estadao.com.br\/agencia-de-comunicacao\/wp-json\/wp\/v2\/categories?post=36484"},{"taxonomy":"post_tag","embeddable":true,"href":"https:\/\/bluestudio.estadao.com.br\/agencia-de-comunicacao\/wp-json\/wp\/v2\/tags?post=36484"}],"curies":[{"name":"wp","href":"https:\/\/api.w.org\/{rel}","templated":true}]}}