{"id":35772,"date":"2021-05-04T16:13:00","date_gmt":"2021-05-04T16:13:00","guid":{"rendered":"http:\/\/patrocinados.estadao.com.br\/medialab\/agenciacomunicacao\/prnewswire\/prnewsinternacional\/astrazeneca-dia-da-asma-pandemia-da-covid-19-reforca-a-importancia-do-controle-da-doenca-que-acomete-a-20-milhoes-de-brasileiros\/"},"modified":"2021-05-04T16:13:00","modified_gmt":"2021-05-04T16:13:00","slug":"astrazeneca-dia-da-asma-pandemia-da-covid-19-reforca-a-importancia-do-controle-da-doenca-que-acomete-a-20-milhoes-de-brasileiros","status":"publish","type":"post","link":"https:\/\/bluestudio.estadao.com.br\/agencia-de-comunicacao\/prnewswire\/prnewsinternacional\/astrazeneca-dia-da-asma-pandemia-da-covid-19-reforca-a-importancia-do-controle-da-doenca-que-acomete-a-20-milhoes-de-brasileiros\/","title":{"rendered":"[ASTRAZENECA] Dia da Asma: pandemia da Covid-19 refor\u00e7a a import\u00e2ncia do controle da doen\u00e7a que acomete a 20 milh\u00f5es de brasileiros"},"content":{"rendered":"<p><b>PR NEWSWIRE<\/b><\/p>\n<div class=\"xn-newslines\">\n<h1 class=\"xn-hedline\">[ASTRAZENECA] Dia da Asma: pandemia da Covid-19 refor\u00e7a a import\u00e2ncia do controle da doen\u00e7a que acomete a 20 milh\u00f5es de brasileiros<\/h1>\n<h2 class=\"xn-hedline\">Informa\u00e7\u00e3o precisa e acompanhamento m\u00e9dico personalizado s\u00e3o essenciais para que o paciente reconhe\u00e7a os sintomas, gatilhos do ambiente e quando h\u00e1 uma crise de asma<\/h2>\n<p class=\"xn-distributor\">PR Newswire<\/p>\n<p class=\"xn-dateline\">S\u00c3O PAULO, 4 de maio de 2021<\/p>\n<\/div>\n<div class=\"xn-content\">\nS\u00c3O PAULO, 4 de maio de 2021 \/PRNewswire\/ &#8212;\u00a0Organizado pela Iniciativa Global Contra a Asma (Global Initiative for Asthma &#8211; GINA, em ingl\u00eas), a primeira ter\u00e7a-feira do m\u00eas de maio destaca uma das doen\u00e7as cr\u00f4nicas mais comuns entre os brasileiros, cujo controle se torna ainda mais relevante para mais de 20 milh\u00f5es de pessoas no pa\u00eds<sup>i<\/sup>, dado o cen\u00e1rio de pandemia da COVID-19. Segundo estimativas da Organiza\u00e7\u00e3o Mundial da Sa\u00fade (OMS)<sup>ii<\/sup>, mais de 339 milh\u00f5es de pessoas tem asma em todo o mundo e com registro de 417.918 mortes devido \u00e0 doen\u00e7a &#8211; dados globais de 2016.<\/p>\n<p>A asma se caracteriza pela inflama\u00e7\u00e3o e o estreitamento dos br\u00f4nquios, que limita a passagem do ar e dificulta o processo respirat\u00f3rio. Sua causa exata n\u00e3o \u00e9 conhecida<sup>iii<\/sup>, por\u00e9m alguns fatores ambientais e gen\u00e9ticos podem ser considerados gatilhos da asma, como a exposi\u00e7\u00e3o \u00e0 poeira, \u00e1caros, fungos, varia\u00e7\u00f5es clim\u00e1ticas, al\u00e9m de infec\u00e7\u00f5es virais &#8211; como o novo coronav\u00edrus. <\/p>\n<p>&#8220;\u00c9 importante que o tratamento da asma seja personalizado buscando um melhor controle da doen\u00e7a e atendendo a necessidade de cada paciente. A pandemia enfatizou a import\u00e2ncia da educa\u00e7\u00e3o sobre nossa condi\u00e7\u00e3o de sa\u00fade e, por isso, sabemos que um paciente com melhor entendimento sobre sua doen\u00e7a, conhece melhor os sintomas, fatores desencadeantes e\/ou irritantes e, tamb\u00e9m, sabe reconhecer quando h\u00e1 uma crise de asma, seguindo as recomenda\u00e7\u00f5es de seu m\u00e9dico&#8221;, explica?M\u00e1rcio <span class=\"xn-person\">Ferreira Penha<\/span>, TA Head do departamento Respirat\u00f3ria e Imunologia da AstraZeneca Brasil.<\/p>\n<p>Segundo a Sociedade Brasileira de Pneumologia e Tisiologia (SBPT)<sup>\u00a0iv<\/sup>, por tratar-se de um v\u00edrus respirat\u00f3rio, o novo coronav\u00edrus traz um potencial risco de exacerba\u00e7\u00e3o e piores desfechos da asma e da pr\u00f3pria COVID-19 em pacientes com a doen\u00e7a n\u00e3o controlada, ou seja, com o tratamento de manuten\u00e7\u00e3o inadequado. Dado que grande parte da popula\u00e7\u00e3o n\u00e3o \u00e9 asm\u00e1tica e n\u00e3o sabe como reconhecer uma crise de asma, a conscientiza\u00e7\u00e3o e a orienta\u00e7\u00e3o m\u00e9dica s\u00e3o essenciais. Por isso, cada caso deve ser analisado junto ao m\u00e9dico especialista, baseando-se nas melhores evid\u00eancias cient\u00edficas dispon\u00edveis at\u00e9 o momento &#8211; assim como orienta a SBPT.<\/p>\n<p>Outro ponto a ser considerado \u00e9 a exist\u00eancia de diferentes tipos de asma, fato que pode dificultar o diagn\u00f3stico preciso. Um pesquisa<sup>v<\/sup>\u00a0revelou que 82% dos asm\u00e1ticos demoram cerca de 5 anos para obter o diagn\u00f3stico correto e que 74% foi diagnosticado com algum tipo de bronquite, o que acaba minimizando o tratamento.<\/p>\n<p>&#8220;Sabemos que asma n\u00e3o tem cura, mas h\u00e1 tratamentos que controlam a doen\u00e7a e que podem oferecer bem-estar e melhora na qualidade de vida do paciente. Na situa\u00e7\u00e3o de pandemia em que vivemos, \u00e9 ainda mais importante que pacientes com doen\u00e7as respirat\u00f3rias cr\u00f4nicas, como a asma, sigam seus tratamentos como recomendado e mantenham sua asma controlada, evitando assim, crises e a piora de seus quadros cl\u00ednicos. Queremos uma popula\u00e7\u00e3o saud\u00e1vel e ativa, que tenha informa\u00e7\u00f5es adequadas para se cuidar e enfrentar um cen\u00e1rio de pandemia da melhor maneira poss\u00edvel&#8221;, ressalta M\u00e1rcio <span class=\"xn-person\">Ferreira Penha<\/span>, TA Head do departamento Respirat\u00f3ria e Imunologia da AstraZeneca Brasil.<\/p>\n<p><b>Sobre a AstraZeneca\u00a0<\/b>\u00a0<br \/>A AstraZeneca \u00e9?uma empresa\u00a0biofarmac\u00eautica,?voltada para inova\u00e7\u00e3o e?com foco?principal na?descoberta, desenvolvimento e comercializa\u00e7\u00e3o de?medicamentos\u00a0de prescri\u00e7\u00e3o, principalmente para o tratamento de doen\u00e7as em quatro principais linhas terap\u00eauticas &#8211; Oncologia, Doen\u00e7as Cardiovasculares, Renais &amp; Metab\u00f3licas e Respirat\u00f3ria. A companhia tamb\u00e9m atua nas \u00e1reas de autoimunidade e neuroci\u00eancia. A?AstraZeneca?est\u00e1 presente em mais de?100 pa\u00edses e seus medicamentos inovadores s\u00e3o usados por milh\u00f5es?de pacientes?em todo o mundo. Para mais informa\u00e7\u00f5es?acesse:?<a target=\"_blank\" href=\"http:\/\/www.astrazeneca.com.br\/\" rel=\"noopener\">www.astrazeneca.com.br<\/a>\u00a0<\/p>\n<p>Refer\u00eancias<br \/><u>____________<\/u><\/p>\n<p><sup>i<\/sup>\u00a0Biblioteca Virtual em Sa\u00fade \/ Minist\u00e9rio da Sa\u00fade: <a target=\"_blank\" href=\"https:\/\/bvsms.saude.gov.br\/ultimas-noticias\/3212-21-6-dia-nacional-de-controle-da-asma-2\" rel=\"noopener\">https:\/\/bvsms.saude.gov.br\/ultimas-noticias\/3212-21-6-dia-nacional-de-controle-da-asma-2<\/a> <br \/><sup>ii<\/sup>\u00a0World Health Report \/ World Health Organization ? 2018: <a target=\"_blank\" href=\"http:\/\/www.who.int\/respiratory\/asthma\/en\/\" rel=\"noopener\">http:\/\/www.who.int\/respiratory\/asthma\/en\/<\/a>\u00a0<br \/><sup>iii <\/sup>Sociedade Brasileira de Pneumologia e Tisiologia: <a target=\"_blank\" href=\"https:\/\/sbpt.org.br\/portal\/publico-geral\/doencas\/asma-perguntas-e-respostas\/\" rel=\"noopener\">https:\/\/sbpt.org.br\/portal\/publico-geral\/doencas\/asma-perguntas-e-respostas\/<\/a>\u00a0 <br \/><sup>iv<\/sup>\u00a0SBPT &#8211; Orienta\u00e7\u00f5es sobre asma durante a pandemia da Covid-19: <a target=\"_blank\" href=\"https:\/\/sbpt.org.br\/portal\/wp-content\/uploads\/2021\/02\/Asma-COVID-19-AMB-SBPT-ASBAI.pdf\" rel=\"noopener\">https:\/\/sbpt.org.br\/portal\/wp-content\/uploads\/2021\/02\/Asma-COVID-19-AMB-SBPT-ASBAI.pdf<\/a> <br \/><sup>v<\/sup>\u00a0Pesquisa Abril Intelig\u00eancia e AstraZeneca &#8211; &#8220;A asma na vis\u00e3o e na vida dos brasileiros&#8221; &#8211; out\/nov-2018: <a target=\"_blank\" href=\"https:\/\/pfarma.com.br\/coronavirus\/5634-asma-covid19.html\" rel=\"noopener\">https:\/\/pfarma.com.br\/coronavirus\/5634-asma-covid19.html<\/a>\u00a0 <br \/>Associa\u00e7\u00e3o Brasileira de Asm\u00e1ticos &#8211; S\u00e3o Paulo: <a target=\"_blank\" href=\"http:\/\/www.abrasaopaulo.org\/perguntas.asp\" rel=\"noopener\">http:\/\/www.abrasaopaulo.org\/perguntas.asp<\/a> <br \/>Dr. Drauzio Varella: <a target=\"_blank\" href=\"https:\/\/drauziovarella.uol.com.br\/doencas-e-sintomas\/asma\/\" rel=\"noopener\">https:\/\/drauziovarella.uol.com.br\/doencas-e-sintomas\/asma\/<\/a>\u00a0 <br \/>GINA no Brasil: <a target=\"_blank\" href=\"https:\/\/www.ginanobrasil.org.br\/mortes-por-asma-2016\/\" rel=\"noopener\">https:\/\/www.ginanobrasil.org.br\/mortes-por-asma-2016\/<\/a>\u00a0 <br \/>Pesquisa Nacional de Sa\u00fade (PNS) \/ Minist\u00e9rio da Sa\u00fade \/ Instituto Brasileiro de Geografia e Estat\u00edstica (IBGE): <a target=\"_blank\" href=\"https:\/\/www.pns.icict.fiocruz.br\/\" rel=\"noopener\">https:\/\/www.pns.icict.fiocruz.br\/<\/a> <br \/>Programa FazBem: <a target=\"_blank\" href=\"https:\/\/blog.programafazbem.com.br\/post\/conheca-o-conectar#:~:text=Mas%20o%20que%20%C3%A9%20esse,sobre%20a%20import%C3%A2ncia%20do%20tratamento\" rel=\"noopener\">https:\/\/blog.programafazbem.com.br\/post\/conheca-o-conectar#:~:text=Mas%20o%20que%20%C3%A9%20esse,sobre%20a%20import%C3%A2ncia%20do%20tratamento<\/a>\u00a0 <br \/>Sociedade Brasileira de Medicina de Fam\u00edlia e Comunidade ? SBMFC: <a target=\"_blank\" href=\"https:\/\/www.sbmfc.org.br\/noticias\/dia-mundial-de-combate-a-asma-5-de-maio-de-2020\/\" rel=\"noopener\">https:\/\/www.sbmfc.org.br\/noticias\/dia-mundial-de-combate-a-asma-5-de-maio-de-2020\/<\/a>\u00a0 <br \/>The Global Initiative for Asthma (GINA): <a target=\"_blank\" href=\"https:\/\/ginasthma.org\/about-us\/\" rel=\"noopener\">https:\/\/ginasthma.org\/about-us\/<\/a> <\/p>\n<p class=\"prntac\"><b>Material destinado a todos os p\u00fablicos. Produzido em maio\/2021. BR-12674<\/b><\/p>\n<p>\u00a0<\/p>\n<p>FONTE  AstraZeneca Brasil<\/p>\n<\/div>\n<p><img decoding=\"async\" alt=\"\" src=\"https:\/\/rt.prnewswire.com\/rt.gif?NewsItemId=PT65981&amp;Transmission_Id=202105041508PR_NEWS_LATAM____PT65981&amp;DateId=20210504\" \/><\/p>\n","protected":false},"excerpt":{"rendered":"PR NEWSWIRE [ASTRAZENECA] Dia da Asma: pandemia da Covid-19 refor\u00e7a a import\u00e2ncia do controle da doen\u00e7a que acomete a 20 milh\u00f5es de brasileiros Informa\u00e7\u00e3o precisa e acompanhamento m\u00e9dico","protected":false},"author":1,"featured_media":35773,"comment_status":"closed","ping_status":"closed","sticky":false,"template":"","format":"standard","meta":{"_acf_changed":false,"inline_featured_image":false,"_monsterinsights_skip_tracking":false,"_monsterinsights_sitenote_active":false,"_monsterinsights_sitenote_note":"","_monsterinsights_sitenote_category":0,"footnotes":""},"categories":[31],"tags":[],"class_list":["post-35772","post","type-post","status-publish","format-standard","has-post-thumbnail","hentry","category-prnewsinternacional"],"acf":[],"_links":{"self":[{"href":"https:\/\/bluestudio.estadao.com.br\/agencia-de-comunicacao\/wp-json\/wp\/v2\/posts\/35772","targetHints":{"allow":["GET"]}}],"collection":[{"href":"https:\/\/bluestudio.estadao.com.br\/agencia-de-comunicacao\/wp-json\/wp\/v2\/posts"}],"about":[{"href":"https:\/\/bluestudio.estadao.com.br\/agencia-de-comunicacao\/wp-json\/wp\/v2\/types\/post"}],"author":[{"embeddable":true,"href":"https:\/\/bluestudio.estadao.com.br\/agencia-de-comunicacao\/wp-json\/wp\/v2\/users\/1"}],"replies":[{"embeddable":true,"href":"https:\/\/bluestudio.estadao.com.br\/agencia-de-comunicacao\/wp-json\/wp\/v2\/comments?post=35772"}],"version-history":[{"count":0,"href":"https:\/\/bluestudio.estadao.com.br\/agencia-de-comunicacao\/wp-json\/wp\/v2\/posts\/35772\/revisions"}],"wp:featuredmedia":[{"embeddable":true,"href":"https:\/\/bluestudio.estadao.com.br\/agencia-de-comunicacao\/wp-json\/"}],"wp:attachment":[{"href":"https:\/\/bluestudio.estadao.com.br\/agencia-de-comunicacao\/wp-json\/wp\/v2\/media?parent=35772"}],"wp:term":[{"taxonomy":"category","embeddable":true,"href":"https:\/\/bluestudio.estadao.com.br\/agencia-de-comunicacao\/wp-json\/wp\/v2\/categories?post=35772"},{"taxonomy":"post_tag","embeddable":true,"href":"https:\/\/bluestudio.estadao.com.br\/agencia-de-comunicacao\/wp-json\/wp\/v2\/tags?post=35772"}],"curies":[{"name":"wp","href":"https:\/\/api.w.org\/{rel}","templated":true}]}}