{"id":35533,"date":"2021-04-30T23:28:00","date_gmt":"2021-04-30T23:28:00","guid":{"rendered":"http:\/\/patrocinados.estadao.com.br\/medialab\/agenciacomunicacao\/prnewswire\/prnewsinternacional\/modelo-trans-se-torna-aposta-na-moda-pelas-lentes-do-fotografo-glauber-bassi-por-sofia-rabello\/"},"modified":"2021-04-30T23:28:00","modified_gmt":"2021-04-30T23:28:00","slug":"modelo-trans-se-torna-aposta-na-moda-pelas-lentes-do-fotografo-glauber-bassi-por-sofia-rabello","status":"publish","type":"post","link":"https:\/\/bluestudio.estadao.com.br\/agencia-de-comunicacao\/prnewswire\/prnewsinternacional\/modelo-trans-se-torna-aposta-na-moda-pelas-lentes-do-fotografo-glauber-bassi-por-sofia-rabello\/","title":{"rendered":"Modelo Trans se torna aposta na moda pelas lentes do fot\u00f3grafo Glauber Bassi, por Sofia Rabello"},"content":{"rendered":"<p><b>PR NEWSWIRE<\/b><\/p>\n<div class=\"xn-newslines\">\n<h1 class=\"xn-hedline\">Modelo Trans se torna aposta na moda pelas lentes do fot\u00f3grafo Glauber Bassi, por Sofia Rabello<\/h1>\n<p class=\"xn-distributor\">PR Newswire<\/p>\n<p class=\"xn-dateline\">FLORIAN\u00d3POLIS, Brasil, 30 de abril de 2021<\/p>\n<\/div>\n<div class=\"xn-content\">\nFLORIAN\u00d3POLIS, <span class=\"xn-location\">Brasil<\/span>, 30 de abril de 2021 \/PRNewswire\/ &#8212;\u00a0Os tempos passaram e o mundo inteiro se reinventou. Isso n\u00e3o \u00e9 diferente com o universo da moda que se reformulou e hoje d\u00e1 espa\u00e7o para aquilo que merece seu verdadeiro destaque: a diversidade. <\/p>\n<div class=\"PRN_ImbeddedAssetReference\" id=\"DivAssetPlaceHolder1\">\n<a href=\"https:\/\/mma.prnewswire.com\/media\/1501349\/Sofia_Rabello.html\" target=\"_blank\" rel=\"noopener\">  <img decoding=\"async\" src=\"https:\/\/mma.prnewswire.com\/media\/1501349\/Sofia_Rabello.jpg\" alt=\"Model Sofia Rabello\" \/><\/a>\n <\/p>\n<\/p><\/div>\n<p>Isso n\u00e3o quer dizer que as modelos dos corpos perfeitos, da pele de p\u00eassego e do cabelo considerado &#8220;ideal&#8221; sumiram das passarelas, mas sim, que esse mundo tamb\u00e9m est\u00e1 dando espa\u00e7o merecido \u00e0s mulheres reais, que t\u00eam em seus diferenciais o detalhe faltante para dar um brilho novo \u00e0s passarelas, como as mulheres trans, negras e plus size.<\/p>\n<p>Anos atr\u00e1s, estas mulheres tiveram seus nomes riscados das poss\u00edveis modelos que poderiam desfilar nas passarelas mais famosas do mundo da moda e em eventos da alta costura por um motivo: o preconceito. Afinal, segundo a sociedade, elas n\u00e3o seriam o padr\u00e3o de beleza ideal e perfeito.<\/p>\n<p>O bom \u00e9 que o mundo mudou e a diversidade vem ganhando espa\u00e7o e entrando em cena como forma de dar sumi\u00e7o ao preconceito e &#8220;ol\u00e1&#8221; ao novo padr\u00e3o de beleza: o do amor pr\u00f3prio.<\/p>\n<p>Aos 19 anos e nascida em Itapissuma, Pernambuco, <span class=\"xn-person\">Sofia Rabello<\/span>, descobriu-se trans aos dez anos de idade e, desde ent\u00e3o, foi realizando sua transi\u00e7\u00e3o mas, n\u00e3o fez a cirurgia de resigna\u00e7\u00e3o sexual por se sentir confort\u00e1vel com seu corpo. Morando, atualmente, na It\u00e1lia, Sofia \u00e9 modelo, influencer e, ativista LGBYQ+. Sua fam\u00edlia, m\u00e3e e irm\u00e3os sempre a apoiaram em suas escolhas e a\u00e7\u00f5es.<\/p>\n<p>Nova aposta da moda, a modelo transexual foi clicada pelas lentes do renomado fot\u00f3grafo, <span class=\"xn-person\">Glauber Bassi<\/span>. <\/p>\n<p>Sofia quer seguir os passos da, tamb\u00e9m modelo, La\u00eds Ribeiro, \u00fanica brasileira hoje da Victoria&#8217;s Secret e de <span class=\"xn-person\">Valetina Sampaio<\/span>, outra representante trans nas passarelas.<\/p>\n<p>&#8220;Sei que \u00e9 um mercado disputado, mas \u00e9 um sonho para mim e, por isso, estou me dedicando e estudando bastante sobre a profiss\u00e3o. Espero construir uma carreira na moda e, com isso, que minha trajet\u00f3ria possa inspirar outras trans a conquistarem seus sonhos&#8221; ? disse <span class=\"xn-person\">Sofia Rabello<\/span>.<\/p>\n<p>&#8220;Meu sonho sempre foi trabalhar com a internet, pois foi onde eu me encontrei e n\u00e3o imaginei outra coisa, a n\u00e3o ser isso. A minha miss\u00e3o \u00e9 levar a representatividade trans onde eu for e mostrar que sou capaz de qualquer coisa, pois esse \u00e9 o meu grande desejo.&#8221;<\/p>\n<p>Ainda que a cultura seja algo impregnado na vida das pessoas e a vis\u00e3o de que o mundo n\u00e3o \u00e9 mais o mesmo de muitos anos atr\u00e1s (e faz tempo) ainda \u00e9 distorcida, o tema sobre modelos que fogem dos padr\u00f5es merece destaque e seu real lugar de fala.<\/p>\n<p>Por muitos anos, o mundo da moda n\u00e3o via as mulheres diferentes do padr\u00e3o imposto como poss\u00edveis modelos para as passarelas e capas de revista da alta costura, com destaque para as mulheres trans. Hoje, felizmente, o cen\u00e1rio \u00e9 outro. Assim, a diversidade vem ganhando muito mais espa\u00e7o, sendo ela a palavra que est\u00e1 definindo o amor dos consumidores por suas marcas.<\/p>\n<p>O que queremos dizer com isso? Marcas que investem na diversidade v\u00eam ganhando carinho, admira\u00e7\u00e3o e, claro, mais lucro por parte dos consumidores, que v\u00eaem na pr\u00f3pria empresa seus rostos espelhados, fazendo com que essas pessoas, que por muitos anos foram consideradas fora dos padr\u00f5es, se sintam parte de verdade daquele universo.<\/p>\n<p>A transexualidade sempre foi tratada como um tabu na sociedade. No entanto, mesmo que exista muito o que evoluir, a quest\u00e3o ganha novas propor\u00e7\u00f5es nos dias atuais. O mundo da moda \u00e9 um grande facilitador ao abrir espa\u00e7o para que diversos modelos trans despontem em passarelas e revistas<\/p>\n<p>A representatividade LGBTQ+ se faz necess\u00e1ria em todas as \u00e1reas e profiss\u00f5es, inclusive na moda. <\/p>\n<p><span class=\"xn-person\">Sofia Rabello<\/span> \u00e9 inspira\u00e7\u00e3o para muitos e, sempre usa a vontade de correr atr\u00e1s de seus sonhos para incentivar a outras transexuais.<\/p>\n<p>Morando na Prov\u00edncia Di Vicenza, na It\u00e1lia, atuante como modelo e influencer, com mais de 26 mil seguidores, em seu insta, @real.gabrielly2, \u00e9 amante das tend\u00eancias mais extravagantes e. admira o trabalho de Beyonc\u00e9 e <span class=\"xn-person\">Naomi Campbell<\/span> que, s\u00e3o suas inspira\u00e7\u00f5es e, diz que: &#8220;Desde o in\u00edcio, n\u00e3o foi f\u00e1cil e nem motivador, porque dei de cara com o preconceito, mas n\u00e3o desisti. Vi que era uma forma de lutar por mim e por outras pessoas que, assim como eu, sofrem preconceito por serem quem s\u00e3o.&#8221;<\/p>\n<p>As empresas v\u00eam aprendendo muito sobre a import\u00e2ncia de abra\u00e7arem as diferen\u00e7as e respeitarem a diversidade. \u00c9 um processo de evolu\u00e7\u00e3o e n\u00e3o precisam mais viver escondidas. Est\u00e3o na capa das revistas, passarelas da <span class=\"xn-person\">Alta Costura<\/span> e, inclusive, na Victoria&#8217;s Secret. <\/p>\n<p>&#8220;Procuro estar sempre focada para dar o meu melhor em todos os trabalhos. Fico muito grata por cada oportunidade, por cada um que me v\u00ea como ser humano, que me valoriza pela profissional que sou e que apoia a diversidade&#8221;, completa Sofia.<\/p>\n<p><b><span class=\"xn-person\">Sofia Rabello<\/span> \/ Instagram: @real.gabrielly2<br \/><\/b><b>Modelo\/ Influencer\/Ativista LGBTQ+<br \/><\/b><b>Fonte: <span class=\"xn-person\">Sofia Rabello<\/span> @real.gabrielly2<br \/><\/b><b>Modelo\/ Influencer\/Ativista LGBTQ+<br \/><\/b><b>Fot\u00f3grafo: <span class=\"xn-person\">Glauber Bassi<\/span> @glauberbassi<br \/><\/b><b>Assessoria: <span class=\"xn-person\">Marcio Demari<\/span> \/ Escrit\u00f3rio Digital: 48-9 8834-8552<br \/><\/b><b>Florian\u00f3polis \/ <span class=\"xn-location\">Santa Catarina<\/span> \/ <span class=\"xn-location\">Brasil<\/span><\/b><\/p>\n<p>Foto &#8211; <a target=\"_blank\" href=\"https:\/\/mma.prnewswire.com\/media\/1501349\/Sofia_Rabello.jpg\" rel=\"noopener\">https:\/\/mma.prnewswire.com\/media\/1501349\/Sofia_Rabello.jpg<\/a><\/p>\n<p><b><\/p>\n<p \/><\/b><\/p>\n<p \/>\n<div class=\"PRN_ImbeddedAssetReference\" id=\"DivAssetPlaceHolder2\"><\/div>\n<p>FONTE  Sofia Rabello<\/p>\n<\/div>\n<p><img decoding=\"async\" alt=\"\" src=\"https:\/\/rt.prnewswire.com\/rt.gif?NewsItemId=PT62839&amp;Transmission_Id=202104302221PR_NEWS_LATAM____PT62839&amp;DateId=20210430\" \/><\/p>\n","protected":false},"excerpt":{"rendered":"PR NEWSWIRE Modelo Trans se torna aposta na moda pelas lentes do fot\u00f3grafo Glauber Bassi, por Sofia Rabello PR Newswire FLORIAN\u00d3POLIS, Brasil, 30 de abril de 2021 FLORIAN\u00d3POLIS, Brasil, 30 de abril","protected":false},"author":1,"featured_media":35534,"comment_status":"closed","ping_status":"closed","sticky":false,"template":"","format":"standard","meta":{"_acf_changed":false,"inline_featured_image":false,"_monsterinsights_skip_tracking":false,"_monsterinsights_sitenote_active":false,"_monsterinsights_sitenote_note":"","_monsterinsights_sitenote_category":0,"footnotes":""},"categories":[31],"tags":[],"class_list":["post-35533","post","type-post","status-publish","format-standard","has-post-thumbnail","hentry","category-prnewsinternacional"],"acf":[],"_links":{"self":[{"href":"https:\/\/bluestudio.estadao.com.br\/agencia-de-comunicacao\/wp-json\/wp\/v2\/posts\/35533","targetHints":{"allow":["GET"]}}],"collection":[{"href":"https:\/\/bluestudio.estadao.com.br\/agencia-de-comunicacao\/wp-json\/wp\/v2\/posts"}],"about":[{"href":"https:\/\/bluestudio.estadao.com.br\/agencia-de-comunicacao\/wp-json\/wp\/v2\/types\/post"}],"author":[{"embeddable":true,"href":"https:\/\/bluestudio.estadao.com.br\/agencia-de-comunicacao\/wp-json\/wp\/v2\/users\/1"}],"replies":[{"embeddable":true,"href":"https:\/\/bluestudio.estadao.com.br\/agencia-de-comunicacao\/wp-json\/wp\/v2\/comments?post=35533"}],"version-history":[{"count":0,"href":"https:\/\/bluestudio.estadao.com.br\/agencia-de-comunicacao\/wp-json\/wp\/v2\/posts\/35533\/revisions"}],"wp:featuredmedia":[{"embeddable":true,"href":"https:\/\/bluestudio.estadao.com.br\/agencia-de-comunicacao\/wp-json\/"}],"wp:attachment":[{"href":"https:\/\/bluestudio.estadao.com.br\/agencia-de-comunicacao\/wp-json\/wp\/v2\/media?parent=35533"}],"wp:term":[{"taxonomy":"category","embeddable":true,"href":"https:\/\/bluestudio.estadao.com.br\/agencia-de-comunicacao\/wp-json\/wp\/v2\/categories?post=35533"},{"taxonomy":"post_tag","embeddable":true,"href":"https:\/\/bluestudio.estadao.com.br\/agencia-de-comunicacao\/wp-json\/wp\/v2\/tags?post=35533"}],"curies":[{"name":"wp","href":"https:\/\/api.w.org\/{rel}","templated":true}]}}