{"id":34997,"date":"2021-04-26T15:13:00","date_gmt":"2021-04-26T15:13:00","guid":{"rendered":"http:\/\/patrocinados.estadao.com.br\/medialab\/agenciacomunicacao\/prnewswire\/prnewsinternacional\/como-pode-profissionais-que-instalam-fazem-manutencao-e-operam-equipamentos-medicos-em-utis-nao-sao-elegiveis-para-vacinacao-de-covid-19\/"},"modified":"2021-04-26T15:13:00","modified_gmt":"2021-04-26T15:13:00","slug":"como-pode-profissionais-que-instalam-fazem-manutencao-e-operam-equipamentos-medicos-em-utis-nao-sao-elegiveis-para-vacinacao-de-covid-19","status":"publish","type":"post","link":"https:\/\/bluestudio.estadao.com.br\/agencia-de-comunicacao\/prnewswire\/prnewsinternacional\/como-pode-profissionais-que-instalam-fazem-manutencao-e-operam-equipamentos-medicos-em-utis-nao-sao-elegiveis-para-vacinacao-de-covid-19\/","title":{"rendered":"Como pode? Profissionais que instalam, fazem manuten\u00e7\u00e3o e operam equipamentos m\u00e9dicos em UTIs n\u00e3o s\u00e3o eleg\u00edveis para vacina\u00e7\u00e3o de COVID-19"},"content":{"rendered":"<div class=\"xn-newslines\">\n<h1 class=\"xn-hedline\">Como pode? Profissionais que instalam, fazem manuten\u00e7\u00e3o e operam equipamentos m\u00e9dicos em UTIs n\u00e3o s\u00e3o eleg\u00edveis para vacina\u00e7\u00e3o de COVID-19<\/h1>\n<h2 class=\"xn-hedline\">Aproximadamente tr\u00eas mil profissionais do setor de equipamentos m\u00e9dicos que visitam diariamente hospitais e est\u00e3o expostos ao v\u00edrus n\u00e3o integram o Plano Nacional de Imuniza\u00e7\u00e3o. E n\u00e3o por falta de pedidos de empresas e associa\u00e7\u00f5es.<\/h2>\n<p class=\"xn-distributor\">PR Newswire<\/p>\n<p class=\"xn-dateline\">S\u00c3O PAULO, 26 de abril de 2021<\/p>\n<\/div>\n<div class=\"xn-content\">\nS\u00c3O PAULO, 26 de abril de 2021 \/PRNewswire\/ &#8212; Equipamentos hospitalares como respiradores, ventiladores, tom\u00f3grafos e at\u00e9 mesmo camas hospitalares de UTIs nunca precisaram tanto estar em perfeito estado de funcionamento quanto nesta pandemia brutal, e assim contribuir para a sobreviv\u00eancia e o bem-estar dos pacientes. Para operarem bem, necessitam de manuten\u00e7\u00f5es peri\u00f3dicas e apoio operacional especializado em centros cir\u00fargicos e UTIs. Os profissionais que realizam este trabalho somam mais de tr\u00eas mil t\u00e9cnicos e engenheiros que visitam hospitais todos os dias. E, pasmem, n\u00e3o s\u00e3o considerados como profissionais de sa\u00fade no grupo priorit\u00e1rio de vacina\u00e7\u00e3o da COVID-19 pelo Plano Nacional de Imuniza\u00e7\u00e3o ? PNI.<\/p>\n<div class=\"PRN_ImbeddedAssetReference\" id=\"DivAssetPlaceHolder1\">\n<a href=\"https:\/\/mma.prnewswire.com\/media\/1496872\/Fernando.html\" target=\"_blank\" rel=\"noopener\">  <img decoding=\"async\" src=\"https:\/\/mma.prnewswire.com\/media\/1496872\/Fernando.jpg\" alt=\"\" \/><\/a>\n <\/p>\n<\/p><\/div>\n<p>A Associa\u00e7\u00e3o Brasileira da Ind\u00fastria de Alta Tecnologia em Produtos para Sa\u00fade (ABIMED) tem pleiteado desde janeiro a inclus\u00e3o destes profissionais no grupo priorit\u00e1rio, tanto via of\u00edcio quanto di\u00e1logo com as 26 Secretarias Estaduais de Sa\u00fade, com a Secretaria de Vigil\u00e2ncia em Sa\u00fade, o Conselho Nacional de Secret\u00e1rios de Sa\u00fade (CONASS), o Conselho de Secret\u00e1rios Municipais de Sa\u00fade do Estado de S\u00e3o Paulo (COSEMS\/SP) e at\u00e9 localmente, com a Secretaria Municipal da Sa\u00fade de S\u00e3o Paulo. Todas as respostas t\u00eam sido as mesmas: faltam vacinas e as secretarias seguem o PNI.<\/p>\n<p>&#8220;Sabemos que, na pr\u00e1tica, as secretarias poderiam atuar, pois o grupo \u00e9 relativamente pequeno, j\u00e1 o ganho \u00e9 enorme. E, numa federal, se o grupo integrar o PNI, certamente haver\u00e1 vacinas para eles. <span class=\"xn-person\">Mais de<\/span> 20% desses profissionais j\u00e1 pegaram Covid e outros tantos est\u00e3o afastados pela doen\u00e7a. Lamentavelmente, \u00f3bitos t\u00eam ocorrido. Com o afastamento dos t\u00e9cnicos, hospitais poder\u00e3o colapsar por aus\u00eancia de manuten\u00e7\u00e3o em equipamentos que n\u00e3o podem faltar neste momento&#8221;, diz <span class=\"xn-person\">Fernando Silveira Filho<\/span>, presidente executivo da ABIMED.<\/p>\n<p>Dois avan\u00e7os aconteceram ap\u00f3s a atua\u00e7\u00e3o da Associa\u00e7\u00e3o, mas ainda sem desdobramentos. Um deles foi a indica\u00e7\u00e3o do Deputado Estadual Frederico d&#8217;\u00c1vila \u00e0 Secret\u00e1ria Estadual da Sa\u00fade de S\u00e3o Paulo para inclus\u00e3o dos funcion\u00e1rios na campanha de vacina\u00e7\u00e3o. O outro foi a cria\u00e7\u00e3o do Projeto de Lei PL 1345\/2021, de autoria do Deputado Federal Pedro Westphalen, para condicionar o grupo \u00e0 prioriza\u00e7\u00e3o no PNI.<\/p>\n<p>Ainda sem retorno, a ABIMED se reuniu nesta quinta, 22, com representantes das empresas associadas que t\u00eam sofrido com a quest\u00e3o, vendo seus funcion\u00e1rios correrem risco ao fazerem seu trabalho, que \u00e9 contribuir para salvar vidas. &#8220;Como bem lembrou uma de nossas associadas, a atividade de t\u00e9cnicos de campo est\u00e1 na lista de atividades essenciais do Decreto Federal 10.282\/2021, artigo terceiro, par\u00e1grafo segundo. Ora, o que falta para reconhecerem que sem esses profissionais a pandemia pode piorar ainda mais?&#8221;, conta Fernando.<\/p>\n<p>Na reuni\u00e3o com os associados, diversas medidas foram avaliadas. Por ora, a ABIMED vai seguir buscando a inclus\u00e3o dos profissionais de campo na lista de prioridades em contato com o Legislativo e o Executivo para expor a situa\u00e7\u00e3o e convenc\u00ea-los da necessidade emergencial do pleito. Com a expectativa de retomada das cirurgias eletivas, a demanda pelos servi\u00e7os desse grupo sem d\u00favida ser\u00e1 ampliada&#8221;, finaliza Fernando.<\/p>\n<p><b>Sobre a ABIMED<\/b><\/p>\n<p>A Associa\u00e7\u00e3o Brasileira da Ind\u00fastria de Alta Tecnologia de Produtos para Sa\u00fade (ABIMED) congrega empresas nacionais e multinacionais que representam cerca de 65% do setor de equipamentos e dispositivos m\u00e9dicos no Brasil (0,6% do PIB nacional). A Associa\u00e7\u00e3o tem como princ\u00edpio contribuir para a promo\u00e7\u00e3o de um ambiente saud\u00e1vel, sustent\u00e1vel e prop\u00edcio \u00e0 inova\u00e7\u00e3o tecnol\u00f3gica e \u00e0 competitividade de suas associadas nos mercados local e global, bem como contribuir para o desenvolvimento do setor de sa\u00fade no Brasil, com foco no paciente, propiciando \u00e0 popula\u00e7\u00e3o brasileira acesso a tecnologias de sa\u00fade inovadoras e de alta performance. A ABIMED possui em seu DNA a \u00e9tica e a transpar\u00eancia que pautam sua atua\u00e7\u00e3o na representa\u00e7\u00e3o da ind\u00fastria, sendo a primeira entidade do setor a lan\u00e7ar um C\u00f3digo de Conduta para seus associados.<\/p>\n<p>Foto &#8211; <a target=\"_blank\" href=\"https:\/\/mma.prnewswire.com\/media\/1496872\/Fernando.jpg\" rel=\"noopener\">https:\/\/mma.prnewswire.com\/media\/1496872\/Fernando.jpg<\/a><\/p>\n<div class=\"PRN_ImbeddedAssetReference\" id=\"DivAssetPlaceHolder2\"><\/div>\n<p>FONTE  ABIMED<\/p>\n<\/div>\n<p><img decoding=\"async\" alt=\"\" src=\"https:\/\/rt.prnewswire.com\/rt.gif?NewsItemId=PT55743&amp;Transmission_Id=202104261359PR_NEWS_LATAM____PT55743&amp;DateId=20210426\" \/><\/p>\n<p>PR NEWSWIRE<\/p>\n","protected":false},"excerpt":{"rendered":"Como pode? Profissionais que instalam, fazem manuten\u00e7\u00e3o e operam equipamentos m\u00e9dicos em UTIs n\u00e3o s\u00e3o eleg\u00edveis para vacina\u00e7\u00e3o de COVID-19 Aproximadamente tr\u00eas mil profissionais do setor de","protected":false},"author":1,"featured_media":34998,"comment_status":"closed","ping_status":"closed","sticky":false,"template":"","format":"standard","meta":{"_acf_changed":false,"inline_featured_image":false,"_monsterinsights_skip_tracking":false,"_monsterinsights_sitenote_active":false,"_monsterinsights_sitenote_note":"","_monsterinsights_sitenote_category":0,"footnotes":""},"categories":[31],"tags":[],"class_list":["post-34997","post","type-post","status-publish","format-standard","has-post-thumbnail","hentry","category-prnewsinternacional"],"acf":[],"_links":{"self":[{"href":"https:\/\/bluestudio.estadao.com.br\/agencia-de-comunicacao\/wp-json\/wp\/v2\/posts\/34997","targetHints":{"allow":["GET"]}}],"collection":[{"href":"https:\/\/bluestudio.estadao.com.br\/agencia-de-comunicacao\/wp-json\/wp\/v2\/posts"}],"about":[{"href":"https:\/\/bluestudio.estadao.com.br\/agencia-de-comunicacao\/wp-json\/wp\/v2\/types\/post"}],"author":[{"embeddable":true,"href":"https:\/\/bluestudio.estadao.com.br\/agencia-de-comunicacao\/wp-json\/wp\/v2\/users\/1"}],"replies":[{"embeddable":true,"href":"https:\/\/bluestudio.estadao.com.br\/agencia-de-comunicacao\/wp-json\/wp\/v2\/comments?post=34997"}],"version-history":[{"count":0,"href":"https:\/\/bluestudio.estadao.com.br\/agencia-de-comunicacao\/wp-json\/wp\/v2\/posts\/34997\/revisions"}],"wp:featuredmedia":[{"embeddable":true,"href":"https:\/\/bluestudio.estadao.com.br\/agencia-de-comunicacao\/wp-json\/"}],"wp:attachment":[{"href":"https:\/\/bluestudio.estadao.com.br\/agencia-de-comunicacao\/wp-json\/wp\/v2\/media?parent=34997"}],"wp:term":[{"taxonomy":"category","embeddable":true,"href":"https:\/\/bluestudio.estadao.com.br\/agencia-de-comunicacao\/wp-json\/wp\/v2\/categories?post=34997"},{"taxonomy":"post_tag","embeddable":true,"href":"https:\/\/bluestudio.estadao.com.br\/agencia-de-comunicacao\/wp-json\/wp\/v2\/tags?post=34997"}],"curies":[{"name":"wp","href":"https:\/\/api.w.org\/{rel}","templated":true}]}}