{"id":34303,"date":"2021-04-16T05:57:00","date_gmt":"2021-04-16T05:57:00","guid":{"rendered":"http:\/\/patrocinados.estadao.com.br\/medialab\/agenciacomunicacao\/prnewswire\/prnewsinternacional\/pr-newswire-internacional-iniciativas-de-economia-circular-em-todo-o-mundo-nos-aproximam-de-atingir-os-objetivos-de-paris\/"},"modified":"2021-04-16T05:57:00","modified_gmt":"2021-04-16T05:57:00","slug":"pr-newswire-internacional-iniciativas-de-economia-circular-em-todo-o-mundo-nos-aproximam-de-atingir-os-objetivos-de-paris","status":"publish","type":"post","link":"https:\/\/bluestudio.estadao.com.br\/agencia-de-comunicacao\/prnewswire\/prnewsinternacional\/pr-newswire-internacional-iniciativas-de-economia-circular-em-todo-o-mundo-nos-aproximam-de-atingir-os-objetivos-de-paris\/","title":{"rendered":"PR NEWSWIRE &#8211; INTERNACIONAL :: Iniciativas de economia circular em todo o mundo nos aproximam de atingir os objetivos de Paris"},"content":{"rendered":"<div class=\"xn-newslines\">\n<h1 class=\"xn-hedline\">Iniciativas de economia circular em todo o mundo nos aproximam de atingir os objetivos de Paris<\/h1>\n<p class=\"xn-distributor\">PR Newswire<\/p>\n<p class=\"xn-dateline\">HAIA, Holanda, 16 de abril de 2021<\/p>\n<\/div>\n<div class=\"xn-content\">\nHAIA, Holanda, 16 de abril de 2021 \/PRNewswire\/ &#8212; V\u00e1rios compromissos para alcan\u00e7ar uma economia circular mundial foram feitos no F\u00f3rum Mundial de Economia Circular + <span class=\"xn-person\">Clima de<\/span> dois dias de alto n\u00edvel (WCEF+Climate). O ministro do Meio Ambiente da Holanda, Stientje van Veldhoven, declarou: &#8220;Com esta c\u00fapula, garantimos que a circularidade seja vista em todo o mundo como uma parte inextric\u00e1vel da solu\u00e7\u00e3o da crise clim\u00e1tica.&#8221;<\/p>\n<p>A Confer\u00eancia foi organizada em conjunto pela Holanda e pelo Fundo de Inova\u00e7\u00e3o Finland\u00eas, Sitra. Entre os participantes estavam ministros de dezenas de pa\u00edses, representantes de alto n\u00edvel da ONU e representantes de grandes empresas e start-ups.\u00a0&#8220;Devemos separar o crescimento econ\u00f4mico das emiss\u00f5es clim\u00e1ticas e do excesso de consumo. Precisamos de colabora\u00e7\u00e3o global, rumo ao outono e ao F\u00f3rum de Economia Circular Mundial 2021 em <span class=\"xn-location\">Toronto<\/span>, bem como \u00e0 Confer\u00eancia sobre Mudan\u00e7a Clim\u00e1tica da ONU, <span class=\"xn-money\">COP26<\/span>, que ser\u00e1 realizada em <span class=\"xn-location\">Glasgow<\/span>, como parte de uma transi\u00e7\u00e3o circular em dire\u00e7\u00e3o a uma economia de baixo carbono e \u00e0 prova de clima&#8221;, declarou <b><span class=\"xn-person\">Jyrki Katainen<\/span><\/b>, presidente do Fundo de Inova\u00e7\u00e3o Finland\u00eas, Sitra. <\/p>\n<p>O WCEF+Climate demonstrou claramente os esfor\u00e7os mundiais em dire\u00e7\u00e3o a uma economia circular para atingir nossas metas clim\u00e1ticas. Sem uma economia circular, \u00e9 dif\u00edcil atingir os objetivos do Acordo de <span class=\"xn-location\">Paris<\/span>. O uso mais inteligente de mat\u00e9rias-primas, a maior reutiliza\u00e7\u00e3o de mercadorias e a melhor reciclagem podem levar a uma redu\u00e7\u00e3o de 20% nas emiss\u00f5es de CO<sub>2<\/sub> em todo o mundo. <\/p>\n<p><b>Os jovens t\u00eam um impacto <\/b><\/p>\n<p>A We Are Tomorrow Global Partnership, um movimento mundial da juventude, teve um papel importante na Confer\u00eancia. O movimento clim\u00e1tico da juventude holandesa foi colocado \u00e0 mesa: estar\u00e3o envolvidos em discuss\u00f5es pol\u00edticas em dire\u00e7\u00e3o a uma economia circular na Holanda. O presidente <b><span class=\"xn-person\">Werner Schouten<\/span><\/b> declarou: &#8220;Estamos satisfeitos que a voz dos jovens em todo o mundo esteja se tornando cada vez mais importante. E na Holanda, observamos que milhares de jovens desejam fazer uma contribui\u00e7\u00e3o ativa para uma economia circular. O fato de termos permiss\u00e3o para participar de discuss\u00f5es com outras partes interessadas \u00e9 outro passo importante.&#8221;<\/p>\n<p><b>Participantes <\/b><\/p>\n<p>Entre os representantes das Na\u00e7\u00f5es Unidas estavam <span class=\"xn-person\">Amina Mohammed<\/span> (secret\u00e1ria-geral adjunta), <span class=\"xn-person\">Inger Andersen<\/span> (diretora executiva da UNEP) e <span class=\"xn-person\">Achim Steiner<\/span> (administrador, UNDP). Entre os representantes da Comiss\u00e3o Europeia estavam <span class=\"xn-person\">Frans Timmermans<\/span> (vice-presidente executivo). Em mais de 20 sess\u00f5es, dezenas de pa\u00edses e empresas se comprometeram a trabalhar mais pr\u00f3ximo para aumentar o impacto das iniciativas circulares existentes. <\/p>\n<p><a target=\"_blank\" href=\"http:\/\/www.wcefplusclimate.com\/\" rel=\"noopener\">www.wcefplusclimate.com<\/a>\u00a0<\/p>\n<p>\u00a0<\/p>\n<p>\u00a0<\/p>\n<p>FONTE  Netherlands? Ministry of Infrastructure and Water Management and Ministry of Foreign Affairs, and the Finnish Innovation Fund Sitra<\/p>\n<\/div>\n<p><img decoding=\"async\" alt=\"\" src=\"https:\/\/rt.prnewswire.com\/rt.gif?NewsItemId=PT44163&amp;Transmission_Id=202104160456PR_NEWS_LATAM____PT44163&amp;DateId=20210416\" \/><\/p>\n<p>PR NEWSWIRE<\/p>\n","protected":false},"excerpt":{"rendered":"Iniciativas de economia circular em todo o mundo nos aproximam de atingir os objetivos de Paris PR Newswire HAIA, Holanda, 16 de abril de 2021 HAIA, Holanda, 16 de abril de 2021 \/PRNewswire\/ &#8212;","protected":false},"author":1,"featured_media":34304,"comment_status":"closed","ping_status":"closed","sticky":false,"template":"","format":"standard","meta":{"_acf_changed":false,"inline_featured_image":false,"_monsterinsights_skip_tracking":false,"_monsterinsights_sitenote_active":false,"_monsterinsights_sitenote_note":"","_monsterinsights_sitenote_category":0,"footnotes":""},"categories":[31],"tags":[],"class_list":["post-34303","post","type-post","status-publish","format-standard","has-post-thumbnail","hentry","category-prnewsinternacional"],"acf":[],"_links":{"self":[{"href":"https:\/\/bluestudio.estadao.com.br\/agencia-de-comunicacao\/wp-json\/wp\/v2\/posts\/34303","targetHints":{"allow":["GET"]}}],"collection":[{"href":"https:\/\/bluestudio.estadao.com.br\/agencia-de-comunicacao\/wp-json\/wp\/v2\/posts"}],"about":[{"href":"https:\/\/bluestudio.estadao.com.br\/agencia-de-comunicacao\/wp-json\/wp\/v2\/types\/post"}],"author":[{"embeddable":true,"href":"https:\/\/bluestudio.estadao.com.br\/agencia-de-comunicacao\/wp-json\/wp\/v2\/users\/1"}],"replies":[{"embeddable":true,"href":"https:\/\/bluestudio.estadao.com.br\/agencia-de-comunicacao\/wp-json\/wp\/v2\/comments?post=34303"}],"version-history":[{"count":0,"href":"https:\/\/bluestudio.estadao.com.br\/agencia-de-comunicacao\/wp-json\/wp\/v2\/posts\/34303\/revisions"}],"wp:featuredmedia":[{"embeddable":true,"href":"https:\/\/bluestudio.estadao.com.br\/agencia-de-comunicacao\/wp-json\/"}],"wp:attachment":[{"href":"https:\/\/bluestudio.estadao.com.br\/agencia-de-comunicacao\/wp-json\/wp\/v2\/media?parent=34303"}],"wp:term":[{"taxonomy":"category","embeddable":true,"href":"https:\/\/bluestudio.estadao.com.br\/agencia-de-comunicacao\/wp-json\/wp\/v2\/categories?post=34303"},{"taxonomy":"post_tag","embeddable":true,"href":"https:\/\/bluestudio.estadao.com.br\/agencia-de-comunicacao\/wp-json\/wp\/v2\/tags?post=34303"}],"curies":[{"name":"wp","href":"https:\/\/api.w.org\/{rel}","templated":true}]}}