{"id":33702,"date":"2021-04-08T11:27:00","date_gmt":"2021-04-08T11:27:00","guid":{"rendered":"http:\/\/patrocinados.estadao.com.br\/medialab\/agenciacomunicacao\/prnewswire\/prnewsinternacional\/pr-newswire-internacional-sociedade-brasileira-de-reumatologia-sbr-lanca-guia-sobre-a-vacinacao-contra-influenza-gripe-para-pacientes-reumaticos\/"},"modified":"2021-04-08T11:27:00","modified_gmt":"2021-04-08T11:27:00","slug":"pr-newswire-internacional-sociedade-brasileira-de-reumatologia-sbr-lanca-guia-sobre-a-vacinacao-contra-influenza-gripe-para-pacientes-reumaticos","status":"publish","type":"post","link":"https:\/\/bluestudio.estadao.com.br\/agencia-de-comunicacao\/prnewswire\/prnewsinternacional\/pr-newswire-internacional-sociedade-brasileira-de-reumatologia-sbr-lanca-guia-sobre-a-vacinacao-contra-influenza-gripe-para-pacientes-reumaticos\/","title":{"rendered":"PR NEWSWIRE &#8211; INTERNACIONAL :: Sociedade Brasileira de Reumatologia (SBR) lan\u00e7a guia sobre a vacina\u00e7\u00e3o contra Influenza (gripe) para pacientes reum\u00e1ticos"},"content":{"rendered":"<div class=\"xn-newslines\">\n<h1 class=\"xn-hedline\">Sociedade Brasileira de Reumatologia (SBR) lan\u00e7a guia sobre a vacina\u00e7\u00e3o contra Influenza (gripe) para pacientes reum\u00e1ticos<\/h1>\n<p class=\"xn-distributor\">PR Newswire<\/p>\n<p class=\"xn-dateline\">S\u00c3O PAULO, 8 de abril de 2021<\/p>\n<\/div>\n<div class=\"xn-content\">\n<p \/>\n<ul>\n<li><i>A campanha do Programa Nacional de Imuniza\u00e7\u00e3o (PNI) ocorrer\u00e1 entre 12 de abril e 9 de julho.<\/i> <\/li>\n<li><i>Imuniza\u00e7\u00e3o vai proteger essas pessoas que t\u00eam mais risco para a doen\u00e7a e suas complica\u00e7\u00f5es e evitar que os sintomas se confundam com os da covid-19<\/i> <\/li>\n<li><i>Caso a vacina\u00e7\u00e3o INFLUENZA coincida com a contra a covid-19, a SBR orienta o paciente a priorizar a prote\u00e7\u00e3o contra o novo coronav\u00edrus<\/i><\/li>\n<\/ul>\n<p>S\u00c3O PAULO, 8 de abril de 2021 \/PRNewswire\/ &#8212; A Sociedade Brasileira de Reumatologia (SBR) acaba de lan\u00e7ar um guia para a vacina\u00e7\u00e3o contra Influenza para pacientes reum\u00e1ticos.\u00a0<\/p>\n<p>A entidade recomenda a imuniza\u00e7\u00e3o porque as pessoas com doen\u00e7as reum\u00e1ticas apresentam mais risco de ter &#8220;gripe&#8221;,\u00a0infec\u00e7\u00e3o causada pelo v\u00edrus Influenza, e suas complica\u00e7\u00f5es. No contexto da pandemia, a vacina\u00e7\u00e3o tamb\u00e9m evita que os sintomas da gripe se confundam com os da covid-19. Caso haja coincid\u00eancia da vacina\u00e7\u00e3o contra a gripe e contra a covid-19, o paciente deve priorizar a prote\u00e7\u00e3o contra o novo coronav\u00edrus e reagendar a data da imuniza\u00e7\u00e3o contra a gripe, deixando um intervalo de 2 semanas entre as duas vacinas.\u00a0<\/p>\n<p>&#8220;A gripe causada pelo v\u00edrus Influenza \u00e9 respons\u00e1vel pela morte de mais de 600 mil pessoas por ano, sendo potencialmente grave em pacientes com doen\u00e7as reum\u00e1ticas imunomediadas, porque apresentam imunossupress\u00e3o causada pela doen\u00e7a ou por medicamentos&#8221;, afirma o presidente da SBR, <span class=\"xn-person\">Ricardo Xavier<\/span>.\u00a0<\/p>\n<p>O guia\u00a0<i>Campanha 2021 para a Vacina contra a Influenza<\/i>\u00a0foi produzido pela Comiss\u00e3o de Doen\u00e7as End\u00eamicas e Infecciosas da SBR e est\u00e1 dispon\u00edvel para download no portal da entidade por meio do endere\u00e7o\u00a0<a target=\"_blank\" href=\"https:\/\/bit.ly\/3fvgVsw\" rel=\"noopener\">https:\/\/bit.ly\/3fvgVsw<\/a>.\u00a0<\/p>\n<p>A vacina\u00e7\u00e3o contra a gripe j\u00e1 come\u00e7ou nas cl\u00ednicas privadas. Na rede p\u00fablica ocorrer\u00e1 em etapas entre 12 de abril e 9 de julho. No in\u00edcio ser\u00e3o imunizadas as crian\u00e7as, gestantes, pu\u00e9rperas, povos ind\u00edgenas e trabalhadores da sa\u00fade. Em 11 de maio, ser\u00e1 a vez dos idosos com 60 anos ou mais e professores.\u00a0<b>Pessoas com comorbidades, como doen\u00e7as reum\u00e1ticas que apresentam imunossupress\u00e3o, ser\u00e3o vacinadas a partir de 9 de junho.<\/b>\u00a0Fazem parte deste grupo, os pacientes com Doen\u00e7as Reum\u00e1ticas.<\/p>\n<p>A SBR explica que mesmo as pessoas que tiveram covid-19 podem se vacinar contra a gripe. Mas recomenda \u00e0queles que apresentam sintomas compat\u00edveis com os quadros de covid-19 a adiarem\u00a0 a imuniza\u00e7\u00e3o contra a gripe at\u00e9 a recupera\u00e7\u00e3o cl\u00ednica total ou quatro semanas do surgimento do in\u00edcio dos sintomas e\/ou comprova\u00e7\u00e3o da infec\u00e7\u00e3o pelo PCR positivo.\u00a0<\/p>\n<p>A rede p\u00fablica oferece a vacina trivalente, que apresenta prote\u00e7\u00e3o contra as tr\u00eas cepas do v\u00edrus mais prevalentes no Hemisf\u00e9rio Sul. Nas cl\u00ednicas privadas \u00e9 poss\u00edvel encontrar a vacina quadrivalente.\u00a0<\/p>\n<p>A vacina n\u00e3o \u00e9 recomendada para crian\u00e7as menores de seis meses, al\u00e9rgicos a ovo e com hist\u00f3rico de anafilaxia a doses anteriores. As pessoas com febre devem adiar a vacina\u00e7\u00e3o at\u00e9 a resolu\u00e7\u00e3o do quadro.\u00a0<\/p>\n<p><b>Mais sobre a SBR<\/b>\u00a0&#8211;\u00a0A Sociedade Brasileira de Reumatologia \u00e9 uma associa\u00e7\u00e3o civil cient\u00edfica, sem fins lucrativos, que tem por objetivo promover o desenvolvimento cient\u00edfico e da especialidade no Brasil. A SBR \u00e9 respons\u00e1vel pela certifica\u00e7\u00e3o de especialistas em reumatologia, \u00e1rea m\u00e9dica que engloba quase 120 doen\u00e7as inflamat\u00f3rias cr\u00f4nicas.\u00a0\u00c9 filiada \u00e0 \u00a0AMB &#8211; Associa\u00e7\u00e3o M\u00e9dica Brasileira que, \u00a0em 2018, outorgou \u00e0 \u00a0SBR certificado de boas pr\u00e1ticas em gest\u00e3o.\u00a0 Para mais informa\u00e7\u00f5es, basta acessar o endere\u00e7o\u00a0 \u00a0<a target=\"_blank\" href=\"http:\/\/www.reumatologia.org.br\/\" rel=\"noopener\">www.reumatologia.org.br<\/a><\/p>\n<p \/>\n<p \/>\nFONTE  Sociedade Brasileira de Reumatologia<\/p>\n<\/div>\n<p><img decoding=\"async\" alt=\"\" src=\"https:\/\/rt.prnewswire.com\/rt.gif?NewsItemId=PT36505&amp;Transmission_Id=202104081018PR_NEWS_LATAM____PT36505&amp;DateId=20210408\" \/><\/p>\n<p>PR NEWSWIRE<\/p>\n","protected":false},"excerpt":{"rendered":"Sociedade Brasileira de Reumatologia (SBR) lan\u00e7a guia sobre a vacina\u00e7\u00e3o contra Influenza (gripe) para pacientes reum\u00e1ticos PR Newswire S\u00c3O PAULO, 8 de abril de 2021 A campanha do Programa","protected":false},"author":1,"featured_media":33703,"comment_status":"closed","ping_status":"closed","sticky":false,"template":"","format":"standard","meta":{"_acf_changed":false,"inline_featured_image":false,"_monsterinsights_skip_tracking":false,"_monsterinsights_sitenote_active":false,"_monsterinsights_sitenote_note":"","_monsterinsights_sitenote_category":0,"footnotes":""},"categories":[31],"tags":[],"class_list":["post-33702","post","type-post","status-publish","format-standard","has-post-thumbnail","hentry","category-prnewsinternacional"],"acf":[],"_links":{"self":[{"href":"https:\/\/bluestudio.estadao.com.br\/agencia-de-comunicacao\/wp-json\/wp\/v2\/posts\/33702","targetHints":{"allow":["GET"]}}],"collection":[{"href":"https:\/\/bluestudio.estadao.com.br\/agencia-de-comunicacao\/wp-json\/wp\/v2\/posts"}],"about":[{"href":"https:\/\/bluestudio.estadao.com.br\/agencia-de-comunicacao\/wp-json\/wp\/v2\/types\/post"}],"author":[{"embeddable":true,"href":"https:\/\/bluestudio.estadao.com.br\/agencia-de-comunicacao\/wp-json\/wp\/v2\/users\/1"}],"replies":[{"embeddable":true,"href":"https:\/\/bluestudio.estadao.com.br\/agencia-de-comunicacao\/wp-json\/wp\/v2\/comments?post=33702"}],"version-history":[{"count":0,"href":"https:\/\/bluestudio.estadao.com.br\/agencia-de-comunicacao\/wp-json\/wp\/v2\/posts\/33702\/revisions"}],"wp:featuredmedia":[{"embeddable":true,"href":"https:\/\/bluestudio.estadao.com.br\/agencia-de-comunicacao\/wp-json\/"}],"wp:attachment":[{"href":"https:\/\/bluestudio.estadao.com.br\/agencia-de-comunicacao\/wp-json\/wp\/v2\/media?parent=33702"}],"wp:term":[{"taxonomy":"category","embeddable":true,"href":"https:\/\/bluestudio.estadao.com.br\/agencia-de-comunicacao\/wp-json\/wp\/v2\/categories?post=33702"},{"taxonomy":"post_tag","embeddable":true,"href":"https:\/\/bluestudio.estadao.com.br\/agencia-de-comunicacao\/wp-json\/wp\/v2\/tags?post=33702"}],"curies":[{"name":"wp","href":"https:\/\/api.w.org\/{rel}","templated":true}]}}