{"id":32880,"date":"2021-03-26T17:28:00","date_gmt":"2021-03-26T17:28:00","guid":{"rendered":"http:\/\/patrocinados.estadao.com.br\/medialab\/agenciacomunicacao\/prnewswire\/prnewsinternacional\/pr-newswire-internacional-cfc-da-dicas-para-autonomos-e-meis-no-uso-do-novo-auxilio-emergencial\/"},"modified":"2021-03-26T17:28:00","modified_gmt":"2021-03-26T17:28:00","slug":"pr-newswire-internacional-cfc-da-dicas-para-autonomos-e-meis-no-uso-do-novo-auxilio-emergencial","status":"publish","type":"post","link":"https:\/\/bluestudio.estadao.com.br\/agencia-de-comunicacao\/prnewswire\/prnewsinternacional\/pr-newswire-internacional-cfc-da-dicas-para-autonomos-e-meis-no-uso-do-novo-auxilio-emergencial\/","title":{"rendered":"PR NEWSWIRE &#8211; INTERNACIONAL :: CFC d\u00e1 dicas para aut\u00f4nomos e MEIs no uso do novo aux\u00edlio emergencial"},"content":{"rendered":"<div class=\"xn-newslines\">\n<h1 class=\"xn-hedline\">CFC d\u00e1 dicas para aut\u00f4nomos e MEIs no uso do novo aux\u00edlio emergencial<\/h1>\n<h2 class=\"xn-hedline\">Valor menor do aux\u00edlio exige ainda mais planejamento e controle dos gastos<\/h2>\n<p class=\"xn-distributor\">PR Newswire<\/p>\n<p class=\"xn-dateline\">BRAS\u00cdLIA, Brasil, 26 de mar\u00e7o de 2021<\/p>\n<\/div>\n<div class=\"xn-content\">\nBRAS\u00cdLIA, <span class=\"xn-location\">Brasil<\/span>, 26 de mar\u00e7o de 2021 \/PRNewswire\/ &#8212; Foi assinada, neste m\u00eas de mar\u00e7o, a Medida Provis\u00f3ria que institui o aux\u00edlio emergencial para 2021. A MP estabelece, entre outros requisitos, que trabalhadores aut\u00f4nomos e Microempreendedores Individuais (MEI) receber\u00e3o o novo aux\u00edlio a partir de abril, em quatro parcelas.<\/p>\n<p>Para muitos desses pequenos empres\u00e1rios, a nova medida trar\u00e1 certo al\u00edvio para tentar equilibrar as contas no fim do m\u00eas, apesar do valor ser menor que o do aux\u00edlio anterior, avalia o contador Elias Caddah, coordenador do Programa de Voluntariado da Classe Cont\u00e1bil (PVCC), criado pelo Conselho Federal de Contabilidade (CFC). <\/p>\n<p>&#8220;O aux\u00edlio emergencial \u00e9 uma medida criada pelo governo para combater a crise econ\u00f4mica causada pela pandemia do Covid 19. Apesar do aux\u00edlio deste ser bem menor que o anterior, o que indicamos, primeiramente, \u00e9 que as pessoas tenham bastante consci\u00eancia da sua situa\u00e7\u00e3o financeira, principalmente no que diz respeito aos gastos que s\u00e3o fixos, para coloc\u00e1-los em dia&#8221;, orienta Elias.<\/p>\n<p>Para o contador, tamb\u00e9m \u00e9 ideal fazer um planejamento e ter um objetivo do que vai ser pago com esse dinheiro. &#8220;Quando se tem um planejamento or\u00e7ament\u00e1rio \u00e9 poss\u00edvel saber o quanto ser\u00e1 necess\u00e1rio no fim do m\u00eas para pagar as despesas essenciais&#8221;, refor\u00e7a. <\/p>\n<p>Elias relembra que o objetivo deste benef\u00edcio para os trabalhadores informais e microempreendedores \u00e9 dar prote\u00e7\u00e3o financeira durante o per\u00edodo de enfrentamento \u00e0 crise do coronav\u00edrus, em que muitos brasileiros ficaram sem renda devido ao isolamento. <\/p>\n<p><b>Dicas para fazer um planejamento or\u00e7ament\u00e1rio<\/b><\/p>\n<ul>\n<li>Identificar todos os gastos. <\/li>\n<li>Fazer um planejamento das contas. <\/li>\n<li>Ter um objetivo, ver de que maneira poder\u00e1 fazer um bom uso do aux\u00edlio. <\/li>\n<li>Verificar os gastos essenciais e indispens\u00e1veis. <\/li>\n<li>Renegociar poss\u00edveis d\u00e9bitos com credores. <\/li>\n<li>Deixar de fazer gastos que n\u00e3o s\u00e3o essenciais neste momento. <\/li>\n<li>Analisar o que pode ser cortado. <\/li>\n<li>Fazer um controle efetivo para n\u00e3o adquirir mais d\u00edvidas neste momento. <\/li>\n<li>Se poss\u00edvel, ainda fazer uma reserva emergencial, para ter algo guardado em caso de necessidades.<\/li>\n<\/ul>\n<p><b>Sobre o Conselho Federal de Contabilidade (CFC)<\/b><\/p>\n<p>O Conselho Federal de Contabilidade \u00e9 uma Autarquia Especial Corporativa dotada de personalidade jur\u00eddica de direito p\u00fablico e tem, dentre outras finalidades, a responsabilidade de orientar, normatizar e fiscalizar o exerc\u00edcio da profiss\u00e3o cont\u00e1bil, por interm\u00e9dio dos Conselhos Regionais de Contabilidade, cada um em sua base jurisdicional, nos Estados e no <span class=\"xn-location\">Distrito Federal<\/span>; decidir, em \u00faltima inst\u00e2ncia, os recursos de penalidade imposta pelos Conselhos Regionais, al\u00e9m de regular acerca dos princ\u00edpios cont\u00e1beis, do cadastro de qualifica\u00e7\u00e3o t\u00e9cnica e dos programas de educa\u00e7\u00e3o continuada, bem como editar Normas Brasileiras de Contabilidade de natureza t\u00e9cnica e profissional. <\/p>\n<p>FONTE  Conselho Federal de Contabilidade (CFC)<\/p>\n<\/div>\n<p><img decoding=\"async\" alt=\"\" src=\"https:\/\/rt.prnewswire.com\/rt.gif?NewsItemId=PT23798&amp;Transmission_Id=202103261618PR_NEWS_LATAM____PT23798&amp;DateId=20210326\" \/><\/p>\n<p>PR NEWSWIRE<\/p>\n","protected":false},"excerpt":{"rendered":"CFC d\u00e1 dicas para aut\u00f4nomos e MEIs no uso do novo aux\u00edlio emergencial Valor menor do aux\u00edlio exige ainda mais planejamento e controle dos gastos PR Newswire BRAS\u00cdLIA, Brasil, 26 de mar\u00e7o de 2021","protected":false},"author":1,"featured_media":32881,"comment_status":"closed","ping_status":"closed","sticky":false,"template":"","format":"standard","meta":{"_acf_changed":false,"inline_featured_image":false,"_monsterinsights_skip_tracking":false,"_monsterinsights_sitenote_active":false,"_monsterinsights_sitenote_note":"","_monsterinsights_sitenote_category":0,"footnotes":""},"categories":[31],"tags":[],"class_list":["post-32880","post","type-post","status-publish","format-standard","has-post-thumbnail","hentry","category-prnewsinternacional"],"acf":[],"_links":{"self":[{"href":"https:\/\/bluestudio.estadao.com.br\/agencia-de-comunicacao\/wp-json\/wp\/v2\/posts\/32880","targetHints":{"allow":["GET"]}}],"collection":[{"href":"https:\/\/bluestudio.estadao.com.br\/agencia-de-comunicacao\/wp-json\/wp\/v2\/posts"}],"about":[{"href":"https:\/\/bluestudio.estadao.com.br\/agencia-de-comunicacao\/wp-json\/wp\/v2\/types\/post"}],"author":[{"embeddable":true,"href":"https:\/\/bluestudio.estadao.com.br\/agencia-de-comunicacao\/wp-json\/wp\/v2\/users\/1"}],"replies":[{"embeddable":true,"href":"https:\/\/bluestudio.estadao.com.br\/agencia-de-comunicacao\/wp-json\/wp\/v2\/comments?post=32880"}],"version-history":[{"count":0,"href":"https:\/\/bluestudio.estadao.com.br\/agencia-de-comunicacao\/wp-json\/wp\/v2\/posts\/32880\/revisions"}],"wp:featuredmedia":[{"embeddable":true,"href":"https:\/\/bluestudio.estadao.com.br\/agencia-de-comunicacao\/wp-json\/"}],"wp:attachment":[{"href":"https:\/\/bluestudio.estadao.com.br\/agencia-de-comunicacao\/wp-json\/wp\/v2\/media?parent=32880"}],"wp:term":[{"taxonomy":"category","embeddable":true,"href":"https:\/\/bluestudio.estadao.com.br\/agencia-de-comunicacao\/wp-json\/wp\/v2\/categories?post=32880"},{"taxonomy":"post_tag","embeddable":true,"href":"https:\/\/bluestudio.estadao.com.br\/agencia-de-comunicacao\/wp-json\/wp\/v2\/tags?post=32880"}],"curies":[{"name":"wp","href":"https:\/\/api.w.org\/{rel}","templated":true}]}}