{"id":32826,"date":"2021-03-26T09:12:00","date_gmt":"2021-03-26T09:12:00","guid":{"rendered":"https:\/\/bluestudio.estadao.com.br\/agencia-de-comunicacao\/\/2021\/03\/26\/pr-newswire-economia-e-negocios-itiquira-acquisition-corp-anuncia-a-negociacao-separada-de-suas-acoes-ordinarias-de-classe-a-e-os-warrants-titulos-de-garantia-a-partir-de-29-de-marco-de-"},"modified":"2021-03-26T09:12:00","modified_gmt":"2021-03-26T09:12:00","slug":"pr-newswire-economia-e-negocios-itiquira-acquisition-corp-anuncia-a-negociacao-separada-de-suas-acoes-ordinarias-de-classe-a-e-os-warrants-titulos-de-garantia-a-partir-de-29-de-marco-de-2021","status":"publish","type":"post","link":"https:\/\/bluestudio.estadao.com.br\/agencia-de-comunicacao\/prnewswire\/prnewseconomia\/pr-newswire-economia-e-negocios-itiquira-acquisition-corp-anuncia-a-negociacao-separada-de-suas-acoes-ordinarias-de-classe-a-e-os-warrants-titulos-de-garantia-a-partir-de-29-de-marco-de-2021\/","title":{"rendered":"PR NEWSWIRE &#8211; ECONOMIA E NEG\u00d3CIOS :: Itiquira Acquisition Corp. Anuncia a negocia\u00e7\u00e3o separada de suas a\u00e7\u00f5es ordin\u00e1rias de Classe A e os warrants (t\u00edtulos de garantia), a partir de 29 de mar\u00e7o de 2021"},"content":{"rendered":"<div class=\"xn-newslines\">\n<h1 class=\"xn-hedline\">Itiquira Acquisition Corp. Anuncia a negocia\u00e7\u00e3o separada de suas a\u00e7\u00f5es ordin\u00e1rias de Classe A e os warrants (t\u00edtulos de garantia), a partir de 29 de mar\u00e7o de 2021<\/h1>\n<p class=\"xn-distributor\">PR Newswire<\/p>\n<p class=\"xn-dateline\">NOVA YORK, 26 de mar\u00e7o de 2021<\/p>\n<\/div>\n<div class=\"xn-content\">\n<span class=\"xn-person\">NOVA YORK<\/span>, 26 de mar\u00e7o de 2021 \/PRNewswire\/ &#8212;\u00a0Itiquira Acquisition Corp. (NASDAQ: ITQRU) (a &#8220;<u>Empresa<\/u>&#8220;)\u00a0anunciou hoje que, a partir de 29 de mar\u00e7o de 2021, os titulares das unidades (as &#8220;<u>Unidades<\/u>&#8220;) vendidas na oferta p\u00fablica inicial da empresa podem optar por negociar a\u00e7\u00f5es separadamente das a\u00e7\u00f5es ordin\u00e1rias de Classe A (as &#8220;<u>a\u00e7\u00f5es ordin\u00e1rias<\/u>&#8220;) e warrants (os &#8220;<u>warrants<\/u>&#8220;) inclu\u00eddas nas unidades. <\/p>\n<div id=\"prni_dvprnejpg71b5left\"><img decoding=\"async\" alt=\" \" src=\"https:\/\/mma.prnewswire.com\/media\/1432997\/Itiquira_Acquisition_Corp_Logo.jpg\" \/><\/div>\n<p>As a\u00e7\u00f5es ordin\u00e1rias e warrants recebidos das unidades separadas ser\u00e3o negociadas no Nasdaq Capital Market (&#8220;<u>Nasdaq<\/u>&#8220;) sob os s\u00edmbolos &#8220;ITQ&#8221; e &#8220;ITQRW&#8221;, respectivamente. As unidades que n\u00e3o forem separadas continuar\u00e3o a negociar na Nasdaq sob o s\u00edmbolo &#8220;ITQRU&#8221;. N\u00e3o ser\u00e3o emitidos warrants fracion\u00e1rios ap\u00f3s a separa\u00e7\u00e3o das unidades e somente warrants inteiros ser\u00e3o negociados. Os titulares de unidades dever\u00e3o solicitar aos seus corretores que contatem a Continental Stock Transfer &amp; Trust Company, o agente de transfer\u00eancia da Empresa, a fim de separar as unidades em a\u00e7\u00f5es ordin\u00e1rias e warrants.<\/p>\n<p>A Empresa foi formada com o objetivo de efetuar uma fus\u00e3o, integra\u00e7\u00e3o, troca de a\u00e7\u00f5es, aquisi\u00e7\u00e3o de ativos, compra de a\u00e7\u00f5es, reorganiza\u00e7\u00e3o ou combina\u00e7\u00e3o de neg\u00f3cios similar com um ou mais neg\u00f3cios. Embora os esfor\u00e7os da Empresa para identificar uma oportunidade de combina\u00e7\u00e3o de neg\u00f3cios em potencial n\u00e3o se limitem a um determinado setor, ela pretende focar sua busca em um alvo localizado no Brasil em setores com forte potencial de crescimento, com alta correla\u00e7\u00e3o com o crescimento do Brasil, modelos de neg\u00f3cios resilientes, em setores n\u00e3o c\u00edclicos, com tend\u00eancias seculares favor\u00e1veis, incluindo aquelas historicamente mal atendidas pelo governo. Estes incluem, mas n\u00e3o est\u00e3o limitados a, tecnologia, sa\u00fade, produtos farmac\u00eauticos, educa\u00e7\u00e3o e servi\u00e7os ao consumidor.<\/p>\n<p>Este comunicado \u00e0 imprensa n\u00e3o constituir\u00e1 uma oferta de venda ou solicita\u00e7\u00e3o de uma oferta para compra, nem haver\u00e1 qualquer venda desses t\u00edtulos em qualquer estado ou jurisdi\u00e7\u00e3o em que tal oferta, solicita\u00e7\u00e3o ou venda seja ilegal antes do registro ou qualifica\u00e7\u00e3o sob as leis de t\u00edtulos de qualquer estado ou jurisdi\u00e7\u00e3o.<\/p>\n<p><b>Declara\u00e7\u00f5es prospectivas<\/b> <\/p>\n<p>Este comunicado \u00e0 imprensa cont\u00e9m declara\u00e7\u00f5es que constituem &#8220;declara\u00e7\u00f5es prospectivas&#8221;, incluindo com rela\u00e7\u00e3o \u00e0 negocia\u00e7\u00e3o separada antecipada das a\u00e7\u00f5es ordin\u00e1rias\u00a0e warrants da empresa e os planos da Empresa com rela\u00e7\u00e3o ao setor-alvo para uma combina\u00e7\u00e3o de neg\u00f3cios em potencial. Nenhuma garantia pode ser dada de que a Empresa acabar\u00e1 por concluir uma transa\u00e7\u00e3o de combina\u00e7\u00e3o de neg\u00f3cios. As declara\u00e7\u00f5es prospectivas est\u00e3o sujeitas a in\u00fameras condi\u00e7\u00f5es, muitas das quais est\u00e3o al\u00e9m do controle da Empresa, incluindo as estabelecidas na se\u00e7\u00e3o de fatores de risco da declara\u00e7\u00e3o de registro da Empresa e prospecto para a oferta da Empresa apresentada junto \u00e0 Comiss\u00e3o de Valores Mobili\u00e1rios dos EUA (a &#8220;<u>SEC<\/u>&#8220;). C\u00f3pias desses documentos est\u00e3o dispon\u00edveis no site da SEC, no endere\u00e7o <a target=\"_blank\" href=\"https:\/\/c212.net\/c\/link\/?t=0&amp;l=pt&amp;o=3107134-1&amp;h=4279495315&amp;u=https%3A%2F%2Fc212.net%2Fc%2Flink%2F%3Ft%3D0%26l%3Den%26o%3D3107134-1%26h%3D866836227%26u%3Dhttp%253A%252F%252Fwww.sec.gov%252F%26a%3Dwww.sec.gov&amp;a=www.sec.gov\" rel=\"noopener\">www.sec.gov<\/a>.\u00a0A Empresa n\u00e3o assume a obriga\u00e7\u00e3o de atualizar essas declara\u00e7\u00f5es para revis\u00f5es ou altera\u00e7\u00f5es ap\u00f3s a data deste comunicado, exceto conforme exigido por lei.<\/p>\n<p>Logotipo &#8211; <a target=\"_blank\" href=\"https:\/\/c212.net\/c\/link\/?t=0&amp;l=pt&amp;o=3107134-1&amp;h=2164936823&amp;u=https%3A%2F%2Fc212.net%2Fc%2Flink%2F%3Ft%3D0%26l%3Den%26o%3D3107134-1%26h%3D4185407754%26u%3Dhttps%253A%252F%252Fmma.prnewswire.com%252Fmedia%252F1432997%252FItiquira_Acquisition_Corp_Logo.jpg%26a%3Dhttps%253A%252F%252Fmma.prnewswire.com%252Fmedia%252F1432997%252FItiquira_Acquisition_Corp_Logo.jpg&amp;a=https%3A%2F%2Fmma.prnewswire.com%2Fmedia%2F1432997%2FItiquira_Acquisition_Corp_Logo.jpg\" rel=\"noopener\">https:\/\/mma.prnewswire.com\/media\/1432997\/Itiquira_Acquisition_Corp_Logo.jpg<\/a><\/p>\n<p>FONTE  Itiquira Acquisition Corp.<\/p>\n<\/div>\n<p><img decoding=\"async\" alt=\"\" src=\"https:\/\/rt.prnewswire.com\/rt.gif?NewsItemId=PT20043&amp;Transmission_Id=202103260800PR_NEWS_LATAM____PT20043&amp;DateId=20210326\" \/><\/p>\n<p>PR NEWSWIRE<\/p>\n","protected":false},"excerpt":{"rendered":"Itiquira Acquisition Corp. Anuncia a negocia\u00e7\u00e3o separada de suas a\u00e7\u00f5es ordin\u00e1rias de Classe A e os warrants (t\u00edtulos de garantia), a partir de 29 de mar\u00e7o de 2021 PR Newswire NOVA YORK, 26 de","protected":false},"author":1,"featured_media":32827,"comment_status":"closed","ping_status":"closed","sticky":false,"template":"","format":"standard","meta":{"_acf_changed":false,"inline_featured_image":false,"_monsterinsights_skip_tracking":false,"_monsterinsights_sitenote_active":false,"_monsterinsights_sitenote_note":"","_monsterinsights_sitenote_category":0,"footnotes":""},"categories":[29],"tags":[],"class_list":["post-32826","post","type-post","status-publish","format-standard","has-post-thumbnail","hentry","category-prnewseconomia"],"acf":[],"_links":{"self":[{"href":"https:\/\/bluestudio.estadao.com.br\/agencia-de-comunicacao\/wp-json\/wp\/v2\/posts\/32826","targetHints":{"allow":["GET"]}}],"collection":[{"href":"https:\/\/bluestudio.estadao.com.br\/agencia-de-comunicacao\/wp-json\/wp\/v2\/posts"}],"about":[{"href":"https:\/\/bluestudio.estadao.com.br\/agencia-de-comunicacao\/wp-json\/wp\/v2\/types\/post"}],"author":[{"embeddable":true,"href":"https:\/\/bluestudio.estadao.com.br\/agencia-de-comunicacao\/wp-json\/wp\/v2\/users\/1"}],"replies":[{"embeddable":true,"href":"https:\/\/bluestudio.estadao.com.br\/agencia-de-comunicacao\/wp-json\/wp\/v2\/comments?post=32826"}],"version-history":[{"count":0,"href":"https:\/\/bluestudio.estadao.com.br\/agencia-de-comunicacao\/wp-json\/wp\/v2\/posts\/32826\/revisions"}],"wp:featuredmedia":[{"embeddable":true,"href":"https:\/\/bluestudio.estadao.com.br\/agencia-de-comunicacao\/wp-json\/wp\/v2\/media\/32827"}],"wp:attachment":[{"href":"https:\/\/bluestudio.estadao.com.br\/agencia-de-comunicacao\/wp-json\/wp\/v2\/media?parent=32826"}],"wp:term":[{"taxonomy":"category","embeddable":true,"href":"https:\/\/bluestudio.estadao.com.br\/agencia-de-comunicacao\/wp-json\/wp\/v2\/categories?post=32826"},{"taxonomy":"post_tag","embeddable":true,"href":"https:\/\/bluestudio.estadao.com.br\/agencia-de-comunicacao\/wp-json\/wp\/v2\/tags?post=32826"}],"curies":[{"name":"wp","href":"https:\/\/api.w.org\/{rel}","templated":true}]}}