{"id":32768,"date":"2021-03-25T15:58:00","date_gmt":"2021-03-25T15:58:00","guid":{"rendered":"http:\/\/patrocinados.estadao.com.br\/medialab\/agenciacomunicacao\/prnewswire\/prnewsinternacional\/pr-newswire-internacional-marco-o-mes-de-conscientizacao-e-prevencao-cancer-colorretal-uma-doenca-recorrente-na-vida-dos-brasileiros\/"},"modified":"2021-03-25T15:58:00","modified_gmt":"2021-03-25T15:58:00","slug":"pr-newswire-internacional-marco-o-mes-de-conscientizacao-e-prevencao-cancer-colorretal-uma-doenca-recorrente-na-vida-dos-brasileiros","status":"publish","type":"post","link":"https:\/\/bluestudio.estadao.com.br\/agencia-de-comunicacao\/prnewswire\/prnewsinternacional\/pr-newswire-internacional-marco-o-mes-de-conscientizacao-e-prevencao-cancer-colorretal-uma-doenca-recorrente-na-vida-dos-brasileiros\/","title":{"rendered":"PR NEWSWIRE &#8211; INTERNACIONAL :: Mar\u00e7o: o m\u00eas de conscientiza\u00e7\u00e3o e preven\u00e7\u00e3o c\u00e2ncer colorretal, uma doen\u00e7a recorrente na vida dos brasileiros"},"content":{"rendered":"<div class=\"xn-newslines\">\n<h1 class=\"xn-hedline\">Mar\u00e7o: o m\u00eas de conscientiza\u00e7\u00e3o e preven\u00e7\u00e3o c\u00e2ncer colorretal, uma doen\u00e7a recorrente na vida dos brasileiros<\/h1>\n<h2 class=\"xn-hedline\">Campanha alerta sobre os riscos e a import\u00e2ncia do diagn\u00f3stico de um dos tipos de c\u00e2ncer mais comum entre homens e mulheres.<\/h2>\n<p class=\"xn-distributor\">PR Newswire<\/p>\n<p class=\"xn-dateline\">S\u00c3O PAULO, 25 de mar\u00e7o de 2021<\/p>\n<\/div>\n<div class=\"xn-content\">\nS\u00c3O PAULO, 25 de\u00a0mar\u00e7o de 2021 \/PRNewswire\/ &#8212;\u00a0 O c\u00e2ncer colorretal \u00e9 um tumor maligno que se desenvolve no intestino grosso, especificamente nas regi\u00f5es do c\u00f3lon, reto e \u00e2nus. No Brasil, a estimativa para 2020-2022, aponta que ocorrer\u00e3o 41 mil casos de c\u00e2ncer de colo e reto, sendo o quarto mais incidente, apenas a frente de pele n\u00e3o melanoma, mama e pr\u00f3stata<sup>1<\/sup>. Por esse motivo a campanha <span class=\"xn-person\">Azul Marinho<\/span>, realizada em mar\u00e7o e apoiada pela Amgen, refor\u00e7a a import\u00e2ncia da preven\u00e7\u00e3o, diagn\u00f3stico e tratamento do c\u00e2ncer do intestino ou colorretal, um dos tr\u00eas tipos de tumor que mais atinge os brasileiros.<\/p>\n<p>Um fator preocupante e que vem retardando o diagn\u00f3stico s\u00e3o os impactos da pandemia no tratamento oncol\u00f3gico. Cerca de 74% dos m\u00e9dicos oncologistas tiveram pelo menos um paciente que precisou interromper ou adiar o tratamento por mais de um m\u00eas. Al\u00e9m disso, 10% dos oncologistas afirmaram que a redu\u00e7\u00e3o dos pacientes oncol\u00f3gicos foi entre 40% a 60%<sup>2 <\/sup>durante a pandemia, reafirmando que foi um momento que retardou o diagn\u00f3stico e o in\u00edcio dos cuidados necess\u00e1rios.<\/p>\n<p>Apesar deste c\u00e2ncer estar relacionado a fatores de risco como obesidade, tabagismo, alcoolismo e consumo excessivo de carne vermelha e ser predominante na faixa et\u00e1ria adulta, geralmente acometendo pessoas acima de 50 anos, o agravante \u00e9 que com a pandemia estes pacientes n\u00e3o est\u00e3o buscando assist\u00eancia m\u00e9dica.\u00a0&#8220;Em 2019, o Brasil teve mais de 20 mil casos de \u00f3bitos por casos de c\u00e2ncer colorretal<sup>3<\/sup> e, a situa\u00e7\u00e3o torna-se ainda mais preocupante com o envelhecimento populacional e a dificuldade de assist\u00eancia t\u00e9cnica durante o \u00faltimo ano, podendo aumentar a taxa de diagn\u00f3sticos tardios e consequentemente a mortalidade pela doen\u00e7a&#8221; explica Maria Ignez Braghiroli, m\u00e9dica oncologista e pesquisadora na rede D&#8217;Or.<\/p>\n<p>Por ser uma doen\u00e7a silenciosa, o c\u00e2ncer colorretal, em geral, s\u00f3 d\u00e1 sinais quando est\u00e1 em est\u00e1gios mais avan\u00e7ados, sendo que os principais sintomas s\u00e3o: altera\u00e7\u00e3o do ritmo intestinal; sangramento nas fezes; dor ou desconforto abdominal; tumora\u00e7\u00e3o abdominal e perda de peso sem causa aparente. Esses sinais tamb\u00e9m podem estar presentes em outras enfermidades, portanto, \u00e9 importante estar atento e buscar aux\u00edlio m\u00e9dico para investiga\u00e7\u00e3o adequada. Quando realizado o diagnosticado precoce, o c\u00e2ncer colorretal apresenta grandes chances de cura. Por este motivo, diversas institui\u00e7\u00f5es preconizam exames de rastreamento que incluem pesquisa de sangue oculto nas fezes e teste de DNA fecal, colonoscopia e retossigmoidoscopia.<\/p>\n<p>O tratamento da doen\u00e7a depende do grau de invas\u00e3o, localiza\u00e7\u00e3o e da extens\u00e3o do tumor, mas, a cirurgia para retirada da parte afetada \u00e9 geralmente a primeira etapa e, ap\u00f3s, pode ser necess\u00e1rio a complementa\u00e7\u00e3o com quimioterapia com intuito de diminuir a possibilidade de recidiva do tumor\u00b2. Em casos espec\u00edficos como tumores do reto, a radioterapia tamb\u00e9m pode ser necess\u00e1ria.<\/p>\n<p><b>Como prevenir o c\u00e2ncer colorretal<\/b><\/p>\n<p>Fazer exames regularmente de acordo com a recomenda\u00e7\u00e3o do seu m\u00e9dico \u00e9 um passo importante para a preven\u00e7\u00e3o do c\u00e2ncer colorretal. &#8221;A detec\u00e7\u00e3o precoce do c\u00e2ncer visa encontrar o tumor em fase inicial, para que assim, possibilite maior chance de tratamento e cura da doen\u00e7a&#8221; afirma a especialista.<\/p>\n<p>Al\u00e9m disso, tendo em vista que o c\u00e2ncer colorretal tem rela\u00e7\u00f5es com o estilo de vida, \u00e9 poss\u00edvel preveni-lo com mudan\u00e7as nos h\u00e1bitos alimentares. Evitar carnes processadas e vermelhas, ter uma dieta rica em fibras e manter o peso adequado para a idade e altura, s\u00e3o estrat\u00e9gias para evitar a doen\u00e7a.<\/p>\n<p>A Amgen, comprometida em melhorar a vida dos pacientes e suas fam\u00edlias, busca transformar o tratamento do c\u00e2ncer por meio de parcerias que possibilitem que o paciente certo receba a terapia certa no momento certo. Neste contexto de mais de um ano de pandemia, a empresa disponibilizar\u00e1 durante o mar\u00e7o Marinho a campanha #seucorpofala, que inclui informa\u00e7\u00f5es sobre o c\u00e2ncer colorretal. O objetivo \u00e9 conscientizar a popula\u00e7\u00e3o sobre os fatores de risco da neoplasia em diferentes plataformas como a TV Minuto, dispon\u00edvel em vag\u00f5es do Metr\u00f4 SP e nas redes sociais por meio de uma parceria com o Instituto Oncoguia e o Portal Dr\u00e1uzio Varella.<\/p>\n<p><sup>1 <\/sup><a target=\"_blank\" href=\"https:\/\/www.inca.gov.br\/estimativa\/introducao#:~:text=Para%20o%20Brasil%2C%20a%20estimativa,c%C3%A2ncer%20de%20pele%20n%C3%A3o%20melanoma\" rel=\"noopener\">https:\/\/www.inca.gov.br\/estimativa\/introducao#:~:text=Para%20o%20Brasil%2C%20a%20estimativa,c%C3%A2ncer%20de%20pele%20n%C3%A3o%20melanoma<\/a>). <\/p>\n<p><sup>2<\/sup> <a target=\"_blank\" href=\"https:\/\/sboc.org.br\/noticias\/item\/2099-pesquisa-sboc-74-dos-oncologistas-observaram-interrupcao-do-tratamento-durante-a-pandemia\" rel=\"noopener\">https:\/\/sboc.org.br\/noticias\/item\/2099-pesquisa-sboc-74-dos-oncologistas-observaram-interrupcao-do-tratamento-durante-a-pandemia<\/a> <\/p>\n<p><sup>3<\/sup> <a target=\"_blank\" href=\"https:\/\/www.inca.gov.br\/numeros-de-cancer\" rel=\"noopener\">https:\/\/www.inca.gov.br\/numeros-de-cancer<\/a> <\/p>\n<p>FONTE  Amgen<\/p>\n<\/div>\n<p><img decoding=\"async\" alt=\"\" src=\"https:\/\/rt.prnewswire.com\/rt.gif?NewsItemId=PT20486&amp;Transmission_Id=202103251446PR_NEWS_LATAM____PT20486&amp;DateId=20210325\" \/><\/p>\n<p>PR NEWSWIRE<\/p>\n","protected":false},"excerpt":{"rendered":"Mar\u00e7o: o m\u00eas de conscientiza\u00e7\u00e3o e preven\u00e7\u00e3o c\u00e2ncer colorretal, uma doen\u00e7a recorrente na vida dos brasileiros Campanha alerta sobre os riscos e a import\u00e2ncia do diagn\u00f3stico de um dos tipos de","protected":false},"author":1,"featured_media":32769,"comment_status":"closed","ping_status":"closed","sticky":false,"template":"","format":"standard","meta":{"_acf_changed":false,"inline_featured_image":false,"_monsterinsights_skip_tracking":false,"_monsterinsights_sitenote_active":false,"_monsterinsights_sitenote_note":"","_monsterinsights_sitenote_category":0,"footnotes":""},"categories":[31],"tags":[],"class_list":["post-32768","post","type-post","status-publish","format-standard","has-post-thumbnail","hentry","category-prnewsinternacional"],"acf":[],"_links":{"self":[{"href":"https:\/\/bluestudio.estadao.com.br\/agencia-de-comunicacao\/wp-json\/wp\/v2\/posts\/32768","targetHints":{"allow":["GET"]}}],"collection":[{"href":"https:\/\/bluestudio.estadao.com.br\/agencia-de-comunicacao\/wp-json\/wp\/v2\/posts"}],"about":[{"href":"https:\/\/bluestudio.estadao.com.br\/agencia-de-comunicacao\/wp-json\/wp\/v2\/types\/post"}],"author":[{"embeddable":true,"href":"https:\/\/bluestudio.estadao.com.br\/agencia-de-comunicacao\/wp-json\/wp\/v2\/users\/1"}],"replies":[{"embeddable":true,"href":"https:\/\/bluestudio.estadao.com.br\/agencia-de-comunicacao\/wp-json\/wp\/v2\/comments?post=32768"}],"version-history":[{"count":0,"href":"https:\/\/bluestudio.estadao.com.br\/agencia-de-comunicacao\/wp-json\/wp\/v2\/posts\/32768\/revisions"}],"wp:featuredmedia":[{"embeddable":true,"href":"https:\/\/bluestudio.estadao.com.br\/agencia-de-comunicacao\/wp-json\/"}],"wp:attachment":[{"href":"https:\/\/bluestudio.estadao.com.br\/agencia-de-comunicacao\/wp-json\/wp\/v2\/media?parent=32768"}],"wp:term":[{"taxonomy":"category","embeddable":true,"href":"https:\/\/bluestudio.estadao.com.br\/agencia-de-comunicacao\/wp-json\/wp\/v2\/categories?post=32768"},{"taxonomy":"post_tag","embeddable":true,"href":"https:\/\/bluestudio.estadao.com.br\/agencia-de-comunicacao\/wp-json\/wp\/v2\/tags?post=32768"}],"curies":[{"name":"wp","href":"https:\/\/api.w.org\/{rel}","templated":true}]}}