{"id":32515,"date":"2021-03-23T22:58:00","date_gmt":"2021-03-23T22:58:00","guid":{"rendered":"http:\/\/patrocinados.estadao.com.br\/medialab\/agenciacomunicacao\/prnewswire\/prnewsbrasil\/pr-newswire-brasil-os-condicionadores-de-ar-saudaveis-da-haier-ocupam-o-primeiro-lugar-em-tres-categorias-de-prestigio-da-euromonitor-international\/"},"modified":"2021-03-23T22:58:00","modified_gmt":"2021-03-23T22:58:00","slug":"pr-newswire-brasil-os-condicionadores-de-ar-saudaveis-da-haier-ocupam-o-primeiro-lugar-em-tres-categorias-de-prestigio-da-euromonitor-international","status":"publish","type":"post","link":"https:\/\/bluestudio.estadao.com.br\/agencia-de-comunicacao\/prnewswire\/prnewsbrasil\/pr-newswire-brasil-os-condicionadores-de-ar-saudaveis-da-haier-ocupam-o-primeiro-lugar-em-tres-categorias-de-prestigio-da-euromonitor-international\/","title":{"rendered":"PR NEWSWIRE &#8211; BRASIL :: Os condicionadores de ar saud\u00e1veis da Haier ocupam o primeiro lugar em tr\u00eas categorias de prest\u00edgio da Euromonitor International"},"content":{"rendered":"<div class=\"xn-newslines\">\n<h1 class=\"xn-hedline\">Os condicionadores de ar saud\u00e1veis da Haier ocupam o primeiro lugar em tr\u00eas categorias de prest\u00edgio da Euromonitor International<\/h1>\n<h2 class=\"xn-hedline\">Nova tecnologia de gest\u00e3o de ar saud\u00e1vel estabelece refer\u00eancia do setor na AWE 2021 em Xangai<\/h2>\n<p class=\"xn-distributor\">PR Newswire<\/p>\n<p class=\"xn-dateline\">XANGAI, 23 de mar\u00e7o de 2021<\/p>\n<\/div>\n<div class=\"xn-content\">\nXANGAI, 23 de mar\u00e7o de 2021 \/PRNewswire\/ &#8212; A Haier Smart Home (&#8220;Haier&#8221;, Xangai: 600690), a marca de eletrodom\u00e9sticos l\u00edder mundial e desenvolvedora de ecossistemas de casas inteligentes, foi premiada com o primeiro lugar em tr\u00eas categorias na classifica\u00e7\u00e3o de principal marca de eletrodom\u00e9sticos global da Euromonitor International, na AWE 2021 em Xangai. <\/p>\n<ul>\n<li>Haier \u00e9 a marca n\u00famero um de condicionadores de ar saud\u00e1veis autolimpantes do mundo, com uma participa\u00e7\u00e3o de mercado superior a 46% em termos de volume de vendas em 2020 <\/li>\n<li>A Haier \u00e9 a marca n\u00famero um de condicionadores de ar conectados (incluindo ar-condicionado inteligente) do mundo, com uma participa\u00e7\u00e3o de mercado superior a 31% em termos de volume de vendas em 2020. <\/li>\n<li>A Haier \u00e9 a marca chinesa n\u00famero um para condicionadores de ar em termos de volume de vendas no mercado externo (excluindo a China Continental) em 2020.<\/li>\n<\/ul>\n<p>\u00a0<\/p>\n<div class=\"PRN_ImbeddedAssetReference\" id=\"DivAssetPlaceHolder3745\">\n<a href=\"https:\/\/mma.prnewswire.com\/media\/1471925\/Haier_s_Healthy_Air_Conditioners_Rank_Number_One_Three_Prestigious_Euromonitor.html\" target=\"_blank\" rel=\"noopener\"><img decoding=\"async\" src=\"https:\/\/mma.prnewswire.com\/media\/1471925\/Haier_s_Healthy_Air_Conditioners_Rank_Number_One_Three_Prestigious_Euromonitor.jpg\" alt=\"Os condicionadores de ar saud\u00e1veis da Haier ocupam o primeiro lugar em tr\u00eas categorias de prest\u00edgio da Euromonitor International. (PRNewsfoto\/Haier Smart Home)\" \/><\/a><\/p>\n<\/div>\n<p>Al\u00e9m disso, os condicionadores de ar Haier tamb\u00e9m apresentaram sua nova tecnologia para gest\u00e3o de ar saud\u00e1vel, abrindo uma nova categoria de condicionadores de ar saud\u00e1veis e estabelecendo uma refer\u00eancia no setor. <\/p>\n<p>A Haier apresentou seus novos condicionadores de ar por meio de uma vasta s\u00e9rie de cen\u00e1rios de ar saud\u00e1vel e de sono saud\u00e1vel, na AWE 2021 Xangai. Ela ilustrou como sua tecnologia de gest\u00e3o de ar saud\u00e1vel est\u00e1 capacitando uma nova gera\u00e7\u00e3o de condicionadores de ar com fun\u00e7\u00f5es de ponta, como lavagem de ar, modo de sono saud\u00e1vel e comunica\u00e7\u00e3o de campo pr\u00f3ximo (NFC). <\/p>\n<p>Os condicionadores de ar com o recurso de lavagem de ar podem eliminar sete poluentes comuns no ar (PM2.5, formalde\u00eddo, bact\u00e9rias, fiapos, odores, \u00e1caro e p\u00f3len), ao mesmo tempo em que liberam 10 mil \u00edons negativos e mol\u00e9culas de \u00e1gua que ajudam a umidificar o c\u00f4modo. Podem lavar o ar uma vez por hora sem consumir nenhum recurso. <\/p>\n<p>Enquanto isso, o Leishen\u00a0Air Conditioner oferece tr\u00eas caracter\u00edsticas excepcionais. O vento inteligente diminui rapidamente a temperatura sem soprar diretamente nas pessoas, enquanto o modo de aquecimento do ch\u00e3o aquece de baixo para cima. A tecnologia inteligente capacitada por IA permite que os usu\u00e1rios personalizem a configura\u00e7\u00e3o para se adequar naturalmente a diferentes modos com base nos padr\u00f5es e est\u00e1gios do sono, a fim de garantir descanso de qualidade e fortalecer o sistema imunol\u00f3gico. <\/p>\n<p>Gra\u00e7as a uma cabine de esteriliza\u00e7\u00e3o, o ar-condicionado sopra apenas ar puro, ao mesmo tempo em que se mant\u00e9m limpo. Enquanto isso, o controle inteligente por voz permite que os usu\u00e1rios configurem temporizadores ou lembretes utilizando a voz e tamb\u00e9m obtenham a previs\u00e3o do tempo e outros servi\u00e7os, criando uma experi\u00eancia agrad\u00e1vel e inteligente. Por \u00faltimo, a temperatura de 360 graus garante a mesma temperatura em todo o c\u00f4modo, com uma diferen\u00e7a insignificante de no m\u00e1ximo 0,5\u00b0C. <\/p>\n<p>Ar-condicionado da Haier integrado com\u00a0tomada de decis\u00e3o orientada por IA garante a melhor experi\u00eancia poss\u00edvel em termos de ar, vida e eletrodom\u00e9stico. Ele n\u00e3o apenas regula a qualidade do ar e gerencia o conforto para toda a casa, mas os usu\u00e1rios tamb\u00e9m podem interagir com seus condicionadores de ar, configurando lembretes e dando comandos que conseguem uma ampla variedade de tarefas realizadas como parte do ecossistema de casa inteligente da Haier. Como um equipamento inteligente, esses condicionadores de ar est\u00e3o muito equipados com seus pr\u00f3prios cinco sentidos, percebendo e gerenciando a qualidade do ar de ambientes internos, condi\u00e7\u00f5es clim\u00e1ticas externas, funcionamento do ar condicionado, cen\u00e1rios de usu\u00e1rios e tarefas de equipamentos dom\u00e9sticos.\u00a0 <\/p>\n<p>Para atender \u00e0s expectativas do consumidor moderno por experi\u00eancias inteligentes, saud\u00e1veis e eficientes, a Haier continua inovando seus condicionadores de ar, bem como sua oferta de casas inteligentes, de modo a garantir tranquilidade para a casa inteira.<\/p>\n<p>Para mais informa\u00e7\u00f5es, acesse <a target=\"_blank\" href=\"https:\/\/c212.net\/c\/link\/?t=0&amp;l=pt&amp;o=3105751-1&amp;h=4189284850&amp;u=https%3A%2F%2Fc212.net%2Fc%2Flink%2F%3Ft%3D0%26l%3Den%26o%3D3105751-1%26h%3D670610689%26u%3Dhttp%253A%252F%252Fwww.haier.net%252Fen%252F%26a%3Dhttp%253A%252F%252Fwww.haier.net%252Fen%252F&amp;a=http%3A%2F%2Fwww.haier.net%2Fen%2F\" rel=\"noopener\">http:\/\/www.haier.net\/en\/<\/a><\/p>\n<p>Foto &#8211; <a target=\"_blank\" href=\"https:\/\/c212.net\/c\/link\/?t=0&amp;l=pt&amp;o=3105751-1&amp;h=2527531375&amp;u=https%3A%2F%2Fmma.prnewswire.com%2Fmedia%2F1471925%2FHaier_s_Healthy_Air_Conditioners_Rank_Number_One_Three_Prestigious_Euromonitor.jpg&amp;a=https%3A%2F%2Fmma.prnewswire.com%2Fmedia%2F1471925%2FHaier_s_Healthy_Air_Conditioners_Rank_Number_One_Three_Prestigious_Euromonitor.jpg\" rel=\"noopener\">https:\/\/mma.prnewswire.com\/media\/1471925\/Haier_s_Healthy_Air_Conditioners_Rank_Number_One_Three_Prestigious_Euromonitor.jpg<\/a><\/p>\n<p>\u00a0<\/p>\n<div class=\"PRN_ImbeddedAssetReference\" id=\"DivAssetPlaceHolder0\"><\/div>\n<p>FONTE  Haier Smart Home<\/p>\n<\/div>\n<p><img decoding=\"async\" alt=\"\" src=\"https:\/\/rt.prnewswire.com\/rt.gif?NewsItemId=PT18612&amp;Transmission_Id=202103232154PR_NEWS_LATAM____PT18612&amp;DateId=20210323\" \/><\/p>\n<p>PR NEWSWIRE<\/p>\n","protected":false},"excerpt":{"rendered":"Os condicionadores de ar saud\u00e1veis da Haier ocupam o primeiro lugar em tr\u00eas categorias de prest\u00edgio da Euromonitor International Nova tecnologia de gest\u00e3o de ar saud\u00e1vel estabelece refer\u00eancia do","protected":false},"author":1,"featured_media":32516,"comment_status":"closed","ping_status":"closed","sticky":false,"template":"","format":"standard","meta":{"_acf_changed":false,"inline_featured_image":false,"_monsterinsights_skip_tracking":false,"_monsterinsights_sitenote_active":false,"_monsterinsights_sitenote_note":"","_monsterinsights_sitenote_category":0,"footnotes":""},"categories":[28],"tags":[],"class_list":["post-32515","post","type-post","status-publish","format-standard","has-post-thumbnail","hentry","category-prnewsbrasil"],"acf":[],"_links":{"self":[{"href":"https:\/\/bluestudio.estadao.com.br\/agencia-de-comunicacao\/wp-json\/wp\/v2\/posts\/32515","targetHints":{"allow":["GET"]}}],"collection":[{"href":"https:\/\/bluestudio.estadao.com.br\/agencia-de-comunicacao\/wp-json\/wp\/v2\/posts"}],"about":[{"href":"https:\/\/bluestudio.estadao.com.br\/agencia-de-comunicacao\/wp-json\/wp\/v2\/types\/post"}],"author":[{"embeddable":true,"href":"https:\/\/bluestudio.estadao.com.br\/agencia-de-comunicacao\/wp-json\/wp\/v2\/users\/1"}],"replies":[{"embeddable":true,"href":"https:\/\/bluestudio.estadao.com.br\/agencia-de-comunicacao\/wp-json\/wp\/v2\/comments?post=32515"}],"version-history":[{"count":0,"href":"https:\/\/bluestudio.estadao.com.br\/agencia-de-comunicacao\/wp-json\/wp\/v2\/posts\/32515\/revisions"}],"wp:featuredmedia":[{"embeddable":true,"href":"https:\/\/bluestudio.estadao.com.br\/agencia-de-comunicacao\/wp-json\/wp\/v2\/media\/32516"}],"wp:attachment":[{"href":"https:\/\/bluestudio.estadao.com.br\/agencia-de-comunicacao\/wp-json\/wp\/v2\/media?parent=32515"}],"wp:term":[{"taxonomy":"category","embeddable":true,"href":"https:\/\/bluestudio.estadao.com.br\/agencia-de-comunicacao\/wp-json\/wp\/v2\/categories?post=32515"},{"taxonomy":"post_tag","embeddable":true,"href":"https:\/\/bluestudio.estadao.com.br\/agencia-de-comunicacao\/wp-json\/wp\/v2\/tags?post=32515"}],"curies":[{"name":"wp","href":"https:\/\/api.w.org\/{rel}","templated":true}]}}