{"id":32253,"date":"2021-03-20T12:57:00","date_gmt":"2021-03-20T12:57:00","guid":{"rendered":"http:\/\/patrocinados.estadao.com.br\/medialab\/agenciacomunicacao\/prnewswire\/prnewsinternacional\/pr-newswire-internacional-the-craft-irish-whiskey-co-estabelece-o-recorde-de-colecao-de-uisque-mais-cara-do-mundo-em-parceria-com-a-faberge\/"},"modified":"2021-03-20T12:57:00","modified_gmt":"2021-03-20T12:57:00","slug":"pr-newswire-internacional-the-craft-irish-whiskey-co-estabelece-o-recorde-de-colecao-de-uisque-mais-cara-do-mundo-em-parceria-com-a-faberge","status":"publish","type":"post","link":"https:\/\/bluestudio.estadao.com.br\/agencia-de-comunicacao\/prnewswire\/prnewsinternacional\/pr-newswire-internacional-the-craft-irish-whiskey-co-estabelece-o-recorde-de-colecao-de-uisque-mais-cara-do-mundo-em-parceria-com-a-faberge\/","title":{"rendered":"PR NEWSWIRE &#8211; INTERNACIONAL :: The Craft Irish Whiskey Co. Estabelece o recorde de cole\u00e7\u00e3o de u\u00edsque mais cara do mundo em parceria com a Faberg\u00e9"},"content":{"rendered":"<div class=\"xn-newslines\">\n<h1 class=\"xn-hedline\">The Craft Irish Whiskey Co. Estabelece o recorde de cole\u00e7\u00e3o de u\u00edsque mais cara do mundo em parceria com a Faberg\u00e9<\/h1>\n<p class=\"xn-distributor\">PR Newswire<\/p>\n<p class=\"xn-dateline\">LONDRES, 20 de mar\u00e7o de 2021<\/p>\n<\/div>\n<div class=\"xn-content\">\n<i>U\u00edsque irland\u00eas puro malte triplamente destilado mais raro e o primeiro Ovo Celta Faberg\u00e9 s\u00e3o vendidos por 2 milh\u00f5es de d\u00f3lares<\/i>\u00a0<\/p>\n<p>LONDRES, 20 de mar\u00e7o de 2021 \/PRNewswire\/ &#8212; Foi estabelecido um novo recorde mundial de conjunto de colecionador de u\u00edsque mais caro do mundo, ap\u00f3s a revela\u00e7\u00e3o global<b>\u00a0<\/b>da t\u00e3o esperada &#8220;The Emerald Isle Collection&#8221; da\u00a0<a target=\"_blank\" href=\"https:\/\/www.craftirishwhiskey.com\/\" rel=\"noopener\">The Craft Irish Whiskey Co.<\/a>, em parceria com a\u00a0<a target=\"_blank\" href=\"https:\/\/www.faberge.com\/\" rel=\"noopener\">Faberg\u00e9<\/a>.\u00a0\u00a0 <\/p>\n<div id=\"prni_dvprnejpg8d01left\"><img decoding=\"async\" alt=\"The Craft Irish Whiskey Co. \" src=\"https:\/\/mma.prnewswire.com\/media\/1459955\/Craft_Irish_Whiskey.jpg\" \/><\/div>\n<p>O lan\u00e7amento inaugural dessas caixas altamente limitadas estabeleceu um recorde mundial em 2 milh\u00f5es de d\u00f3lares. O lance final e a venda privada da primeira caixa Emerald Isle a ser lan\u00e7ada foi garantida em conjunto, no dia de S\u00e3o Patr\u00edcio (17 de mar\u00e7o), pelos colecionadores de Faberg\u00e9 da cidade de <span class=\"xn-location\">Houston<\/span>, James e <span class=\"xn-person\">Korrine Whipkey<\/span>, e um grupo de investidores privados liderados por <span class=\"xn-person\">Scott H. Weissman<\/span>. <span class=\"xn-location\">Como<\/span> parte dessa venda, todo o lucro ir\u00e1 para a Funda\u00e7\u00e3o Correa Family, uma institui\u00e7\u00e3o de apoio a crian\u00e7as com c\u00e2ncer presidida pelo grande astro da liga de beisebol <span class=\"xn-person\">Carlos Correa<\/span>.<\/p>\n<p>As outras seis caixas Emerald Isle ser\u00e3o lan\u00e7adas em leil\u00f5es e eventos em cidades importantes ao longo de 2021.<\/p>\n<p><span class=\"xn-person\">Jay Bradley<\/span>, fundador do The Craft Irish Whiskey Co., comentou:<b><i>\u00a0<\/i><\/b><i>&#8220;Minha empresa compartilha a mesma vis\u00e3o de marca da Faberg\u00e9: criar beleza atemporal e um legado duradouro. Estou muito feliz por ter estabelecido um recorde mundial, pela segunda vez em tr\u00eas meses\u00a0e orgulhoso de poder doar todo o lucro dessa venda para a Funda\u00e7\u00e3o Correa Family, uma causa muito pr\u00f3xima ao meu cora\u00e7\u00e3o, j\u00e1 que minha pr\u00f3pria filha foi diagnosticada com neuroblastoma, um tipo raro de c\u00e2ncer, quando tinha apenas cinco meses de idade. Gra\u00e7as \u00e0s institui\u00e7\u00f5es de caridade como a Funda\u00e7\u00e3o Correa Family, hoje ela \u00e9 uma jovem saud\u00e1vel de 19 anos, e estou honrado por poder apoiar a funda\u00e7\u00e3o por meio dessa contribui\u00e7\u00e3o.&#8221;<\/i><\/p>\n<p><span class=\"xn-person\">Carlos Correa<\/span>, presidente da Funda\u00e7\u00e3o Correa Family, disse:\u00a0<i>&#8220;Sou muito grato \u00e0 The Craft Irish Whiskey Co. e\u00a0a <span class=\"xn-person\">Jay Bradley<\/span> por serem generosos a ponto de doarem o primeiro lan\u00e7amento da The Emerald Isle para nossa funda\u00e7\u00e3o. \u00c9 uma enorme contribui\u00e7\u00e3o para a Funda\u00e7\u00e3o Correa Family e mudar\u00e1 milhares de vidas. Ver uma crian\u00e7a doente lutar contra o c\u00e2ncer e o que isso\u00a0faz com suas\u00a0fam\u00edlias\u00a0em tempos normais \u00e9 comovente, e algo que Jay e sua fam\u00edlia sofreram diretamente, mas passar por isso durante uma pandemia global \u00e9 realmente inimagin\u00e1vel.&#8221;\u00a0<\/i><\/p>\n<p>A generosa doa\u00e7\u00e3o dar\u00e1 apoio a pacientes carentes com c\u00e2ncer infantil. A institui\u00e7\u00e3o de caridade ajuda a cobrir despesas di\u00e1rias, incluindo alimenta\u00e7\u00e3o, transporte e aluguel para mais de 15.000 crian\u00e7as com c\u00e2ncer.\u00a0<\/p>\n<p>&#8220;The Emerald Isle Collection&#8221; \u00e9 o segundo lan\u00e7amento da The Craft Irish Whiskey Co., ap\u00f3s o lan\u00e7amento do &#8220;The Devil&#8217;s Keep&#8221; ? um u\u00edsque puro malte de 29 anos, triplamente destilado ? que tamb\u00e9m estabeleceu um recorde mundial de lan\u00e7amento inaugural mais caro quando foi leiloado em novembro de 2020 por 60 mil d\u00f3lares (aproximadamente 46 mil libras\/<span class=\"xn-money\">51 mil euros<\/span>). &#8220;The Emerald Isle Collection&#8221; agora assume a coroa de u\u00edsque irland\u00eas puro malte mais antigo e raro do mundo, composto por um conjunto personalizado de sete garrafas de u\u00edsque que celebra as &#8220;Sete Maravilhas da Irlanda&#8221;.<\/p>\n<p>Lindamente apresentado em uma caixa de nogueira escura, cada conjunto inclui uma garrafa de u\u00edsque irland\u00eas 30 anos de malte \u00fanico, triplamente destilado, acompanhado de duas cria\u00e7\u00f5es exclusivas da Faberg\u00e9 ? o in\u00e9dito Ovo Celta Faberg\u00e9 e o rel\u00f3gio Faberg\u00e9 1\/1 feito sob medida. Cada cole\u00e7\u00e3o inclui tamb\u00e9m um umidor com dois charutos Cohiba Siglo VI Grand Reserva (2009) ultrarraros, esgotados e de edi\u00e7\u00e3o limitada. Com classifica\u00e7\u00e3o superior de 100\/100, \u00e9 o <span class=\"xn-person\">Santo Graal<\/span> dos colecion\u00e1veis de charutos e seu valor aumentou em mais de 1.200% na \u00faltima d\u00e9cada. Tamb\u00e9m inclui um cortador de charutos banhado a ouro, uma pipeta de \u00e1gua banhada a ouro, pedras puras de u\u00edsque de obsidiana, uma garrafa de bolso com uma amostra do u\u00edsque Emerald Isle e uma garrafa com \u00e1gua de nascente irlandesa da mesma regi\u00e3o onde o u\u00edsque foi feito.<\/p>\n<p>Cada caixa foi inspirada no formato de uma esmeralda e apresenta uma ilustra\u00e7\u00e3o de uma das &#8220;maravilhas&#8221; da Irlanda e suas coordenadas geogr\u00e1ficas, tornando cada caixa \u00fanica. Dentro de cada caixa est\u00e1 a pi\u00e8ce de resistance, a garrafa de u\u00edsque artesanal contendo o &#8220;ouro l\u00edquido&#8221; ? um item de colecionador por direito, design inspirado no Ovo de Galinha Imperial Faberg\u00e9 de 1885. Todas as garrafas de u\u00edsque s\u00e3o acompanhadas por um Ovo Celta Faberg\u00e9 in\u00e9dito. Cada ovo \u00e9 feito \u00e0 m\u00e3o em ouro amarelo <span class=\"xn-money\">18k<\/span> e tem o lend\u00e1rio esmalte guilhoch\u00e9 da Faberg\u00e9 em verde pastel; as cores verde, branco e dourado do ovo simbolizam a bandeira irlandesa. Dentro, uma surpresa \u00fanica aguarda no formato de uma esmeralda zambiana da Gemfields bruta e sem lapida\u00e7\u00e3o.\u00a0 Isso representa uma caracter\u00edstica que \u00e9 verdadeiramente hist\u00f3rica, pois \u00e9 a primeira vez que a Faberg\u00e9 apresenta uma gema sem lapida\u00e7\u00e3o como a surpresa do ovo. A joia sem lapida\u00e7\u00e3o pode ser personalizada pela Faberg\u00e9 para se tornar uma pe\u00e7a de joia Faberg\u00e9 exclusiva e sofisticada.<\/p>\n<p>Est\u00e3o dispon\u00edveis para visualiza\u00e7\u00e3o as entrevistas no Zoom com o fundador Jay Bradley,\u00a0fundador da The Craft Irish Whiskey Co.\u00a0<\/p>\n<p>Mais imagens e informa\u00e7\u00f5es:\u00a0Laura Westmacott, Mercury Communications, <a target=\"_blank\" href=\"mailto:ciwc@mercurycomms.com\" rel=\"noopener\">ciwc@mercurycomms.com<\/a><u>, <\/u>+(0) 44 7786 837 339<\/p>\n<p>Foto &#8211; <a target=\"_blank\" href=\"https:\/\/mma.prnewswire.com\/media\/1459955\/Craft_Irish_Whiskey.jpg\" rel=\"noopener\">https:\/\/mma.prnewswire.com\/media\/1459955\/Craft_Irish_Whiskey.jpg<\/a>\u00a0 <\/p>\n<p>\u00a0<\/p>\n<p>\u00a0<\/p>\n<p>FONTE  The Craft Irish Whiskey Co.<\/p>\n<\/div>\n<p><img decoding=\"async\" alt=\"\" src=\"https:\/\/rt.prnewswire.com\/rt.gif?NewsItemId=PT15685&amp;Transmission_Id=202103201151PR_NEWS_LATAM____PT15685&amp;DateId=20210320\" \/><\/p>\n<p>PR NEWSWIRE<\/p>\n","protected":false},"excerpt":{"rendered":"The Craft Irish Whiskey Co. Estabelece o recorde de cole\u00e7\u00e3o de u\u00edsque mais cara do mundo em parceria com a Faberg\u00e9 PR Newswire LONDRES, 20 de mar\u00e7o de 2021 U\u00edsque irland\u00eas puro malte","protected":false},"author":1,"featured_media":32254,"comment_status":"closed","ping_status":"closed","sticky":false,"template":"","format":"standard","meta":{"_acf_changed":false,"inline_featured_image":false,"_monsterinsights_skip_tracking":false,"_monsterinsights_sitenote_active":false,"_monsterinsights_sitenote_note":"","_monsterinsights_sitenote_category":0,"footnotes":""},"categories":[31],"tags":[],"class_list":["post-32253","post","type-post","status-publish","format-standard","has-post-thumbnail","hentry","category-prnewsinternacional"],"acf":[],"_links":{"self":[{"href":"https:\/\/bluestudio.estadao.com.br\/agencia-de-comunicacao\/wp-json\/wp\/v2\/posts\/32253","targetHints":{"allow":["GET"]}}],"collection":[{"href":"https:\/\/bluestudio.estadao.com.br\/agencia-de-comunicacao\/wp-json\/wp\/v2\/posts"}],"about":[{"href":"https:\/\/bluestudio.estadao.com.br\/agencia-de-comunicacao\/wp-json\/wp\/v2\/types\/post"}],"author":[{"embeddable":true,"href":"https:\/\/bluestudio.estadao.com.br\/agencia-de-comunicacao\/wp-json\/wp\/v2\/users\/1"}],"replies":[{"embeddable":true,"href":"https:\/\/bluestudio.estadao.com.br\/agencia-de-comunicacao\/wp-json\/wp\/v2\/comments?post=32253"}],"version-history":[{"count":0,"href":"https:\/\/bluestudio.estadao.com.br\/agencia-de-comunicacao\/wp-json\/wp\/v2\/posts\/32253\/revisions"}],"wp:featuredmedia":[{"embeddable":true,"href":"https:\/\/bluestudio.estadao.com.br\/agencia-de-comunicacao\/wp-json\/"}],"wp:attachment":[{"href":"https:\/\/bluestudio.estadao.com.br\/agencia-de-comunicacao\/wp-json\/wp\/v2\/media?parent=32253"}],"wp:term":[{"taxonomy":"category","embeddable":true,"href":"https:\/\/bluestudio.estadao.com.br\/agencia-de-comunicacao\/wp-json\/wp\/v2\/categories?post=32253"},{"taxonomy":"post_tag","embeddable":true,"href":"https:\/\/bluestudio.estadao.com.br\/agencia-de-comunicacao\/wp-json\/wp\/v2\/tags?post=32253"}],"curies":[{"name":"wp","href":"https:\/\/api.w.org\/{rel}","templated":true}]}}